{"id":39308,"date":"2025-08-07T05:28:21","date_gmt":"2025-08-07T09:28:21","guid":{"rendered":"https:\/\/noticiasveraces.com\/?p=39308"},"modified":"2025-08-07T05:28:21","modified_gmt":"2025-08-07T09:28:21","slug":"detienen-en-alemania-a-tres-presuntos-ciudadanos-del-reich-dw-07-08-2025","status":"publish","type":"post","link":"https:\/\/noticiasveraces.com\/?p=39308","title":{"rendered":"Detienen en Alemania a tres presuntos \u00abciudadanos del Reich\u00bb \u2013 DW \u2013 07\/08\/2025"},"content":{"rendered":"<p> \n<\/p>\n<div data-tracking-name=\"rich-text\" data-tracking-skip=\"true\">\n<p>Tres personas han sido detenidas este jueves (7.08.2025) en Alemania en relaci\u00f3n con la trama en torno al presunto l\u00edder golpista Enrique XIII, pr\u00edncipe de Reuss, un empresario activo en el movimiento extremista de los \u00abReichsb\u00fcrger\u00bb o \u00abCiudadanos del Reich\u00bb, que no reconocen la legitimidad del Estado alem\u00e1n actual, y cuyo grupo fue desmantelado en 2022.<\/p>\n<p>Los tres hombres fueron detenidos bajo la sospecha de integraci\u00f3n en grupo terrorista y de preparar un acto de alta traici\u00f3n, en el curso de una acci\u00f3n coordinada de la polic\u00eda en las regiones de Baviera, Sajonia y Turingia (sur y este del pa\u00eds) y por orden de la Fiscal\u00eda General de M\u00fanich, seg\u00fan un comunicado policial.<\/p>\n<p>Como parte de la operaci\u00f3n se registraron ocho inmuebles relacionados con los tres detenidos, as\u00ed como con otros dos varones y una mujer, con edades comprendidas entre los 40 y los 61 a\u00f1os, de los que se cree que son parte de la trama, y las fuerzas del orden confiscaron dispositivos electr\u00f3nicos as\u00ed como objetos \u00absujetos a la ley de armamento\u00bb, de acuerdo con la nota.<\/p>\n<figure class=\"placeholder-image master_landscape big\"><img data-format=\"MASTER_LANDSCAPE\" data-id=\"69506617\" data-url=\"https:\/\/static.dw.com\/image\/69506617_${formatId}.jpg\" data-aspect-ratio=\"16\/9\" alt=\"Enrique XIII, pr\u00edncipe de Reuss, l\u00edder extremista y golpista del movimiento &quot;Ciudadanos del Reich&quot; en Alemania, durante un juicio al que se enfrent\u00f3 en Fr\u00e1ncfort del Meno.\" style=\"padding-bottom: 56.25%; height: 0; max-height: 0;\"\/><figcaption class=\"img-caption\">Enrique XIII, pr\u00edncipe de Reuss, l\u00edder extremista y golpista del movimiento \u00abCiudadanos del Reich\u00bb en Alemania.<small class=\"copyright\">Imagen: Boris Roessler\/DPA-Pool\/Picture Alliance <\/small><\/figcaption><\/figure>\n<h2>Supuestos preparativos para ataque al Parlamento alem\u00e1n<\/h2>\n<p>Estos seis individuos, que fueron identificados en el curso reciente de las investigaciones, participaron en 2022 en un entrenamiento con armas de fuego en unas antiguas instalaciones del Ej\u00e9rcito cerca de Bayreuth (sur), inform\u00f3 la Polic\u00eda.<\/p>\n<p><span data-slot-id=\"Article_InContent-1\" class=\"rich-text-ad\"\/><\/p>\n<p>Se cree que estas pr\u00e1cticas de tiro formaban parte de los preparativos para el posible ataque contra el Bundestag, la C\u00e1mara Baja del Parlamento, que deb\u00eda producirse el \u00abd\u00eda X\u00bb designado por el grupo en torno a Reuss, con el objetivo de derrocar al Gobierno.<\/p>\n<p>El juicio contra nueve presuntos cabecillas del colectivo desmantelado en diciembre de 2022 comenz\u00f3 en mayo del a\u00f1o pasado ante la Audiencia territorial de Fr\u00e1ncfort (centro-oeste de Alemania).<\/p>\n<figure class=\"placeholder-image master_landscape big\"><img data-format=\"MASTER_LANDSCAPE\" data-id=\"72526378\" data-url=\"https:\/\/static.dw.com\/image\/72526378_${formatId}.jpg\" data-aspect-ratio=\"16\/9\" alt=\"Pasaporte hecho por los &quot;Ciudadanos del Reich&quot;junto a s\u00edmbolos de ese movimiento extremista y golpista de Alemania.\" style=\"padding-bottom: 56.25%; height: 0; max-height: 0;\"\/><figcaption class=\"img-caption\">Pasaporte hecho por los \u00abCiudadanos del Reich\u00bb, junto a s\u00edmbolos de ese movimiento extremista y golpista de Alemania.<small class=\"copyright\">Imagen: Christian Ohde\/Chromorange\/Picture Alliance<\/small><\/figcaption><\/figure>\n<p>Seg\u00fan la Fiscal\u00eda, el arist\u00f3crata Enrique XIII, un empresario activo en el sector inmobiliario y en la producci\u00f3n de champ\u00e1n, se dispon\u00eda a ejercer de \u00abjefe de Estado\u00bb, en caso de que triunfara el cambio de r\u00e9gimen que deseaban poner en marcha los extremistas.<\/p>\n<p>En abril del a\u00f1o pasado comenz\u00f3 tambi\u00e9n ante la Audiencia territorial de Stuttgart (sur) otro juicio contra otros nueve presuntos integrantes de la banda, a los que se considera representantes de su brazo armado, mientras que meses m\u00e1s tarde arranc\u00f3 otro proceso ante la Audiencia territorial de M\u00fanich (sur).<\/p>\n<p>En la lista de acusados en esta supuesta tentativa golpista figuran entre otros la exjueza Birgit Malsack-Winkemann, exdiputada del partido de ultraderecha Alternativa para Alemania (AfD), adem\u00e1s de varios exsoldados del Ej\u00e9rcito germano.<\/p>\n<p>Los \u00abReichsb\u00fcrger\u00bb son un movimiento heterog\u00e9neo que por lo general rechaza la legitimidad de la Rep\u00fablica Federal Alemana en base a diversas teor\u00edas de la conspiraci\u00f3n y aspira a reemplazarla por un Estado de corte autoritario y valores conservadores o ultranacionalistas.<\/p>\n<p>CP (EFE, DPA, AFP)<\/p>\n<\/div>\n\n","protected":false},"excerpt":{"rendered":"<p>Tres personas han sido detenidas este jueves (7.08.2025) en Alemania en relaci\u00f3n con la trama en torno al presunto l\u00edder golpista Enrique XIII, pr\u00edncipe de Reuss, un empresario activo en el movimiento extremista de los \u00abReichsb\u00fcrger\u00bb o \u00abCiudadanos del Reich\u00bb, que no reconocen la legitimidad del Estado alem\u00e1n actual, y cuyo grupo fue desmantelado en &hellip;<\/p>\n","protected":false},"author":1,"featured_media":39309,"comment_status":"open","ping_status":"open","sticky":false,"template":"","format":"standard","meta":{"fifu_image_url":"https:\/\/static.dw.com\/image\/73556252_6.jpg","fifu_image_alt":"","footnotes":""},"categories":[13],"tags":[],"class_list":["post-39308","post","type-post","status-publish","format-standard","has-post-thumbnail","","category-mundo"],"_links":{"self":[{"href":"https:\/\/noticiasveraces.com\/index.php?rest_route=\/wp\/v2\/posts\/39308","targetHints":{"allow":["GET"]}}],"collection":[{"href":"https:\/\/noticiasveraces.com\/index.php?rest_route=\/wp\/v2\/posts"}],"about":[{"href":"https:\/\/noticiasveraces.com\/index.php?rest_route=\/wp\/v2\/types\/post"}],"author":[{"embeddable":true,"href":"https:\/\/noticiasveraces.com\/index.php?rest_route=\/wp\/v2\/users\/1"}],"replies":[{"embeddable":true,"href":"https:\/\/noticiasveraces.com\/index.php?rest_route=%2Fwp%2Fv2%2Fcomments&post=39308"}],"version-history":[{"count":0,"href":"https:\/\/noticiasveraces.com\/index.php?rest_route=\/wp\/v2\/posts\/39308\/revisions"}],"wp:featuredmedia":[{"embeddable":true,"href":"https:\/\/noticiasveraces.com\/index.php?rest_route=\/wp\/v2\/media\/39309"}],"wp:attachment":[{"href":"https:\/\/noticiasveraces.com\/index.php?rest_route=%2Fwp%2Fv2%2Fmedia&parent=39308"}],"wp:term":[{"taxonomy":"category","embeddable":true,"href":"https:\/\/noticiasveraces.com\/index.php?rest_route=%2Fwp%2Fv2%2Fcategories&post=39308"},{"taxonomy":"post_tag","embeddable":true,"href":"https:\/\/noticiasveraces.com\/index.php?rest_route=%2Fwp%2Fv2%2Ftags&post=39308"}],"curies":[{"name":"wp","href":"https:\/\/api.w.org\/{rel}","templated":true}]}}