{"id":39295,"date":"2025-08-07T03:13:27","date_gmt":"2025-08-07T07:13:27","guid":{"rendered":"https:\/\/noticiasveraces.com\/?p=39295"},"modified":"2025-08-07T03:13:27","modified_gmt":"2025-08-07T07:13:27","slug":"phil-collins-dice-que-paul-mccartney-mostro-verdaderos-colores-con-brutal-excavacion-musica-entretenimiento","status":"publish","type":"post","link":"https:\/\/noticiasveraces.com\/?p=39295","title":{"rendered":"Phil Collins dice que Paul McCartney mostr\u00f3 &#8216;verdaderos colores&#8217; con brutal excavaci\u00f3n | M\u00fasica | Entretenimiento"},"content":{"rendered":"<p> \n<\/p>\n<div>\n<p>No todos en la industria de la m\u00fasica se llevan bien, incluso cuando son dos de las figuras m\u00e1s reconocibles en el rock brit\u00e1nico.<\/p>\n<p>En 2016, Phil Collins revel\u00f3 que su primer encuentro con Sir Paul McCartney, un m\u00fasico que hab\u00eda admirado durante mucho tiempo, era cualquier cosa menos el encuentro de sue\u00f1o que imagin\u00f3.<\/p>\n<p>El cantante &#8216;In the Air Tonight&#8217; abri\u00f3 sobre la experiencia en una entrevista con The Sunday Times y m\u00e1s tarde con NME. Collins, que hab\u00eda construido una carrera como uno de los artistas en solitario m\u00e1s exitosos del mundo y como baterista y l\u00edder de Genesis, dijo que sus sentimientos hacia McCartney cambiaron despu\u00e9s de su primer encuentro en el Palacio de Buckingham en 2002.<\/p>\n<p>La ocasi\u00f3n fue grande, las celebraciones del Jubileo de Oro de la Reina, y Collins, luego en sus 50 a\u00f1os, estaba trabajando en el evento.<\/p>\n<p>\u00abLo conoc\u00ed cuando trabajaba en la fiesta del Palacio de Buckingham en 2002\u00bb, record\u00f3 Collins. \u00abMcCartney se le ocurri\u00f3 a Heather Mills y tuve una primera edici\u00f3n de The Beatles de Hunter Davies, y dije: &#8216;Hola Paul, \u00bfte importa firmar esto por m\u00ed?'\u00bb<\/p>\n<\/div>\n<div>\n<p>La respuesta, sin embargo, no era lo que Collins esperaba. \u00ab\u00c9l dijo: &#8216;Oh, Heather, nuestro peque\u00f1o Phil es un poco fan\u00e1tico de los Beatles'\u00bb, dijo Collins al peri\u00f3dico. \u00abY pens\u00e9, &#8216;t\u00fa, t\u00fa fk&#8217;. Nunca lo olvid\u00e9 \u00ab.<\/p>\n<p>El comentario dej\u00f3 a Collins aturdido. McCartney, explic\u00f3, hab\u00eda sido uno de sus h\u00e9roes musicales, alguien cuyo trabajo con los Beatles ayud\u00f3 a dar forma al propio amor de Collins por la composici\u00f3n y el rendimiento.<\/p>\n<p>Pero el comentario, tal como lo vio, llevaba un aire de condescendencia. \u00ab\u00c9l tiene esto cuando te habla, donde te hace sentir &#8230; [like]\u00bbS\u00e9 que esto debe ser dif\u00edcil para ti, porque soy un Beatle\u00bb.<\/p>\n<\/div>\n<div>\n<p>\u00ab&#8216;Soy Paul McCartney y debe ser muy dif\u00edcil para ti mantener una conversaci\u00f3n conmigo'\u00bb.<\/p>\n<p>Collins admiti\u00f3 que McCartney luego se acerc\u00f3 a \u00e9l despu\u00e9s del incidente, pero dijo que la respuesta fue m\u00e1s despectiva que conciliadora.<\/p>\n<p>\u00abCiertamente no recib\u00ed ninguna flores de \u00e9l\u00bb, le dijo a NME. \u00abObtuve m\u00e1s de un\u00bb vamos a seguir con nuestras vidas \u00ab. Si la gente no le dice a la gente que a veces su actitud podr\u00eda ser un poco mejor, entonces no mejorar\u00e1s \u00ab.<\/p>\n<\/div>\n\n","protected":false},"excerpt":{"rendered":"<p>No todos en la industria de la m\u00fasica se llevan bien, incluso cuando son dos de las figuras m\u00e1s reconocibles en el rock brit\u00e1nico. En 2016, Phil Collins revel\u00f3 que su primer encuentro con Sir Paul McCartney, un m\u00fasico que hab\u00eda admirado durante mucho tiempo, era cualquier cosa menos el encuentro de sue\u00f1o que imagin\u00f3. &hellip;<\/p>\n","protected":false},"author":1,"featured_media":39296,"comment_status":"open","ping_status":"open","sticky":false,"template":"","format":"standard","meta":{"fifu_image_url":"https:\/\/cdn.images.express.co.uk\/img\/dynamic\/35\/1200x630\/6342731.jpg","fifu_image_alt":"","footnotes":""},"categories":[766],"tags":[],"class_list":["post-39295","post","type-post","status-publish","format-standard","has-post-thumbnail","","category-musica"],"_links":{"self":[{"href":"https:\/\/noticiasveraces.com\/index.php?rest_route=\/wp\/v2\/posts\/39295","targetHints":{"allow":["GET"]}}],"collection":[{"href":"https:\/\/noticiasveraces.com\/index.php?rest_route=\/wp\/v2\/posts"}],"about":[{"href":"https:\/\/noticiasveraces.com\/index.php?rest_route=\/wp\/v2\/types\/post"}],"author":[{"embeddable":true,"href":"https:\/\/noticiasveraces.com\/index.php?rest_route=\/wp\/v2\/users\/1"}],"replies":[{"embeddable":true,"href":"https:\/\/noticiasveraces.com\/index.php?rest_route=%2Fwp%2Fv2%2Fcomments&post=39295"}],"version-history":[{"count":0,"href":"https:\/\/noticiasveraces.com\/index.php?rest_route=\/wp\/v2\/posts\/39295\/revisions"}],"wp:featuredmedia":[{"embeddable":true,"href":"https:\/\/noticiasveraces.com\/index.php?rest_route=\/wp\/v2\/media\/39296"}],"wp:attachment":[{"href":"https:\/\/noticiasveraces.com\/index.php?rest_route=%2Fwp%2Fv2%2Fmedia&parent=39295"}],"wp:term":[{"taxonomy":"category","embeddable":true,"href":"https:\/\/noticiasveraces.com\/index.php?rest_route=%2Fwp%2Fv2%2Fcategories&post=39295"},{"taxonomy":"post_tag","embeddable":true,"href":"https:\/\/noticiasveraces.com\/index.php?rest_route=%2Fwp%2Fv2%2Ftags&post=39295"}],"curies":[{"name":"wp","href":"https:\/\/api.w.org\/{rel}","templated":true}]}}