{"id":39274,"date":"2025-08-07T00:22:15","date_gmt":"2025-08-07T04:22:15","guid":{"rendered":"https:\/\/noticiasveraces.com\/?p=39274"},"modified":"2025-08-07T00:22:15","modified_gmt":"2025-08-07T04:22:15","slug":"el-mundo-vivio-este-ano-su-tercer-julio-mas-caluroso-dw-07-08-2025","status":"publish","type":"post","link":"https:\/\/noticiasveraces.com\/?p=39274","title":{"rendered":"El mundo vivi\u00f3 este a\u00f1o su tercer julio m\u00e1s caluroso \u2013 DW \u2013 07\/08\/2025"},"content":{"rendered":"<p> \n<\/p>\n<div data-tracking-name=\"rich-text\" data-tracking-skip=\"true\">\n<p>El mundo registr\u00f3 en 2025 su tercer julio m\u00e1s caluroso tras dos a\u00f1os de temperaturas r\u00e9cord para ese mes, aunque varias regiones se vieron devastadas por climas extremos, inform\u00f3 el jueves (07.08.2025) el servicio europeo de monitoreo clim\u00e1tico.<\/p>\n<p>Intensas lluvias causaron inundaciones en Pakist\u00e1n y el norte de China, mientras Canad\u00e1, Escocia y Grecia enfrentaron incendios y varios pa\u00edses de Asia y Escandinavia registraron temperaturas r\u00e9cord en julio.<\/p>\n<p>\u00abDos a\u00f1os despu\u00e9s del julio m\u00e1s caluroso en registro, se rompi\u00f3 una cadena de temperaturas r\u00e9cord mundiales\u00bb, dijo en un comunicado Carlo Buontempo, director del Servicio de Cambio Clim\u00e1tico Copernicus, de la Uni\u00f3n Europea.<\/p>\n<p>\u00abPero eso no significa que el cambio clim\u00e1tico haya terminado. Seguimos presenciando los efectos de un mundo que se calienta\u00bb, agreg\u00f3.<\/p>\n<h2>Calor extremo y lluvias torrenciales<\/h2>\n<p>El mes pasado, la temperatura excedi\u00f3 los 50 \u00baC en el Golfo, Irak y, por primera vez, Turqu\u00eda, mientras aguaceros torrenciales mataron a cientos de personas en China y Pakist\u00e1n.<\/p>\n<p>En Espa\u00f1a, m\u00e1s de 1.000 muertes se atribuyeron al calor de julio, la mitad que el mismo per\u00edodo de 2024, seg\u00fan un organismo p\u00fablico.<\/p>\n<p>La principal fuente del CO2 que provoca el aumento de temperatura es la quema de petr\u00f3leo, carb\u00f3n y gas para generar electricidad.<\/p>\n<p>\u00abA menos que estabilicemos r\u00e1pidamente las concentraciones de gas de efecto invernadero en la atm\u00f3sfera, tendremos que esperar no solo nuevas temperaturas r\u00e9cord sino tambi\u00e9n el agravamiento de su impacto\u00bb, advirti\u00f3 Buontempo.<\/p>\n<p>M\u00e1s de la mitad de Europa y la regi\u00f3n del Mediterr\u00e1neo experimentaron las peores condiciones de sequ\u00eda en la primera parte de julio desde que comenz\u00f3 el monitoreo en 2012, seg\u00fan un an\u00e1lisis de la AFP con datos del Observatorio Europeo de Sequ\u00edas.<\/p>\n<p>En contraste, las temperaturas estuvieron por debajo de lo normal en Am\u00e9rica del Sur y Norte, India y partes de Australia y \u00c1frica, as\u00ed como la Ant\u00e1rtida.<\/p>\n<p>GS (AFP, Reuters)<\/p>\n<\/div>\n\n","protected":false},"excerpt":{"rendered":"<p>El mundo registr\u00f3 en 2025 su tercer julio m\u00e1s caluroso tras dos a\u00f1os de temperaturas r\u00e9cord para ese mes, aunque varias regiones se vieron devastadas por climas extremos, inform\u00f3 el jueves (07.08.2025) el servicio europeo de monitoreo clim\u00e1tico. Intensas lluvias causaron inundaciones en Pakist\u00e1n y el norte de China, mientras Canad\u00e1, Escocia y Grecia enfrentaron &hellip;<\/p>\n","protected":false},"author":1,"featured_media":39275,"comment_status":"open","ping_status":"open","sticky":false,"template":"","format":"standard","meta":{"fifu_image_url":"https:\/\/static.dw.com\/image\/73151839_6.jpg","fifu_image_alt":"","footnotes":""},"categories":[13],"tags":[],"class_list":["post-39274","post","type-post","status-publish","format-standard","has-post-thumbnail","","category-mundo"],"_links":{"self":[{"href":"https:\/\/noticiasveraces.com\/index.php?rest_route=\/wp\/v2\/posts\/39274","targetHints":{"allow":["GET"]}}],"collection":[{"href":"https:\/\/noticiasveraces.com\/index.php?rest_route=\/wp\/v2\/posts"}],"about":[{"href":"https:\/\/noticiasveraces.com\/index.php?rest_route=\/wp\/v2\/types\/post"}],"author":[{"embeddable":true,"href":"https:\/\/noticiasveraces.com\/index.php?rest_route=\/wp\/v2\/users\/1"}],"replies":[{"embeddable":true,"href":"https:\/\/noticiasveraces.com\/index.php?rest_route=%2Fwp%2Fv2%2Fcomments&post=39274"}],"version-history":[{"count":0,"href":"https:\/\/noticiasveraces.com\/index.php?rest_route=\/wp\/v2\/posts\/39274\/revisions"}],"wp:featuredmedia":[{"embeddable":true,"href":"https:\/\/noticiasveraces.com\/index.php?rest_route=\/wp\/v2\/media\/39275"}],"wp:attachment":[{"href":"https:\/\/noticiasveraces.com\/index.php?rest_route=%2Fwp%2Fv2%2Fmedia&parent=39274"}],"wp:term":[{"taxonomy":"category","embeddable":true,"href":"https:\/\/noticiasveraces.com\/index.php?rest_route=%2Fwp%2Fv2%2Fcategories&post=39274"},{"taxonomy":"post_tag","embeddable":true,"href":"https:\/\/noticiasveraces.com\/index.php?rest_route=%2Fwp%2Fv2%2Ftags&post=39274"}],"curies":[{"name":"wp","href":"https:\/\/api.w.org\/{rel}","templated":true}]}}