{"id":39269,"date":"2025-08-06T22:19:26","date_gmt":"2025-08-07T02:19:26","guid":{"rendered":"https:\/\/noticiasveraces.com\/?p=39269"},"modified":"2025-08-06T22:19:26","modified_gmt":"2025-08-07T02:19:26","slug":"hombre-marroqui-arrestado-por-profanar-el-memorial-de-la-guerra-de-paris-con-cigarrillo","status":"publish","type":"post","link":"https:\/\/noticiasveraces.com\/?p=39269","title":{"rendered":"Hombre marroqu\u00ed arrestado por profanar el Memorial de la Guerra de Par\u00eds con cigarrillo"},"content":{"rendered":"<p> \n<\/p>\n<div>\n<div id=\"beyondwords-wrapper\" class=\"beyondwords-wrapper\">\n<p><span class=\"label-bg\">NUEVO<\/span>\u00a1Ahora puedes escuchar art\u00edculos de Fox News!\n  <\/p>\n<\/div>\n<p class=\"speakable\">Seg\u00fan los informes, Francia despoj\u00f3 el permiso de residencia de un hombre que encendi\u00f3 un cigarrillo en un monumento de guerra en Par\u00eds despu\u00e9s de que lo atraparon por la c\u00e1mara. <\/p>\n<p class=\"speakable\">El ministro del Interior, Bruno Retailleau, calific\u00f3 el martes las acciones de un hombre marroqu\u00ed de 47 a\u00f1os \u00abindecente y pat\u00e9tico\u00bb despu\u00e9s de su arresto. El video de \u00e9l encendi\u00f3 un cigarrillo debajo del muy visitado Arc de Triunfe provoc\u00f3 indignaci\u00f3n despu\u00e9s de que circul\u00f3. <\/p>\n<p>\u00abEl hombre que profan\u00f3 la tumba del soldado desconocido al encender un cigarrillo con la llama conmemorativa fue arrestado en Par\u00eds por violar un sitio de entierro, tumba, urna o monumento erigido en memoria de los muertos. Fue detenido y admiti\u00f3 los hechos,\u00bb el ministro de Interior, Bruno Retailleau, escribi\u00f3 en X.<\/p>\n<p><strong><u>Francia para deportar a la mujer palestina sobre un puesto antisemita con Hitler, detiene las evacuaciones de Gaza<\/u><\/strong><\/p>\n<div class=\"image-ct inline\">\n<div class=\"m\"><picture><source media=\"(max-width: 767px)\" srcset=\"https:\/\/a57.foxnews.com\/static.foxnews.com\/foxnews.com\/content\/uploads\/2025\/08\/343\/192\/unknown-soldier-france.jpg?ve=1&amp;tl=1, https:\/\/a57.foxnews.com\/static.foxnews.com\/foxnews.com\/content\/uploads\/2025\/08\/686\/384\/unknown-soldier-france.jpg?ve=1&amp;tl=1 2x\" height=\"192\" width=\"343\"><source media=\"(min-width: 768px) and (max-width: 1023px)\" srcset=\"https:\/\/a57.foxnews.com\/static.foxnews.com\/foxnews.com\/content\/uploads\/2025\/08\/672\/378\/unknown-soldier-france.jpg?ve=1&amp;tl=1, https:\/\/a57.foxnews.com\/static.foxnews.com\/foxnews.com\/content\/uploads\/2025\/08\/1344\/756\/unknown-soldier-france.jpg?ve=1&amp;tl=1 2x\" height=\"378\" width=\"672\"><source media=\"(min-width: 1024px) and (max-width: 1279px)\" srcset=\"https:\/\/a57.foxnews.com\/static.foxnews.com\/foxnews.com\/content\/uploads\/2025\/08\/931\/523\/unknown-soldier-france.jpg?ve=1&amp;tl=1, https:\/\/a57.foxnews.com\/static.foxnews.com\/foxnews.com\/content\/uploads\/2025\/08\/1862\/1046\/unknown-soldier-france.jpg?ve=1&amp;tl=1 2x\" height=\"523\" width=\"931\"><source media=\"(min-width: 1280px)\" srcset=\"https:\/\/a57.foxnews.com\/static.foxnews.com\/foxnews.com\/content\/uploads\/2025\/08\/720\/405\/unknown-soldier-france.jpg?ve=1&amp;tl=1, https:\/\/a57.foxnews.com\/static.foxnews.com\/foxnews.com\/content\/uploads\/2025\/08\/1440\/810\/unknown-soldier-france.jpg?ve=1&amp;tl=1 2x\" height=\"405\" width=\"720\"><img loading=\"lazy\" decoding=\"async\" src=\"https:\/\/a57.foxnews.com\/static.foxnews.com\/foxnews.com\/content\/uploads\/2025\/08\/1200\/675\/unknown-soldier-france.jpg?ve=1&amp;tl=1\" alt=\"Tumba de Francia del soldado desconocido\" width=\"1200\" height=\"675\"\/><\/source><\/source><\/source><\/source><\/picture><\/div>\n<div class=\"info\">\n<div class=\"caption\">\n<p><span>El presidente de Francia, Emmanuel Macron (L), pronuncia un discurso el 8 de mayo junto a la tumba del soldado desconocido durante una ceremonia en el Arc de Triunfe para el 80 aniversario del D\u00eda VE, o la victoria en el D\u00eda de Europa, marcando el final de la Segunda Guerra Mundial en Europa, en Par\u00eds. <\/span> <span>(Thomas Samson\/Pool\/AFP a trav\u00e9s de Getty Images)<\/span><\/p>\n<\/div>\n<\/div>\n<\/div>\n<p>El mi\u00e9rcoles, el Ministerio del Interior de Francia anunci\u00f3 que el hombre no identificado hab\u00eda sido despojado de su permiso de residencia, inform\u00f3 Politico. <\/p>\n<p>El desconocido Soldier War War Memorial contiene una llama y la tumba de un soldado asesinado en la Primera Guerra Mundial bajo un arco del arco del Triunfo.<\/p>\n<p><strong><u>Los lugare\u00f1os despotrican su vecindario ahora &#8216;como Disneyland&#8217; como sobretensiones del turismo de los ol\u00edmpicos<\/u><\/strong><\/p>\n<div class=\"image-ct inline\">\n<div class=\"m\"><picture><source media=\"(max-width: 767px)\" srcset=\"https:\/\/a57.foxnews.com\/static.foxnews.com\/foxnews.com\/content\/uploads\/2025\/08\/343\/192\/unknown-soldier-war-memorial-france.jpg?ve=1&amp;tl=1, https:\/\/a57.foxnews.com\/static.foxnews.com\/foxnews.com\/content\/uploads\/2025\/08\/686\/384\/unknown-soldier-war-memorial-france.jpg?ve=1&amp;tl=1 2x\" height=\"192\" width=\"343\"><source media=\"(min-width: 768px) and (max-width: 1023px)\" srcset=\"https:\/\/a57.foxnews.com\/static.foxnews.com\/foxnews.com\/content\/uploads\/2025\/08\/672\/378\/unknown-soldier-war-memorial-france.jpg?ve=1&amp;tl=1, https:\/\/a57.foxnews.com\/static.foxnews.com\/foxnews.com\/content\/uploads\/2025\/08\/1344\/756\/unknown-soldier-war-memorial-france.jpg?ve=1&amp;tl=1 2x\" height=\"378\" width=\"672\"><source media=\"(min-width: 1024px) and (max-width: 1279px)\" srcset=\"https:\/\/a57.foxnews.com\/static.foxnews.com\/foxnews.com\/content\/uploads\/2025\/08\/931\/523\/unknown-soldier-war-memorial-france.jpg?ve=1&amp;tl=1, https:\/\/a57.foxnews.com\/static.foxnews.com\/foxnews.com\/content\/uploads\/2025\/08\/1862\/1046\/unknown-soldier-war-memorial-france.jpg?ve=1&amp;tl=1 2x\" height=\"523\" width=\"931\"><source media=\"(min-width: 1280px)\" srcset=\"https:\/\/a57.foxnews.com\/static.foxnews.com\/foxnews.com\/content\/uploads\/2025\/08\/720\/405\/unknown-soldier-war-memorial-france.jpg?ve=1&amp;tl=1, https:\/\/a57.foxnews.com\/static.foxnews.com\/foxnews.com\/content\/uploads\/2025\/08\/1440\/810\/unknown-soldier-war-memorial-france.jpg?ve=1&amp;tl=1 2x\" height=\"405\" width=\"720\"><img loading=\"lazy\" decoding=\"async\" src=\"https:\/\/a57.foxnews.com\/static.foxnews.com\/foxnews.com\/content\/uploads\/2025\/08\/1200\/675\/unknown-soldier-war-memorial-france.jpg?ve=1&amp;tl=1\" alt=\"Memorial de la Guerra de Par\u00eds\" width=\"1200\" height=\"675\"\/><\/source><\/source><\/source><\/source><\/picture><\/div>\n<div class=\"info\">\n<div class=\"caption\">\n<p><span>La llama eterna en la tumba del soldado desconocido bajo el arco del triunfo en Par\u00eds, Francia, dedicada a los muertos de la Primera Guerra Mundial, alrededor de 1970. <\/span> <span>(Harvey Meston\/Archive Photos\/Getty Images)<\/span><\/p>\n<\/div>\n<\/div>\n<\/div>\n<p>Las im\u00e1genes del incidente muestran a un hombre arrodillado junto al monumento, que parece estar fuera de los l\u00edmites para los visitantes. Se lo ve inclin\u00e1ndose sobre la llama que emite desde el monumento para encender su cigarrillo antes de irse inmediatamente, mientras los turistas aturdidos miran. <\/p>\n<p>Seg\u00fan los informes, el hombre tiene estatus legal en Francia y era conocido por la polic\u00eda, seg\u00fan informes locales. <\/p>\n<p>Patricia Miralles, viceministra de memoria y asuntos de veteranos, dijo que estaba \u00abindignada\u00bb por lo que sucedi\u00f3. <\/p>\n<div class=\"image-ct inline\">\n<div class=\"m\"><picture><source media=\"(max-width: 767px)\" srcset=\"https:\/\/a57.foxnews.com\/static.foxnews.com\/foxnews.com\/content\/uploads\/2023\/11\/343\/192\/champs_elysee.jpg?ve=1&amp;tl=1, https:\/\/a57.foxnews.com\/static.foxnews.com\/foxnews.com\/content\/uploads\/2023\/11\/686\/384\/champs_elysee.jpg?ve=1&amp;tl=1 2x\" height=\"192\" width=\"343\"><source media=\"(min-width: 768px) and (max-width: 1023px)\" srcset=\"https:\/\/a57.foxnews.com\/static.foxnews.com\/foxnews.com\/content\/uploads\/2023\/11\/672\/378\/champs_elysee.jpg?ve=1&amp;tl=1, https:\/\/a57.foxnews.com\/static.foxnews.com\/foxnews.com\/content\/uploads\/2023\/11\/1344\/756\/champs_elysee.jpg?ve=1&amp;tl=1 2x\" height=\"378\" width=\"672\"><source media=\"(min-width: 1024px) and (max-width: 1279px)\" srcset=\"https:\/\/a57.foxnews.com\/static.foxnews.com\/foxnews.com\/content\/uploads\/2023\/11\/931\/523\/champs_elysee.jpg?ve=1&amp;tl=1, https:\/\/a57.foxnews.com\/static.foxnews.com\/foxnews.com\/content\/uploads\/2023\/11\/1862\/1046\/champs_elysee.jpg?ve=1&amp;tl=1 2x\" height=\"523\" width=\"931\"><source media=\"(min-width: 1280px)\" srcset=\"https:\/\/a57.foxnews.com\/static.foxnews.com\/foxnews.com\/content\/uploads\/2023\/11\/720\/405\/champs_elysee.jpg?ve=1&amp;tl=1, https:\/\/a57.foxnews.com\/static.foxnews.com\/foxnews.com\/content\/uploads\/2023\/11\/1440\/810\/champs_elysee.jpg?ve=1&amp;tl=1 2x\" height=\"405\" width=\"720\"><img loading=\"lazy\" decoding=\"async\" src=\"https:\/\/a57.foxnews.com\/static.foxnews.com\/foxnews.com\/content\/uploads\/2023\/11\/1200\/675\/champs_elysee.jpg?ve=1&amp;tl=1\" alt=\"Avenue des Champs-elys\u00e9es\" width=\"1200\" height=\"675\"\/><\/source><\/source><\/source><\/source><\/picture><\/div>\n<div class=\"info\">\n<div class=\"caption\">\n<p><span>Los autos conducen por la avenida des Champs-elys\u00e9es con el Arc de Triunfe visible en el fondo, Par\u00eds, jueves 7 de mayo de 2020.<\/span> <span>(AP Photo \/ Christophe esto, archivo)<\/span><\/p>\n<\/div>\n<\/div>\n<\/div>\n<p><strong><u>Haga clic aqu\u00ed para obtener la aplicaci\u00f3n Fox News<\/u><\/strong><\/p>\n<p>\u00abCaminando sobre la tumba del soldado desconocido. Iluminando su cigarrillo con la llama eterna. Esto no es un mero paso en falso: es una profanaci\u00f3n\u00bb, escribi\u00f3 sobre X. \u00abFrancia nunca tolerar\u00e1 la empanada de la memoria de quienes murieron por ella. Nunca\u00bb.<\/p>\n<p> <!----> <\/div>\n\n","protected":false},"excerpt":{"rendered":"<p>NUEVO\u00a1Ahora puedes escuchar art\u00edculos de Fox News! Seg\u00fan los informes, Francia despoj\u00f3 el permiso de residencia de un hombre que encendi\u00f3 un cigarrillo en un monumento de guerra en Par\u00eds despu\u00e9s de que lo atraparon por la c\u00e1mara. El ministro del Interior, Bruno Retailleau, calific\u00f3 el martes las acciones de un hombre marroqu\u00ed de 47 &hellip;<\/p>\n","protected":false},"author":1,"featured_media":39271,"comment_status":"open","ping_status":"open","sticky":false,"template":"","format":"standard","meta":{"fifu_image_url":"https:\/\/static.foxnews.com\/foxnews.com\/content\/uploads\/2025\/08\/unknown-soldier-france.jpg","fifu_image_alt":"","footnotes":""},"categories":[13],"tags":[],"class_list":["post-39269","post","type-post","status-publish","format-standard","has-post-thumbnail","","category-mundo"],"_links":{"self":[{"href":"https:\/\/noticiasveraces.com\/index.php?rest_route=\/wp\/v2\/posts\/39269","targetHints":{"allow":["GET"]}}],"collection":[{"href":"https:\/\/noticiasveraces.com\/index.php?rest_route=\/wp\/v2\/posts"}],"about":[{"href":"https:\/\/noticiasveraces.com\/index.php?rest_route=\/wp\/v2\/types\/post"}],"author":[{"embeddable":true,"href":"https:\/\/noticiasveraces.com\/index.php?rest_route=\/wp\/v2\/users\/1"}],"replies":[{"embeddable":true,"href":"https:\/\/noticiasveraces.com\/index.php?rest_route=%2Fwp%2Fv2%2Fcomments&post=39269"}],"version-history":[{"count":0,"href":"https:\/\/noticiasveraces.com\/index.php?rest_route=\/wp\/v2\/posts\/39269\/revisions"}],"wp:featuredmedia":[{"embeddable":true,"href":"https:\/\/noticiasveraces.com\/index.php?rest_route=\/wp\/v2\/media\/39271"}],"wp:attachment":[{"href":"https:\/\/noticiasveraces.com\/index.php?rest_route=%2Fwp%2Fv2%2Fmedia&parent=39269"}],"wp:term":[{"taxonomy":"category","embeddable":true,"href":"https:\/\/noticiasveraces.com\/index.php?rest_route=%2Fwp%2Fv2%2Fcategories&post=39269"},{"taxonomy":"post_tag","embeddable":true,"href":"https:\/\/noticiasveraces.com\/index.php?rest_route=%2Fwp%2Fv2%2Ftags&post=39269"}],"curies":[{"name":"wp","href":"https:\/\/api.w.org\/{rel}","templated":true}]}}