{"id":39264,"date":"2025-08-06T20:17:28","date_gmt":"2025-08-07T00:17:28","guid":{"rendered":"https:\/\/noticiasveraces.com\/?p=39264"},"modified":"2025-08-06T20:17:28","modified_gmt":"2025-08-07T00:17:28","slug":"sudan-destruye-avion-con-supuestos-mercenarios-colombianos-dw-07-08-2025","status":"publish","type":"post","link":"https:\/\/noticiasveraces.com\/?p=39264","title":{"rendered":"Sud\u00e1n destruye avi\u00f3n con supuestos mercenarios colombianos \u2013 DW \u2013 07\/08\/2025"},"content":{"rendered":"<p> \n<\/p>\n<div data-tracking-name=\"rich-text\" data-tracking-skip=\"true\">\n<p>El Ej\u00e9rcito de Sud\u00e1n\u00a0anunci\u00f3 este jueves (07.08.2025) el derribo de un avi\u00f3n emirat\u00ed en el que supuestamente viajaban decenas de mercenarios colombianos, inform\u00f3 la televisi\u00f3n oficial, que asegur\u00f3 que se dirig\u00edan al aeropuerto de Nyala, capital del estado sudan\u00e9s de Darfur Sur y bajo control del grupo paramilitar Fuerzas de Apoyo R\u00e1pido (FAR).<\/p>\n<p>Seg\u00fan la televisi\u00f3n, citada por varios medios locales, el avi\u00f3n transportaba al menos 40 mercenarios y que en el ataque fueron destruidos tambi\u00e9n cargamentos de armas.<\/p>\n<p>El aparato \u00abfue bombardeado y completamente destruido\u00bb durante su aterrizaje en el aeropuerto de Nyala, en Darfur del Sur (oeste de Sud\u00e1n), declar\u00f3 una fuente militar, bajo condici\u00f3n de anonimato.<\/p>\n<p>Este aeropuerto ha sido objeto de repetidos ataques a\u00e9reos por parte del ej\u00e9rcito sudan\u00e9s, en guerra contra los paramilitares de las FAR\u00a0desde abril de 2023.<\/p>\n<p>Por el momento, ni el ej\u00e9rcito sudan\u00e9s, dirigido por el general Abdel Fatah al Burhan, ni los paramilitares, liderados por su exaliado Mohamed Daglo, ni Emiratos \u00c1rabes Unidos hicieron ning\u00fan comentario.<\/p>\n<p><span data-slot-id=\"Article_InContent-1\" class=\"rich-text-ad\"\/><\/p>\n<h2>Ej\u00e9rcito sudan\u00e9s acusa a Emiratos de armar a las FAR<\/h2>\n<p>El ej\u00e9rcito acusa desde hace tiempo a Emiratos de suministrar armas a las FAR, sobre todo drones, a trav\u00e9s del aeropuerto de Nyala.<\/p>\n<p>Emiratos siempre ha negado cualquier implicaci\u00f3n, a pesar de varios informes de expertos de la ONU y de organizaciones internacionales.<\/p>\n<p>El lunes, el gobierno sudan\u00e9s acus\u00f3 a Emiratos de reclutar y financiar mercenarios colombianos para luchar junto a los paramilitares, y afirm\u00f3 disponer de documentos que lo prueban.<\/p>\n<p>Varios informes dieron cuenta a finales de 2024 de la presencia de combatientes colombianos en Darfur. Estos datos fueron confirmados por expertos de la ONU.<\/p>\n<p>Esta semana, las Fuerzas Conjuntas &#8211;una coalici\u00f3n de grupos armados aliados al ej\u00e9rcito en Darfur&#8211; informaron de la presencia de m\u00e1s de 80 mercenarios colombianos en las filas de las FAR en El Fasher, capital de Darfur del Norte, \u00faltima ciudad de este estado a\u00fan bajo control del ej\u00e9rcito.<\/p>\n<p>El ej\u00e9rcito tambi\u00e9n public\u00f3 un video en el que supuestamente aparec\u00edan \u00abmercenarios extranjeros, presuntamente colombianos\u00bb.<\/p>\n<p>Estos mercenarios colombianos, que son soldados retirados y exguerrilleros curtidos en medio siglo de conflicto interno en su pa\u00eds, han participado en los \u00faltimos a\u00f1os en conflictos en Ucrania, Hait\u00ed y Afganist\u00e1n.<\/p>\n<p>La guerra en Sud\u00e1n, que entra en su tercer a\u00f1o, caus\u00f3 decenas de miles de muertos, desplaz\u00f3 a 13 millones de personas y sumi\u00f3 a este pa\u00eds pobre en la peor crisis humanitaria actual en el mundo, seg\u00fan la ONU.<\/p>\n<p>Desde la p\u00e9rdida de Jart\u00fam, retomada por el ej\u00e9rcito en marzo, los paramilitares buscan consolidar sus posiciones en Darfur, que ya controlan en gran parte.<\/p>\n<p>JC (AFP, Efe)  <\/p>\n<\/p>\n<\/div>\n\n","protected":false},"excerpt":{"rendered":"<p>El Ej\u00e9rcito de Sud\u00e1n\u00a0anunci\u00f3 este jueves (07.08.2025) el derribo de un avi\u00f3n emirat\u00ed en el que supuestamente viajaban decenas de mercenarios colombianos, inform\u00f3 la televisi\u00f3n oficial, que asegur\u00f3 que se dirig\u00edan al aeropuerto de Nyala, capital del estado sudan\u00e9s de Darfur Sur y bajo control del grupo paramilitar Fuerzas de Apoyo R\u00e1pido (FAR). Seg\u00fan la &hellip;<\/p>\n","protected":false},"author":1,"featured_media":39265,"comment_status":"open","ping_status":"open","sticky":false,"template":"","format":"standard","meta":{"fifu_image_url":"https:\/\/static.dw.com\/image\/73471723_6.jpg","fifu_image_alt":"","footnotes":""},"categories":[13],"tags":[],"class_list":["post-39264","post","type-post","status-publish","format-standard","has-post-thumbnail","","category-mundo"],"_links":{"self":[{"href":"https:\/\/noticiasveraces.com\/index.php?rest_route=\/wp\/v2\/posts\/39264","targetHints":{"allow":["GET"]}}],"collection":[{"href":"https:\/\/noticiasveraces.com\/index.php?rest_route=\/wp\/v2\/posts"}],"about":[{"href":"https:\/\/noticiasveraces.com\/index.php?rest_route=\/wp\/v2\/types\/post"}],"author":[{"embeddable":true,"href":"https:\/\/noticiasveraces.com\/index.php?rest_route=\/wp\/v2\/users\/1"}],"replies":[{"embeddable":true,"href":"https:\/\/noticiasveraces.com\/index.php?rest_route=%2Fwp%2Fv2%2Fcomments&post=39264"}],"version-history":[{"count":0,"href":"https:\/\/noticiasveraces.com\/index.php?rest_route=\/wp\/v2\/posts\/39264\/revisions"}],"wp:featuredmedia":[{"embeddable":true,"href":"https:\/\/noticiasveraces.com\/index.php?rest_route=\/wp\/v2\/media\/39265"}],"wp:attachment":[{"href":"https:\/\/noticiasveraces.com\/index.php?rest_route=%2Fwp%2Fv2%2Fmedia&parent=39264"}],"wp:term":[{"taxonomy":"category","embeddable":true,"href":"https:\/\/noticiasveraces.com\/index.php?rest_route=%2Fwp%2Fv2%2Fcategories&post=39264"},{"taxonomy":"post_tag","embeddable":true,"href":"https:\/\/noticiasveraces.com\/index.php?rest_route=%2Fwp%2Fv2%2Ftags&post=39264"}],"curies":[{"name":"wp","href":"https:\/\/api.w.org\/{rel}","templated":true}]}}