{"id":39259,"date":"2025-08-06T19:27:08","date_gmt":"2025-08-06T23:27:08","guid":{"rendered":"https:\/\/noticiasveraces.com\/?p=39259"},"modified":"2025-08-06T19:27:08","modified_gmt":"2025-08-06T23:27:08","slug":"las-becas-antonio-palacios-reconocen-la-excelencia-de-los-mejores-estudiantes-de-o-porrino","status":"publish","type":"post","link":"https:\/\/noticiasveraces.com\/?p=39259","title":{"rendered":"Las Becas Antonio Palacios reconocen la excelencia de los mejores estudiantes de O Porri\u00f1o"},"content":{"rendered":"<p> \n<\/p>\n<div>\n<p><picture class=\"aligncenter first-post-image\" title=\"Becas Antonio Palacios O Porri\u00f1o\" data-no-lazy=\"true\"><source type=\"image\/webp\" srcset=\"https:\/\/www.economiafinanzas.com\/wp-content\/uploads\/2025\/08\/Becas-Antonio-Palacios.jpg.webp\"\/><img decoding=\"async\" fetchpriority=\"high\" src=\"https:\/\/www.economiafinanzas.com\/wp-content\/uploads\/2025\/08\/Becas-Antonio-Palacios.jpg\" alt=\"Becas Antonio Palacios O Porri\u00f1o\" data-no-lazy=\"true\"\/>\n<\/picture><\/p>\n<p><strong>El Concello de O Porri\u00f1o ha hecho entrega por primera vez de las Becas Antonio Palacios, una iniciativa enfocada a premiar a los estudiantes m\u00e1s destacados de 2\u00ba de Bachillerato<\/strong> que han obtenido resultados brillantes en la Prueba de Acceso a la Universidad. Este reconocimiento supone un <strong>respaldo p\u00fablico y econ\u00f3mico<\/strong> a quienes han superado la nota de 8,5, valorando tanto su rendimiento como el esfuerzo y dedicaci\u00f3n invertidos durante toda su trayectoria acad\u00e9mica.<\/p>\n<p>La <strong>ceremonia tuvo lugar en la Praza Arquitecto Antonio Palacios<\/strong> y estuvo presidida por el alcalde Alejandro Lorenzo, acompa\u00f1ado por Rom\u00e1n Rodr\u00edguez, conselleiro de Educaci\u00f3n, Ciencia, Universidades e Formaci\u00f3n Profesional. Ambos, junto a otras autoridades como la concejala de Educaci\u00f3n Carolina Gonz\u00e1lez y C\u00e9sar P\u00e9rez, jefe territorial de Educaci\u00f3n en Pontevedra, quisieron mostrar <strong>personalmente su felicitaci\u00f3n<\/strong> tanto a los estudiantes como a las familias y profesorado que han estado apoyando en cada paso del camino.<\/p>\n<h2>Primeros galardonados por su expediente excelente<\/h2>\n<p><img loading=\"lazy\" width=\"1200\" height=\"800\" decoding=\"async\" class=\"aligncenter\" alt=\"Entrega de Becas Antonio Palacios\" title=\"Entrega de Becas Antonio Palacios\" src=\"https:\/\/www.economiafinanzas.com\/wp-content\/uploads\/2025\/08\/Becas-Antonio-Palacios-2.jpg\"\/><img loading=\"lazy\" width=\"1200\" height=\"800\" decoding=\"async\" src=\"https:\/\/www.economiafinanzas.com\/wp-content\/uploads\/2025\/08\/Becas-Antonio-Palacios-2.jpg\" class=\"aligncenter\" alt=\"Entrega de Becas Antonio Palacios\" title=\"Entrega de Becas Antonio Palacios\"\/><\/p>\n<p><strong>En esta edici\u00f3n inaugural, diez j\u00f3venes han sido distinguidos<\/strong> tras superar con nota la selectividad, situ\u00e1ndose entre los mejores expedientes del municipio. Los premiados, que se reparten a partes iguales entre los dos institutos p\u00fablicos de O Porri\u00f1o, recibieron una dotaci\u00f3n individual de 300 euros como incentivo y reconocimiento.<\/p>\n<p><strong>Del IES Pino Manso<\/strong> han sido distinguidas Laura Rodr\u00edguez, Mar\u00eda Quintas, Victoria \u00c1lvarez, Alejandra P\u00e9rez y Luc\u00eda Casilla. <strong>Del ies ribeira do louro<\/strong>los becados han sido Laura Romero, Alicia G\u00f3mez, Mart\u00edn T\u00e1boas, Andrea Lorenzo y Anxo Mart\u00ednez. <strong>Ocho chicas y dos chicos<\/strong> han cosechado as\u00ed el fruto de su esfuerzo con este apoyo econ\u00f3mico y un aplauso p\u00fablico a su excelencia formativa.<\/p>\n<p>El alcalde Alejandro Lorenzo subray\u00f3 en su intervenci\u00f3n el significado de estos premios: <strong>\u201cm\u00e1s all\u00e1 del importe, son una muestra del orgullo de todo el municipio y un tributo al esfuerzo, la constancia y el compromiso de estos j\u00f3venes\u201d<\/strong>. Tambi\u00e9n expres\u00f3 su agradecimiento a las familias y al profesorado, cuya dedicaci\u00f3n silenciosa resulta clave para estos logros.<\/p>\n<h2>Apuesta por la educaci\u00f3n local y homenaje a un referente<\/h2>\n<p><picture decoding=\"async\" class=\"aligncenter\" title=\"Becas Antonio Palacios O Porri\u00f1o\"><source type=\"image\/webp\" data-lazy-srcset=\"https:\/\/www.economiafinanzas.com\/wp-content\/uploads\/2025\/08\/Becas-Antonio-Palacios-1.jpg.webp\"\/><img decoding=\"async\" alt=\"Becas Antonio Palacios O Porri\u00f1o\" src=\"https:\/\/www.economiafinanzas.com\/wp-content\/uploads\/2025\/08\/Becas-Antonio-Palacios-1.jpg\"\/><img decoding=\"async\" src=\"https:\/\/www.economiafinanzas.com\/wp-content\/uploads\/2025\/08\/Becas-Antonio-Palacios-1.jpg\" alt=\"Becas Antonio Palacios O Porri\u00f1o\"\/>\n<\/picture><\/p>\n<p>La entrega de las becas representa <strong>un hito en el compromiso del Concello con la cultura, la formaci\u00f3n y el talento local<\/strong>. Adem\u00e1s, esta ayuda lleva el nombre del reconocido arquitecto porri\u00f1\u00e9s Antonio Palacios, como s\u00edmbolo de <strong>inspiraci\u00f3n para las nuevas generaciones<\/strong>. Seg\u00fan expres\u00f3 el regidor municipal, Palacios es ejemplo de dedicaci\u00f3n, pasi\u00f3n y capacidad para so\u00f1ar a lo grande, valores que se quieren continuar transmitiendo a los j\u00f3venes del municipio.<\/p>\n<p>Rom\u00e1n Rodr\u00edguez, conselleiro de Educaci\u00f3n, recalc\u00f3 la importancia de reconocer p\u00fablicamente el esfuerzo estudiantil y destac\u00f3 que este tipo de iniciativas <strong>fomentan la excelencia, refuerzan los lazos entre las instituciones y la comunidad educativa, y valorizan el papel esencial de los equipos docentes en el \u00e9xito colectivo<\/strong>. Anim\u00f3 a los premiados a iniciar su andadura universitaria con ilusi\u00f3n y a mantener su vocaci\u00f3n de superaci\u00f3n en la nueva etapa que comienzan.<\/p>\n<p>El ambiente durante la entrega fue de sincera felicitaci\u00f3n y respaldo a quienes se han esforzado por alcanzar resultados notables. Los representantes institucionales coincidieron en se\u00f1alar que <strong>estos estudiantes representan el orgullo de sus familias, de sus centros, de la localidad y de toda Galicia<\/strong>. La jornada finaliz\u00f3 con una fotograf\u00eda grupal que quedar\u00e1 como recuerdo especial de este d\u00eda, simbolizando el inicio de una tradici\u00f3n que, seg\u00fan las autoridades, contar\u00e1 con continuidad y servir\u00e1 para motivar a futuras promociones.<\/p>\n<p>Las Becas Antonio Palacios constituyen un paso m\u00e1s en la apuesta de O Porri\u00f1o por la educaci\u00f3n de calidad, la igualdad de oportunidades y el reconocimiento al m\u00e9rito como motores del desarrollo social y personal en la localidad. La figura de Antonio Palacios permanece como referente de superaci\u00f3n y visi\u00f3n, alentando a los j\u00f3venes a perseguir sus sue\u00f1os con empe\u00f1o y honestidad.<\/p>\n<p><!-- CONTENT END 1 --><br \/>\n\t\t\n\t\t\t<\/div>\n\n","protected":false},"excerpt":{"rendered":"<p>El Concello de O Porri\u00f1o ha hecho entrega por primera vez de las Becas Antonio Palacios, una iniciativa enfocada a premiar a los estudiantes m\u00e1s destacados de 2\u00ba de Bachillerato que han obtenido resultados brillantes en la Prueba de Acceso a la Universidad. Este reconocimiento supone un respaldo p\u00fablico y econ\u00f3mico a quienes han superado &hellip;<\/p>\n","protected":false},"author":1,"featured_media":39261,"comment_status":"open","ping_status":"open","sticky":false,"template":"","format":"standard","meta":{"fifu_image_url":"https:\/\/www.economiafinanzas.com\/wp-content\/uploads\/2025\/08\/Becas-Antonio-Palacios.jpg","fifu_image_alt":"","footnotes":""},"categories":[3],"tags":[],"class_list":["post-39259","post","type-post","status-publish","format-standard","has-post-thumbnail","","category-negocio"],"_links":{"self":[{"href":"https:\/\/noticiasveraces.com\/index.php?rest_route=\/wp\/v2\/posts\/39259","targetHints":{"allow":["GET"]}}],"collection":[{"href":"https:\/\/noticiasveraces.com\/index.php?rest_route=\/wp\/v2\/posts"}],"about":[{"href":"https:\/\/noticiasveraces.com\/index.php?rest_route=\/wp\/v2\/types\/post"}],"author":[{"embeddable":true,"href":"https:\/\/noticiasveraces.com\/index.php?rest_route=\/wp\/v2\/users\/1"}],"replies":[{"embeddable":true,"href":"https:\/\/noticiasveraces.com\/index.php?rest_route=%2Fwp%2Fv2%2Fcomments&post=39259"}],"version-history":[{"count":0,"href":"https:\/\/noticiasveraces.com\/index.php?rest_route=\/wp\/v2\/posts\/39259\/revisions"}],"wp:featuredmedia":[{"embeddable":true,"href":"https:\/\/noticiasveraces.com\/index.php?rest_route=\/wp\/v2\/media\/39261"}],"wp:attachment":[{"href":"https:\/\/noticiasveraces.com\/index.php?rest_route=%2Fwp%2Fv2%2Fmedia&parent=39259"}],"wp:term":[{"taxonomy":"category","embeddable":true,"href":"https:\/\/noticiasveraces.com\/index.php?rest_route=%2Fwp%2Fv2%2Fcategories&post=39259"},{"taxonomy":"post_tag","embeddable":true,"href":"https:\/\/noticiasveraces.com\/index.php?rest_route=%2Fwp%2Fv2%2Ftags&post=39259"}],"curies":[{"name":"wp","href":"https:\/\/api.w.org\/{rel}","templated":true}]}}