{"id":39248,"date":"2025-08-06T19:08:06","date_gmt":"2025-08-06T23:08:06","guid":{"rendered":"https:\/\/noticiasveraces.com\/?p=39248"},"modified":"2025-08-06T19:08:06","modified_gmt":"2025-08-06T23:08:06","slug":"cucho-hernandez-repartio-golpes-en-dura-pela-en-real-betis-vs-como","status":"publish","type":"post","link":"https:\/\/noticiasveraces.com\/?p=39248","title":{"rendered":"\u2018Cucho\u2019 Hern\u00e1ndez reparti\u00f3 golpes en dura pela en Real Betis vs Como"},"content":{"rendered":"<p> \n<br \/><img decoding=\"async\" src=\"https:\/\/www.futbolred.com\/files\/article_graphic\/uploads\/2025\/08\/06\/6893c04b8ffac.jpeg\" \/><\/p>\n<header>\n<h3>Colombianos en el Exterior<br \/>\n            <\/h3>\n<h1>\u2018Cucho\u2019 Hern\u00e1ndez reparti\u00f3 golpes en dura pela en Real Betis vs Como<br \/>\n        <\/h1>\n<address>\n            <a>Juan Pablo Ar\u00e9valo<br \/>\n        <\/address>\n<p>        06 de agosto de 2025, 04:03 p. metro.<\/p>\n<\/header>\n<p>El atacante colombiano estuvo envuelto en una ri\u00f1a, en amistoso de pretemporada. Hay video.<\/p>\n<p>El partido de preparaci\u00f3n entre Real Betis y Como, tuvo como an\u00e9cdota una fuerte pelea entre jugadores de ambos equipos. En la gresca se vio envuelto el delantero colombiano Juan Camilo \u2018Cucho\u2019 Hern\u00e1ndez, que lanz\u00f3 golpes a diestra y siniestra y hasta err\u00f3 en una de las agresiones.<\/p>\n<p>Pocos minutos antes del final del primer tiempo, con el resultado 0-2 a favor del Como italiano, se desat\u00f3 una trifulca en la que hubo pu\u00f1os y sangre caliente.<\/p>\n<p>El \u2018Cucho\u2019 fue uno de los jugadores que se sali\u00f3 de control y tuvo que ser controlado por sus compa\u00f1eros. Sin embargo, en video qued\u00f3 registrado que Hern\u00e1ndez lanz\u00f3 un golpe que no impact\u00f3 a un rival, sino que impact\u00f3 a Natan, compa\u00f1ero del betis.<\/p>\n<p>Por fortuna la pelea no pas\u00f3 a mayores y el compromiso continu\u00f3, con triunfo 2-3 del Como sobre el Betis.<\/p>\n\n","protected":false},"excerpt":{"rendered":"<p>Colombianos en el Exterior \u2018Cucho\u2019 Hern\u00e1ndez reparti\u00f3 golpes en dura pela en Real Betis vs Como Juan Pablo Ar\u00e9valo 06 de agosto de 2025, 04:03 p. metro. El atacante colombiano estuvo envuelto en una ri\u00f1a, en amistoso de pretemporada. Hay video. El partido de preparaci\u00f3n entre Real Betis y Como, tuvo como an\u00e9cdota una fuerte &hellip;<\/p>\n","protected":false},"author":1,"featured_media":39250,"comment_status":"open","ping_status":"open","sticky":false,"template":"","format":"standard","meta":{"fifu_image_url":"https:\/\/www.futbolred.com\/files\/og_thumbnail\/uploads\/2025\/08\/06\/6893c04b8ffac.jpeg","fifu_image_alt":"","footnotes":""},"categories":[6],"tags":[],"class_list":["post-39248","post","type-post","status-publish","format-standard","has-post-thumbnail","","category-deportes"],"_links":{"self":[{"href":"https:\/\/noticiasveraces.com\/index.php?rest_route=\/wp\/v2\/posts\/39248","targetHints":{"allow":["GET"]}}],"collection":[{"href":"https:\/\/noticiasveraces.com\/index.php?rest_route=\/wp\/v2\/posts"}],"about":[{"href":"https:\/\/noticiasveraces.com\/index.php?rest_route=\/wp\/v2\/types\/post"}],"author":[{"embeddable":true,"href":"https:\/\/noticiasveraces.com\/index.php?rest_route=\/wp\/v2\/users\/1"}],"replies":[{"embeddable":true,"href":"https:\/\/noticiasveraces.com\/index.php?rest_route=%2Fwp%2Fv2%2Fcomments&post=39248"}],"version-history":[{"count":0,"href":"https:\/\/noticiasveraces.com\/index.php?rest_route=\/wp\/v2\/posts\/39248\/revisions"}],"wp:featuredmedia":[{"embeddable":true,"href":"https:\/\/noticiasveraces.com\/index.php?rest_route=\/wp\/v2\/media\/39250"}],"wp:attachment":[{"href":"https:\/\/noticiasveraces.com\/index.php?rest_route=%2Fwp%2Fv2%2Fmedia&parent=39248"}],"wp:term":[{"taxonomy":"category","embeddable":true,"href":"https:\/\/noticiasveraces.com\/index.php?rest_route=%2Fwp%2Fv2%2Fcategories&post=39248"},{"taxonomy":"post_tag","embeddable":true,"href":"https:\/\/noticiasveraces.com\/index.php?rest_route=%2Fwp%2Fv2%2Ftags&post=39248"}],"curies":[{"name":"wp","href":"https:\/\/api.w.org\/{rel}","templated":true}]}}