{"id":39238,"date":"2025-08-06T18:38:17","date_gmt":"2025-08-06T22:38:17","guid":{"rendered":"https:\/\/noticiasveraces.com\/?p=39238"},"modified":"2025-08-06T18:38:17","modified_gmt":"2025-08-06T22:38:17","slug":"la-aemet-avisa-de-que-la-ola-de-calor-en-espana-se-extendera-al-menos-hasta-el-martes-clima-y-medio-ambiente","status":"publish","type":"post","link":"https:\/\/noticiasveraces.com\/?p=39238","title":{"rendered":"La Aemet avisa de que la ola de calor en Espa\u00f1a se extender\u00e1 al menos hasta el martes | Clima y Medio Ambiente"},"content":{"rendered":"<p> \n<\/p>\n<div data-dtm-region=\"articulo_cuerpo\">\n<p class=\"\">La Agencia Estatal de Meteorolog\u00eda (Aemet) ha se\u00f1alado que la ola de calor que afecta a toda Espa\u00f1a va a extenderse al menos hasta el pr\u00f3ximo martes. Si bien hay incertidumbre, considera que este es el escenario m\u00e1s probable. Aunque los modelos estimaban hasta ahora que el fen\u00f3meno durar\u00eda hasta el fin de semana, para la siguiente semana el escenario m\u00e1s probable es que contin\u00faen las temperaturas anormalmente c\u00e1lidas, salvo en el tercio norte peninsular donde es probable que comiencen a descender. Es posible que se registren ascensos t\u00e9rmicos adicionales, pudi\u00e9ndose llegar a los 42\u00baC-44\u00baC en torno a las principales depresiones de la mitad sur y cuadrante noreste peninsular.<\/p>\n<p class=\"\">Para este mi\u00e9rcoles se espera un descenso t\u00e9rmico en algunas partes del pa\u00eds, <u>la ola de calor<\/u> sigue sin dar tregua y la Aemet ha ampliado los avisos por altas temperaturas a 13 comunidades aut\u00f3nomas. Las m\u00e1ximas descender\u00e1n principalmente en la zona del arco mediterr\u00e1neo y el extremo oeste de Galicia, pero aumentar\u00e1n en el alto Ebro, el noreste de Castilla y Le\u00f3n, Cant\u00e1brico y el norte de Galicia.<b> <\/b>El mapa de Espa\u00f1a est\u00e1 pr\u00e1cticamente entero en aviso amarillo o naranja, salvo el litoral peninsular y Baleares. De forma m\u00e1s concreta, los avisos naranja (de riesgo importante) afectan a 10 provincias: C\u00f3rdoba, Granada, Ja\u00e9n, Ciudad Real, Toledo, Badajoz, C\u00e1ceres, Ourense, Madrid y Las Palmas (Gran Canaria). <\/p>\n<p class=\"\">En casi toda la pen\u00ednsula y Baleares, los term\u00f3metros superar\u00e1n los 34 grados, alcanzando los 40 en los valles del Tajo, Guadiana y Guadalquivir, donde las m\u00ednimas no bajarn de los 25 grados. En las zonas de valle del oeste y suroeste, as\u00ed como <u>en el entorno del Mi\u00f1o, todav\u00eda se alcanzar\u00e1n los 39\u00baC<\/u>. Igualmente, en el Cant\u00e1brico, el alto Ebro y el norte de Galicia, un cambio de viento sur producir\u00e1 un ascenso bastante significativo de las m\u00e1ximas. <\/p>\n<figure class=\"a_m a_m-h \"><span class=\"_db a_m_w _pr lb_btn\"><img alt=\"Dos personas pasean este mi\u00e9rcoles por Sevilla, durante la segunda ola de calor.\" decoding=\"auto\" class=\"_re lazyload a_m-h\" height=\"277\" srcset=\"https:\/\/imagenes.elpais.com\/resizer\/v2\/LNC34IHKLRGPHG3PNCTSSVUMJU.jpg?auth=9b0bc3145ffdc9f15aaf91a16393b648671f472ed950ff1bd12d069bdc4b9271&amp;width=414 414w,https:\/\/imagenes.elpais.com\/resizer\/v2\/LNC34IHKLRGPHG3PNCTSSVUMJU.jpg?auth=9b0bc3145ffdc9f15aaf91a16393b648671f472ed950ff1bd12d069bdc4b9271&amp;width=828 640w,https:\/\/imagenes.elpais.com\/resizer\/v2\/LNC34IHKLRGPHG3PNCTSSVUMJU.jpg?auth=9b0bc3145ffdc9f15aaf91a16393b648671f472ed950ff1bd12d069bdc4b9271&amp;width=980 1000w,https:\/\/imagenes.elpais.com\/resizer\/v2\/LNC34IHKLRGPHG3PNCTSSVUMJU.jpg?auth=9b0bc3145ffdc9f15aaf91a16393b648671f472ed950ff1bd12d069bdc4b9271&amp;width=1960 1960w\" width=\"414\" sizes=\"auto, (min-width:1199px) 1155px,(min-width:1001px) calc(100vw - 44px),(min-width:768px) 767px, 100vw\" src=\"https:\/\/imagenes.elpais.com\/resizer\/v2\/LNC34IHKLRGPHG3PNCTSSVUMJU.jpg?auth=9b0bc3145ffdc9f15aaf91a16393b648671f472ed950ff1bd12d069bdc4b9271&amp;width=414\" loading=\"lazy\"\/><svg aria-hidden=\"true\" class=\"icon_multimedia_ampliar | _pa a_m_i a_m_i-a _dn\" viewbox=\"0 0 40 40\"><use xlink:href=\"#svg-ampliar\"\/><\/svg><\/span><figcaption class=\"a_m_p\" aria-hidden=\"true\"><span>Dos personas pasean este mi\u00e9rcoles por Sevilla, durante la segunda ola de calor.<\/span><span class=\"a_m_m\">PACO PUENTES (EL PA\u00cdS)<\/span><\/figcaption><\/figure>\n<p class=\"\">El jueves y el viernes persiste el calor, pero adem\u00e1s pueden formarse tormentas secas aisladas, con poca o nula precipitaci\u00f3n, pero con rachas de viento muy fuertes. Hecho que hace aumentar el riego de incendios. \u201cLas olas de calor hacen que se puedan agravar los efectos de un posible incendio forestal\u201d, ha se\u00f1alado el secretario general del Colegio Oficial de Ingenieros T\u00e9cnicos Forestales, Ra\u00fal de la Calle, en una entrevista con Europa Press. Y ha alertado de que cuando a estas se a\u00f1aden factores como el viento y la baja humedad, la situaci\u00f3n es peor todav\u00eda: \u201cVamos a tener claramente un incendio con una velocidad de propagaci\u00f3n muy alta y de mucha intensidad\u201d. <\/p>\n<p class=\"\">En el comienzo del cuarto d\u00eda de ola de calor, de momento, la temperatura m\u00e1s alta registrada en este episodio extremo sigue siendo <u>los 43,4 grados medidos en la estaci\u00f3n de Badajoz Universidad el pasado domingo<\/u>. Seg\u00fan el \u00faltimo balance difundido esta ma\u00f1ana por la Agencia Estatal de Meteorolog\u00eda (Aemet), el martes la m\u00e1xima m\u00e1s alta se dio en Talavera de la Reina (Toledo), donde los term\u00f3metros llegaron a 42,7 grados. Tambi\u00e9n destacan los 42,5 grados de Granada\/Aeropuerto y los 42,5 de Navalmoral de la Mata (C\u00e1ceres). <\/p>\n<p class=\"\">En cuanto a la noche del martes al mi\u00e9rcoles, la entrada de aire africano en Canarias ha propiciado valores muy altos en las islas. La Aemet destaca <u>las noches t\u00f3rridas<\/u> con m\u00ednimas de 27,5 grados en Tejeda, en Gran Canaria. En la pen\u00ednsula las noches t\u00f3rridas se han registrado en el valle del Tajo, en la costa almeriense y puntos del interior de Andaluc\u00eda, destacando los 26,5 grados de Mora de Toledo y 26,0 de Castillo de Bayuela tambi\u00e9n en Toledo. Las noches tropicales (m\u00ednimas por encima de 20 grados) se han extendido por la costa y prelitorales mediterr\u00e1neos y grandes zonas de Extremadura, Madrid, Castilla-La Mancha y Andaluc\u00eda. <\/p>\n<p class=\"\">Las altas temperaturas del verano han dejado un saldo de m\u00e1s de 1.500 muertes, seg\u00fan datos del Sistema de Monitorizaci\u00f3n de Mortalidad Diaria (Momo) del Ministerio de Sanidad que ha recogido EFE. Las estimaciones suponen un incremento del 42% respecto del a\u00f1o anterior.<\/p>\n<\/div>\n\n","protected":false},"excerpt":{"rendered":"<p>La Agencia Estatal de Meteorolog\u00eda (Aemet) ha se\u00f1alado que la ola de calor que afecta a toda Espa\u00f1a va a extenderse al menos hasta el pr\u00f3ximo martes. Si bien hay incertidumbre, considera que este es el escenario m\u00e1s probable. Aunque los modelos estimaban hasta ahora que el fen\u00f3meno durar\u00eda hasta el fin de semana, para &hellip;<\/p>\n","protected":false},"author":1,"featured_media":39239,"comment_status":"open","ping_status":"open","sticky":false,"template":"","format":"standard","meta":{"fifu_image_url":"https:\/\/imagenes.elpais.com\/resizer\/v2\/OJ6EXCAWSJFAJKVCH4ASZVGAVI.jpg?auth=04a8d0c2ea0b67bf9d876fe541550ad58472f5fa3b3e49afc5eddaa799bd6b6a&width=1200","fifu_image_alt":"","footnotes":""},"categories":[11],"tags":[],"class_list":["post-39238","post","type-post","status-publish","format-standard","has-post-thumbnail","","category-viaje"],"_links":{"self":[{"href":"https:\/\/noticiasveraces.com\/index.php?rest_route=\/wp\/v2\/posts\/39238","targetHints":{"allow":["GET"]}}],"collection":[{"href":"https:\/\/noticiasveraces.com\/index.php?rest_route=\/wp\/v2\/posts"}],"about":[{"href":"https:\/\/noticiasveraces.com\/index.php?rest_route=\/wp\/v2\/types\/post"}],"author":[{"embeddable":true,"href":"https:\/\/noticiasveraces.com\/index.php?rest_route=\/wp\/v2\/users\/1"}],"replies":[{"embeddable":true,"href":"https:\/\/noticiasveraces.com\/index.php?rest_route=%2Fwp%2Fv2%2Fcomments&post=39238"}],"version-history":[{"count":0,"href":"https:\/\/noticiasveraces.com\/index.php?rest_route=\/wp\/v2\/posts\/39238\/revisions"}],"wp:featuredmedia":[{"embeddable":true,"href":"https:\/\/noticiasveraces.com\/index.php?rest_route=\/wp\/v2\/media\/39239"}],"wp:attachment":[{"href":"https:\/\/noticiasveraces.com\/index.php?rest_route=%2Fwp%2Fv2%2Fmedia&parent=39238"}],"wp:term":[{"taxonomy":"category","embeddable":true,"href":"https:\/\/noticiasveraces.com\/index.php?rest_route=%2Fwp%2Fv2%2Fcategories&post=39238"},{"taxonomy":"post_tag","embeddable":true,"href":"https:\/\/noticiasveraces.com\/index.php?rest_route=%2Fwp%2Fv2%2Ftags&post=39238"}],"curies":[{"name":"wp","href":"https:\/\/api.w.org\/{rel}","templated":true}]}}