{"id":39233,"date":"2025-08-06T18:13:12","date_gmt":"2025-08-06T22:13:12","guid":{"rendered":"https:\/\/noticiasveraces.com\/?p=39233"},"modified":"2025-08-06T18:13:12","modified_gmt":"2025-08-06T22:13:12","slug":"vancouver-whitecaps-ficha-al-veterano-aleman-thomas-muller-dw-06-08-2025","status":"publish","type":"post","link":"https:\/\/noticiasveraces.com\/?p=39233","title":{"rendered":"Vancouver Whitecaps ficha al veterano alem\u00e1n Thomas M\u00fcller \u2013 DW \u2013 06\/08\/2025"},"content":{"rendered":"<p> \n<\/p>\n<div data-tracking-name=\"rich-text\" data-tracking-skip=\"true\">\n<p>El Vancouver Whitecaps anunci\u00f3 este mi\u00e9rcoles (06.08.2025) el fichaje del veterano mediapunta alem\u00e1n Thomas M\u00fcller, quien se convertir\u00e1 en uno de los jugadores de mayor perfil de la Major League Soccer (MLS).<\/p>\n<p>La estrella de 35 a\u00f1os cerr\u00f3 el mes pasado su exitosa trayectoria de un cuarto de siglo en el Bayern M\u00fanich y ya hab\u00eda hecho p\u00fablica su intenci\u00f3n de alargar su carrera en el f\u00fatbol de Canad\u00e1 y Estados Unidos.<\/p>\n<p>El atacante, ganador de 13 t\u00edtulos de\u00a0Bundesliga, se comprometi\u00f3 con el club canadiense hasta el final de este a\u00f1o, con una opci\u00f3n para continuar como jugador franquicia en la temporada de 2026.<\/p>\n<p>\u00abEstoy deseando ir a Vancouver para ayudar a este equipo a ganar un campeonato. He o\u00eddo cosas incre\u00edbles sobre la ciudad, pero ante todo vengo a ganar\u00bb, expres\u00f3 M\u00fcller en el comunicado emitido por el Whitecaps.<\/p>\n<p>La franquicia canadiense, que no cuenta con figuras de renombre en su plantel, est\u00e1 siendo una de las revelaciones de esta temporada de la MLS, en la que ocupa la segunda posici\u00f3n de la Conferencia Oeste y en la que tambi\u00e9n lleg\u00f3 a la final de la Copa de Campeones de la Concacaf, que perdi\u00f3 ante el conjunto mexicano Cruz Azul.<\/p>\n<p>La culminaci\u00f3n del fichaje de M\u00fcller coincide con la llegada a Los \u00c1ngeles del surcoreano Son Heung-min, excapit\u00e1n del Tottenham, para cerrar su contrataci\u00f3n con Los Angeles FC.<\/p>\n<p>RR AFP\/DPA\/Reuters<\/p>\n<\/div>\n\n","protected":false},"excerpt":{"rendered":"<p>El Vancouver Whitecaps anunci\u00f3 este mi\u00e9rcoles (06.08.2025) el fichaje del veterano mediapunta alem\u00e1n Thomas M\u00fcller, quien se convertir\u00e1 en uno de los jugadores de mayor perfil de la Major League Soccer (MLS). La estrella de 35 a\u00f1os cerr\u00f3 el mes pasado su exitosa trayectoria de un cuarto de siglo en el Bayern M\u00fanich y ya &hellip;<\/p>\n","protected":false},"author":1,"featured_media":39234,"comment_status":"open","ping_status":"open","sticky":false,"template":"","format":"standard","meta":{"fifu_image_url":"https:\/\/static.dw.com\/image\/66796366_6.jpg","fifu_image_alt":"","footnotes":""},"categories":[13],"tags":[],"class_list":["post-39233","post","type-post","status-publish","format-standard","has-post-thumbnail","","category-mundo"],"_links":{"self":[{"href":"https:\/\/noticiasveraces.com\/index.php?rest_route=\/wp\/v2\/posts\/39233","targetHints":{"allow":["GET"]}}],"collection":[{"href":"https:\/\/noticiasveraces.com\/index.php?rest_route=\/wp\/v2\/posts"}],"about":[{"href":"https:\/\/noticiasveraces.com\/index.php?rest_route=\/wp\/v2\/types\/post"}],"author":[{"embeddable":true,"href":"https:\/\/noticiasveraces.com\/index.php?rest_route=\/wp\/v2\/users\/1"}],"replies":[{"embeddable":true,"href":"https:\/\/noticiasveraces.com\/index.php?rest_route=%2Fwp%2Fv2%2Fcomments&post=39233"}],"version-history":[{"count":0,"href":"https:\/\/noticiasveraces.com\/index.php?rest_route=\/wp\/v2\/posts\/39233\/revisions"}],"wp:featuredmedia":[{"embeddable":true,"href":"https:\/\/noticiasveraces.com\/index.php?rest_route=\/wp\/v2\/media\/39234"}],"wp:attachment":[{"href":"https:\/\/noticiasveraces.com\/index.php?rest_route=%2Fwp%2Fv2%2Fmedia&parent=39233"}],"wp:term":[{"taxonomy":"category","embeddable":true,"href":"https:\/\/noticiasveraces.com\/index.php?rest_route=%2Fwp%2Fv2%2Fcategories&post=39233"},{"taxonomy":"post_tag","embeddable":true,"href":"https:\/\/noticiasveraces.com\/index.php?rest_route=%2Fwp%2Fv2%2Ftags&post=39233"}],"curies":[{"name":"wp","href":"https:\/\/api.w.org\/{rel}","templated":true}]}}