{"id":39231,"date":"2025-08-06T17:12:04","date_gmt":"2025-08-06T21:12:04","guid":{"rendered":"https:\/\/noticiasveraces.com\/?p=39231"},"modified":"2025-08-06T17:12:04","modified_gmt":"2025-08-06T21:12:04","slug":"trump-planea-reunirse-con-putin-la-proxima-semana-dw-06-08-2025","status":"publish","type":"post","link":"https:\/\/noticiasveraces.com\/?p=39231","title":{"rendered":"Trump planea reunirse con Putin la pr\u00f3xima semana \u2013 DW \u2013 06\/08\/2025"},"content":{"rendered":"<p> \n<\/p>\n<div data-tracking-name=\"rich-text\" data-tracking-skip=\"true\">\n<p>El presidente de Estados Unidos, Donald Trump, quiere reunirse la pr\u00f3xima semana con su hom\u00f3logo ruso Vladimir Putin para poner fin a la invasi\u00f3n rusa de Ucrania, indic\u00f3 el diario <em>The New York Times<\/em> este mi\u00e9rcoles (06.08.2025).<\/p>\n<p>Tras este encuentro, el republicano pretende celebrar una segunda reuni\u00f3n a la que tambi\u00e9n se incluir\u00eda al mandatario ucraniano Volodimir Zelenski y en la que Trump tendr\u00eda un rol de mediador, precis\u00f3 el medio, que cita a dos fuentes familiarizadas con esos planes.<\/p>\n<p>\u00abLos rusos expresaron su deseo de reunirse con el presidente Trump y el presidente est\u00e1 dispuesto a reunirse tanto con el presidente Putin como con el presidente Zelenski\u00bb, declar\u00f3 la portavoz de la Casa Blanca, Karoline Leavitt, en respuesta al reporte.<\/p>\n<figure class=\"placeholder-image master_landscape big\"><img data-format=\"MASTER_LANDSCAPE\" data-id=\"73546152\" data-url=\"https:\/\/static.dw.com\/image\/73546152_${formatId}.jpg\" data-aspect-ratio=\"16\/9\" alt=\"Putin (izquierda en la imagen) y el enviado estadounidense Steve Witkoff se estrechan la mano durante la reuni\u00f3n en el Kremlin, en Mosc\u00fa (06.08.2025)\" style=\"padding-bottom: 56.25%; height: 0; max-height: 0;\"\/><figcaption class=\"img-caption\">Putin (izquierda en la imagen) y el enviado estadounidense Steve Witkoff se estrechan la mano durante la reuni\u00f3n en el Kremlin, en Mosc\u00fa (06.08.2025)<small class=\"copyright\">Imagen: Gavriil Grigorov\/AP Photo\/Picture Alliance<\/small><\/figcaption><\/figure>\n<h2><strong>\u00abAltamente productiva\u00bb reuni\u00f3n entre\u00a0enviado de Trump\u00a0y Putin<\/strong><\/h2>\n<p>Esta posibilidad se abord\u00f3 en una llamada entre Trump y Zelenski en la que participaron el secretario general de la OTAN, Mark Rutte, y los dirigentes de Reino Unido, Alemania y Finlandia, seg\u00fan un alto cargo ucraniano, despu\u00e9s de que el enviado estadounidense Steve Witkoff visitara Mosc\u00fa este mi\u00e9rcoles.<\/p>\n<p>M\u00e1s temprano este mi\u00e9rcoles, Trump dijo que hab\u00eda hablado con l\u00edderes europeos tras la \u00abaltamente productiva\u00bb reuni\u00f3n de Witkoff con Putin en Rusia.<\/p>\n<p>Si bien se\u00f1al\u00f3 que se lograron \u00abgrandes avances\u00bb durante la reuni\u00f3n, Trump escribi\u00f3 en su plataforma Truth Social que \u00abtodos\u00bb est\u00e1n \u00abde acuerdo en que esta guerra debe terminar\u00bb, y trabajaran \u00abpara lograrlo en los pr\u00f3ximos d\u00edas y semanas\u00bb.<\/p>\n<p>RR AFP\/Reuters\/AP<\/p>\n<\/div>\n\n","protected":false},"excerpt":{"rendered":"<p>El presidente de Estados Unidos, Donald Trump, quiere reunirse la pr\u00f3xima semana con su hom\u00f3logo ruso Vladimir Putin para poner fin a la invasi\u00f3n rusa de Ucrania, indic\u00f3 el diario The New York Times este mi\u00e9rcoles (06.08.2025). Tras este encuentro, el republicano pretende celebrar una segunda reuni\u00f3n a la que tambi\u00e9n se incluir\u00eda al mandatario &hellip;<\/p>\n","protected":false},"author":1,"featured_media":39232,"comment_status":"open","ping_status":"open","sticky":false,"template":"","format":"standard","meta":{"fifu_image_url":"https:\/\/static.dw.com\/image\/72601877_6.jpg","fifu_image_alt":"","footnotes":""},"categories":[13],"tags":[],"class_list":["post-39231","post","type-post","status-publish","format-standard","has-post-thumbnail","","category-mundo"],"_links":{"self":[{"href":"https:\/\/noticiasveraces.com\/index.php?rest_route=\/wp\/v2\/posts\/39231","targetHints":{"allow":["GET"]}}],"collection":[{"href":"https:\/\/noticiasveraces.com\/index.php?rest_route=\/wp\/v2\/posts"}],"about":[{"href":"https:\/\/noticiasveraces.com\/index.php?rest_route=\/wp\/v2\/types\/post"}],"author":[{"embeddable":true,"href":"https:\/\/noticiasveraces.com\/index.php?rest_route=\/wp\/v2\/users\/1"}],"replies":[{"embeddable":true,"href":"https:\/\/noticiasveraces.com\/index.php?rest_route=%2Fwp%2Fv2%2Fcomments&post=39231"}],"version-history":[{"count":0,"href":"https:\/\/noticiasveraces.com\/index.php?rest_route=\/wp\/v2\/posts\/39231\/revisions"}],"wp:featuredmedia":[{"embeddable":true,"href":"https:\/\/noticiasveraces.com\/index.php?rest_route=\/wp\/v2\/media\/39232"}],"wp:attachment":[{"href":"https:\/\/noticiasveraces.com\/index.php?rest_route=%2Fwp%2Fv2%2Fmedia&parent=39231"}],"wp:term":[{"taxonomy":"category","embeddable":true,"href":"https:\/\/noticiasveraces.com\/index.php?rest_route=%2Fwp%2Fv2%2Fcategories&post=39231"},{"taxonomy":"post_tag","embeddable":true,"href":"https:\/\/noticiasveraces.com\/index.php?rest_route=%2Fwp%2Fv2%2Ftags&post=39231"}],"curies":[{"name":"wp","href":"https:\/\/api.w.org\/{rel}","templated":true}]}}