{"id":39227,"date":"2025-08-06T15:10:16","date_gmt":"2025-08-06T19:10:16","guid":{"rendered":"https:\/\/noticiasveraces.com\/?p=39227"},"modified":"2025-08-06T15:10:16","modified_gmt":"2025-08-06T19:10:16","slug":"rebeldes-del-m23-mataron-a-mas-de-300-civiles-en-este-de-rdc-dw-06-08-2025","status":"publish","type":"post","link":"https:\/\/noticiasveraces.com\/?p=39227","title":{"rendered":"Rebeldes del M23 mataron a m\u00e1s de 300 civiles en este de RDC \u2013 DW \u2013 06\/08\/2025"},"content":{"rendered":"<p> \n<\/p>\n<div data-tracking-name=\"rich-text\" data-tracking-skip=\"true\">\n<p>Al menos 319 personas fueron asesinadas en el este de la Rep\u00fablica Democr\u00e1tica del Congo (RDC) por el grupo armado M23, respaldado por fuerzas armadas ruandesas, denunci\u00f3 el alto comisionado de la ONU para los derechos humanos, Volker T\u00fcrk, este mi\u00e9rcoles (06.08.2025).<\/p>\n<p>Los ataques, registrados entre el 9 y el 21 de julio, se concentraron en el territorio de Rutshuru, en la provincia de Kivu del Norte, y entre las v\u00edctimas hubo al menos 48 mujeres y 19 ni\u00f1os.<\/p>\n<p>La arremetida dej\u00f3 \u00abuna de las mayores cifras documentadas de muertos en este tipo de ataques desde el resurgimiento del M23 en 2022\u00bb, declar\u00f3 Turk en un comunicado.<\/p>\n<p>La continua violencia podr\u00eda amenazar los esfuerzos liderados por Qatar para lograr que la RDC y los rebeldes firmen un acuerdo de paz permanente antes del 18 de agosto. Una de las condiciones del pacto es la protecci\u00f3n de la poblaci\u00f3n civil y el retorno seguro de millones de personas desplazadas por el conflicto.<\/p>\n<p>A principios de este a\u00f1o, el M23 se apoder\u00f3 de dos ciudades clave en el este de la RDC en una importante escalada, con la ayuda de las fuerzas ruandesas vecinas. El pa\u00eds africano ha sido azotado durante mucho tiempo por un conflicto mortal en su este, rico en minerales, con la participaci\u00f3n de m\u00e1s de 100 grupos armados.<\/p>\n<p>El 19 de julio, ambas partes firmaron una declaraci\u00f3n de principios en Qatar para poner fin a los combates y comprometerse a un acuerdo de paz integral que incluir\u00eda el restablecimiento de las autoridades estatales en ciudades clave del este controladas por los insurgentes.<\/p>\n<p>RR AP\/Reuters<\/p>\n<\/div>\n\n","protected":false},"excerpt":{"rendered":"<p>Al menos 319 personas fueron asesinadas en el este de la Rep\u00fablica Democr\u00e1tica del Congo (RDC) por el grupo armado M23, respaldado por fuerzas armadas ruandesas, denunci\u00f3 el alto comisionado de la ONU para los derechos humanos, Volker T\u00fcrk, este mi\u00e9rcoles (06.08.2025). Los ataques, registrados entre el 9 y el 21 de julio, se concentraron &hellip;<\/p>\n","protected":false},"author":1,"featured_media":39228,"comment_status":"open","ping_status":"open","sticky":false,"template":"","format":"standard","meta":{"fifu_image_url":"https:\/\/static.dw.com\/image\/72152077_6.jpg","fifu_image_alt":"","footnotes":""},"categories":[13],"tags":[],"class_list":["post-39227","post","type-post","status-publish","format-standard","has-post-thumbnail","","category-mundo"],"_links":{"self":[{"href":"https:\/\/noticiasveraces.com\/index.php?rest_route=\/wp\/v2\/posts\/39227","targetHints":{"allow":["GET"]}}],"collection":[{"href":"https:\/\/noticiasveraces.com\/index.php?rest_route=\/wp\/v2\/posts"}],"about":[{"href":"https:\/\/noticiasveraces.com\/index.php?rest_route=\/wp\/v2\/types\/post"}],"author":[{"embeddable":true,"href":"https:\/\/noticiasveraces.com\/index.php?rest_route=\/wp\/v2\/users\/1"}],"replies":[{"embeddable":true,"href":"https:\/\/noticiasveraces.com\/index.php?rest_route=%2Fwp%2Fv2%2Fcomments&post=39227"}],"version-history":[{"count":0,"href":"https:\/\/noticiasveraces.com\/index.php?rest_route=\/wp\/v2\/posts\/39227\/revisions"}],"wp:featuredmedia":[{"embeddable":true,"href":"https:\/\/noticiasveraces.com\/index.php?rest_route=\/wp\/v2\/media\/39228"}],"wp:attachment":[{"href":"https:\/\/noticiasveraces.com\/index.php?rest_route=%2Fwp%2Fv2%2Fmedia&parent=39227"}],"wp:term":[{"taxonomy":"category","embeddable":true,"href":"https:\/\/noticiasveraces.com\/index.php?rest_route=%2Fwp%2Fv2%2Fcategories&post=39227"},{"taxonomy":"post_tag","embeddable":true,"href":"https:\/\/noticiasveraces.com\/index.php?rest_route=%2Fwp%2Fv2%2Ftags&post=39227"}],"curies":[{"name":"wp","href":"https:\/\/api.w.org\/{rel}","templated":true}]}}