{"id":39185,"date":"2025-08-06T07:59:59","date_gmt":"2025-08-06T11:59:59","guid":{"rendered":"https:\/\/noticiasveraces.com\/?p=39185"},"modified":"2025-08-06T07:59:59","modified_gmt":"2025-08-06T11:59:59","slug":"hiroshima-pide-poner-fin-a-las-armas-nucleares-dw-06-08-2025","status":"publish","type":"post","link":"https:\/\/noticiasveraces.com\/?p=39185","title":{"rendered":"Hiroshima pide poner fin a las armas nucleares \u2013 DW \u2013 06\/08\/2025"},"content":{"rendered":"<p> \n<\/p>\n<div data-tracking-name=\"rich-text\" data-tracking-skip=\"true\">\n<p>La ciudad nipona\u00a0de Hiroshima\u00a0pidi\u00f3 este mi\u00e9rcoles (6.08.2025) a la comunidad internacional que alcance un consenso para poner fin a las armas nucleares,\u00a0en el d\u00eda en el que se cumple el 80 aniversario de su bombardeo at\u00f3mico, el primero de la historia.<\/p>\n<p>\u00abA pesar de la agitaci\u00f3n actual a nivel de los Estados, nosotros, el pueblo, nunca debemos rendirnos. En cambio, debemos esforzarnos a\u00fan m\u00e1s para construir un consenso en la sociedad civil sobre la necesidad de abolir las armas nucleares para un mundo verdaderamente pac\u00edfico\u00bb, dijo hoy el alcalde de la ciudad, Kazumi Matsui, dentro de una declaraci\u00f3n de paz le\u00edda durante la ceremonia.<\/p>\n<p>En el texto, que se hace p\u00fablico cada a\u00f1o en esta fecha se\u00f1alada, el alcalde manda un mensaje claro a los mandatarios de todo el mundo, a los que pide que reflexionen y se den cuenta de que sus pol\u00edticas son las causantes de los conflictos globales.<\/p>\n<p>\u00abPor favor, visite Hiroshima. Presencie con sus propios ojos lo que provoca un bombardeo at\u00f3mico. Acepte con sinceridad el esp\u00edritu pac\u00edfico de Hiroshima y comience de inmediato a debatir un marco de seguridad basado en la confianza mediante el di\u00e1logo\u00bb, a\u00f1adi\u00f3 el texto, en un llamamiento a los mandatarios.<\/p>\n<figure class=\"placeholder-image master_landscape big\"><img data-format=\"MASTER_LANDSCAPE\" data-id=\"73521571\" data-url=\"https:\/\/static.dw.com\/image\/73521571_${formatId}.jpg\" data-aspect-ratio=\"16\/9\" alt=\"Imagen del hongo at\u00f3mico causado por la bomba nuclear lanzada por EE. UU. sobre Hiroshima en 1945.\" style=\"padding-bottom: 56.25%; height: 0; max-height: 0;\"\/><figcaption class=\"img-caption\">Imagen del hongo at\u00f3mico causado por la bomba nuclear lanzada por EE. UU. sobre Hiroshima en 1945.<small class=\"copyright\">Imagen: United Archives International\/Imelo<\/small><\/figcaption><\/figure>\n<p>Unas 55.000 personas de 120 pa\u00edses y regiones participaron este mi\u00e9rcoles en la ceremonia por la paz en dicha ciudad japonesa, lo que supuso una representaci\u00f3n diplom\u00e1tica r\u00e9cord a pesar de los 35 grados y advertencias por posibles golpes de calor esta ma\u00f1ana.<\/p>\n<p>La Campana de la Paz reson\u00f3 en el Parque Memorial de la Paz de la localidad durante el minuto de silencio observado a las 8:15 hora local (23:15 GMT del martes), la hora exacta a la que la bomba &#8216;Little Boy&#8217; fue lanzada por el bombardero Enola Gay sobre la ciudad, causando la muerte instant\u00e1nea de unas 70.000 personas, cifra que se duplicar\u00eda a finales de 1945.<\/p>\n<figure class=\"placeholder-image master_landscape big\"><img data-format=\"MASTER_LANDSCAPE\" data-id=\"73545887\" data-url=\"https:\/\/static.dw.com\/image\/73545887_${formatId}.jpg\" data-aspect-ratio=\"16\/9\" alt=\"Personas oran en un homenaje a las v\u00edctimas de la bomba at\u00f3mica en Hiroshima y Nagasaki. (Hiroshima, 6.08.2025).\" style=\"padding-bottom: 56.25%; height: 0; max-height: 0;\"\/><figcaption class=\"img-caption\">Homenaje a las v\u00edctimas de la bomba at\u00f3mica en Hiroshima y Nagasaki, en Hiroshima. (6.08.2025).<small class=\"copyright\">Imagen: voy a<\/small><\/figcaption><\/figure>\n<h2>Posici\u00f3n de Jap\u00f3n<\/h2>\n<p>El primer ministro de Jap\u00f3n, Shigeru Ishiba, afirm\u00f3 este mi\u00e9rcoles que Tokio debe \u00abliderar los esfuerzos globales\u00bb para lograr un mundo sin armas nucleares, durante su discurso en la ceremonia.<\/p>\n<p><span data-slot-id=\"Article_InContent-1\" class=\"rich-text-ad\"\/><\/p>\n<p>\u00abLiderar la comunidad internacional para lograr un mundo sin armas nucleares es la misi\u00f3n de Jap\u00f3n como \u00fanico pa\u00eds que ha sufrido la bomba at\u00f3mica en la guerra, y que aplica los tres principios no nucleares\u00bb, se\u00f1al\u00f3 Ishiba.<\/p>\n<p>El mandatario tambi\u00e9n rechaz\u00f3 la posibilidad de que el pa\u00eds comparta armas nucleares de Estados Unidos, y reafirm\u00f3 la voluntad del Ejecutivo nip\u00f3n de respetar esos principios.<\/p>\n<p>De fondo, procedentes de fuera del recinto del acto, pod\u00edan escucharse consignas de protesta de manifestantes en contra de las armas nucleares.<\/p>\n<p>Una cifra sin precedentes de 120 pa\u00edses y regiones, entre los que se encontraban Israel, representantes de la Autoridad Palestina y Ucrania, pero no Rusia, participaron hoy en el encuentro.<\/p>\n<figure class=\"placeholder-image master_landscape big\"><img data-format=\"MASTER_LANDSCAPE\" data-id=\"73545828\" data-url=\"https:\/\/static.dw.com\/image\/73545828_${formatId}.jpg\" data-aspect-ratio=\"16\/9\" alt=\"J\u00f3venes tocan la campana de la paz en Hiroshima para conmemorar a las v\u00edctimas de la bomba at\u00f3mica. \" style=\"padding-bottom: 56.25%; height: 0; max-height: 0;\"\/><figcaption class=\"img-caption\">J\u00f3venes tocan la campana de la paz en Hiroshima para conmemorar a las v\u00edctimas de la bomba at\u00f3mica, en el 80.\u00ba aniversario del lanzamiento. (6.08.2025).<small class=\"copyright\">Imagen: Richard A. Brooks\/AFP\/Getty Images<\/small><\/figcaption><\/figure>\n<h2>Mayor riesgo que nunca <\/h2>\n<p>La Campa\u00f1a Internacional para Abolir las Armas Nucleares (ICAN) aprovech\u00f3 la efem\u00e9ride para advertir que el riesgo de que se utilicen armas at\u00f3micas es mayor ahora que nunca antes debido a las tensiones y conflictos vigentes.<\/p>\n<p>\u00abEl riesgo de uso de armas nucleares es m\u00e1s alto ahora que nunca, tenemos una serie de confrontaciones y conflictos que involucran a estados poseedores de armas nucleares\u00bb, explic\u00f3 la directora ejecutiva de ICAN, Melissa Parke, en una entrevista con la agencia EFE.<\/p>\n<p>Premiada con el Nobel de la Paz en 2017, la organizaci\u00f3n considera especialmente preocupante el discurso de que las armas nucleares pueden utilizarse de forma t\u00e1ctica: \u00abtenemos que recordar que las bombas lanzadas en Hiroshima y Nagasaki ser\u00edan descritas hoy como armas nucleares t\u00e1cticas\u00bb, a\u00f1adi\u00f3.<\/p>\n<p>CP (EFE, AFP)<\/p>\n<\/div>\n\n","protected":false},"excerpt":{"rendered":"<p>La ciudad nipona\u00a0de Hiroshima\u00a0pidi\u00f3 este mi\u00e9rcoles (6.08.2025) a la comunidad internacional que alcance un consenso para poner fin a las armas nucleares,\u00a0en el d\u00eda en el que se cumple el 80 aniversario de su bombardeo at\u00f3mico, el primero de la historia. \u00abA pesar de la agitaci\u00f3n actual a nivel de los Estados, nosotros, el pueblo, &hellip;<\/p>\n","protected":false},"author":1,"featured_media":39186,"comment_status":"open","ping_status":"open","sticky":false,"template":"","format":"standard","meta":{"fifu_image_url":"https:\/\/static.dw.com\/image\/73545978_6.jpg","fifu_image_alt":"","footnotes":""},"categories":[13],"tags":[],"class_list":["post-39185","post","type-post","status-publish","format-standard","has-post-thumbnail","","category-mundo"],"_links":{"self":[{"href":"https:\/\/noticiasveraces.com\/index.php?rest_route=\/wp\/v2\/posts\/39185","targetHints":{"allow":["GET"]}}],"collection":[{"href":"https:\/\/noticiasveraces.com\/index.php?rest_route=\/wp\/v2\/posts"}],"about":[{"href":"https:\/\/noticiasveraces.com\/index.php?rest_route=\/wp\/v2\/types\/post"}],"author":[{"embeddable":true,"href":"https:\/\/noticiasveraces.com\/index.php?rest_route=\/wp\/v2\/users\/1"}],"replies":[{"embeddable":true,"href":"https:\/\/noticiasveraces.com\/index.php?rest_route=%2Fwp%2Fv2%2Fcomments&post=39185"}],"version-history":[{"count":0,"href":"https:\/\/noticiasveraces.com\/index.php?rest_route=\/wp\/v2\/posts\/39185\/revisions"}],"wp:featuredmedia":[{"embeddable":true,"href":"https:\/\/noticiasveraces.com\/index.php?rest_route=\/wp\/v2\/media\/39186"}],"wp:attachment":[{"href":"https:\/\/noticiasveraces.com\/index.php?rest_route=%2Fwp%2Fv2%2Fmedia&parent=39185"}],"wp:term":[{"taxonomy":"category","embeddable":true,"href":"https:\/\/noticiasveraces.com\/index.php?rest_route=%2Fwp%2Fv2%2Fcategories&post=39185"},{"taxonomy":"post_tag","embeddable":true,"href":"https:\/\/noticiasveraces.com\/index.php?rest_route=%2Fwp%2Fv2%2Ftags&post=39185"}],"curies":[{"name":"wp","href":"https:\/\/api.w.org\/{rel}","templated":true}]}}