{"id":39180,"date":"2025-08-06T06:58:40","date_gmt":"2025-08-06T10:58:40","guid":{"rendered":"https:\/\/noticiasveraces.com\/?p=39180"},"modified":"2025-08-06T06:58:40","modified_gmt":"2025-08-06T10:58:40","slug":"periodista-estadounidense-desaparecido-en-noruega-despues-del-viaje-de-mochilero-dice-la-familia","status":"publish","type":"post","link":"https:\/\/noticiasveraces.com\/?p=39180","title":{"rendered":"Periodista estadounidense desaparecido en Noruega despu\u00e9s del viaje de mochilero, dice la familia"},"content":{"rendered":"<p> \n<\/p>\n<div>\n<div id=\"beyondwords-wrapper\" class=\"beyondwords-wrapper\">\n<p><span class=\"label-bg\">NUEVO<\/span>\u00a1Ahora puedes escuchar art\u00edculos de Fox News!\n  <\/p>\n<\/div>\n<p class=\"speakable\">Se est\u00e1 buscando una b\u00fasqueda para un periodista estadounidense que desapareci\u00f3 en un glaciar noruego en el Parque Nacional Folgefonna mientras est\u00e1 en un viaje de mochilero en solitario, seg\u00fan su familia.<\/p>\n<p class=\"speakable\">Alec Luhn, de 38 a\u00f1os, fue reportado como desaparecido el lunes a las autoridades noruegas cuando no se present\u00f3 para su vuelo a casa a Inglaterra despu\u00e9s de irse a una caminata el 31 de julio en Odda, en el suroeste de Noruega, seg\u00fan su esposa, Veronika Silchenko, quien public\u00f3 en las redes sociales que le otorg\u00f3 a cualquiera que pueda haberlo visto a tocar.<\/p>\n<p>Luhn, un galardonado periodista clim\u00e1tico estadounidense, estaba de vacaciones con su familia antes de irse a la caminata y comparti\u00f3 su ubicaci\u00f3n, seg\u00fan CBS News.<\/p>\n<p><strong>El hombre de Nueva Jersey desaparece en el Grand Canyon &#8216;Mega-Fire&#8217; a medida que los esfuerzos de b\u00fasqueda contin\u00faan la semana despu\u00e9s<\/strong><\/p>\n<div class=\"image-ct inline\">\n<div class=\"m\"><picture><source media=\"(max-width: 767px)\" srcset=\"https:\/\/a57.foxnews.com\/static.foxnews.com\/foxnews.com\/content\/uploads\/2025\/08\/343\/192\/folgefonna-glacier.png?ve=1&amp;tl=1, https:\/\/a57.foxnews.com\/static.foxnews.com\/foxnews.com\/content\/uploads\/2025\/08\/686\/384\/folgefonna-glacier.png?ve=1&amp;tl=1 2x\" height=\"192\" width=\"343\"><source media=\"(min-width: 768px) and (max-width: 1023px)\" srcset=\"https:\/\/a57.foxnews.com\/static.foxnews.com\/foxnews.com\/content\/uploads\/2025\/08\/672\/378\/folgefonna-glacier.png?ve=1&amp;tl=1, https:\/\/a57.foxnews.com\/static.foxnews.com\/foxnews.com\/content\/uploads\/2025\/08\/1344\/756\/folgefonna-glacier.png?ve=1&amp;tl=1 2x\" height=\"378\" width=\"672\"><source media=\"(min-width: 1024px) and (max-width: 1279px)\" srcset=\"https:\/\/a57.foxnews.com\/static.foxnews.com\/foxnews.com\/content\/uploads\/2025\/08\/931\/523\/folgefonna-glacier.png?ve=1&amp;tl=1, https:\/\/a57.foxnews.com\/static.foxnews.com\/foxnews.com\/content\/uploads\/2025\/08\/1862\/1046\/folgefonna-glacier.png?ve=1&amp;tl=1 2x\" height=\"523\" width=\"931\"><source media=\"(min-width: 1280px)\" srcset=\"https:\/\/a57.foxnews.com\/static.foxnews.com\/foxnews.com\/content\/uploads\/2025\/08\/720\/405\/folgefonna-glacier.png?ve=1&amp;tl=1, https:\/\/a57.foxnews.com\/static.foxnews.com\/foxnews.com\/content\/uploads\/2025\/08\/1440\/810\/folgefonna-glacier.png?ve=1&amp;tl=1 2x\" height=\"405\" width=\"720\"><img loading=\"lazy\" decoding=\"async\" src=\"https:\/\/a57.foxnews.com\/static.foxnews.com\/foxnews.com\/content\/uploads\/2025\/08\/1200\/675\/folgefonna-glacier.png?ve=1&amp;tl=1\" alt=\"Glacon de folgefonna\" width=\"1200\" height=\"675\"\/><\/source><\/source><\/source><\/source><\/picture><\/div>\n<div class=\"info\">\n<div class=\"caption\">\n<p><span>Alec Luhn, de 38 a\u00f1os, fue reportado como desaparecido el lunes a las autoridades noruegas.<\/span> <span>(Getty Images)<\/span><\/p>\n<\/div>\n<\/div>\n<\/div>\n<p>Su familia no estaba preocupada ya que \u00e9l es un experimentado al aire libre, seg\u00fan The Outlet. Su familia esperaba que no tuviera servicio celular, pero cuando no se present\u00f3 para su vuelo de regreso a casa el lunes por la noche, llamaron a la polic\u00eda.<\/p>\n<p>Silchenko, un periodista de televisi\u00f3n ganador del Emmy, dijo que su esposo envi\u00f3 una foto de su \u00faltima ubicaci\u00f3n conocida en Odda el jueves, diciendo \u00abEsa fue la \u00faltima vez que escuch\u00e9 de \u00e9l\u00bb.<\/p>\n<div class=\"image-ct inline\">\n<div class=\"m\"><picture><source media=\"(max-width: 767px)\" srcset=\"https:\/\/a57.foxnews.com\/static.foxnews.com\/foxnews.com\/content\/uploads\/2025\/08\/343\/192\/alec-luhn-missing-norway.jpg?ve=1&amp;tl=1, https:\/\/a57.foxnews.com\/static.foxnews.com\/foxnews.com\/content\/uploads\/2025\/08\/686\/384\/alec-luhn-missing-norway.jpg?ve=1&amp;tl=1 2x\" height=\"192\" width=\"343\"><source media=\"(min-width: 768px) and (max-width: 1023px)\" srcset=\"https:\/\/a57.foxnews.com\/static.foxnews.com\/foxnews.com\/content\/uploads\/2025\/08\/672\/378\/alec-luhn-missing-norway.jpg?ve=1&amp;tl=1, https:\/\/a57.foxnews.com\/static.foxnews.com\/foxnews.com\/content\/uploads\/2025\/08\/1344\/756\/alec-luhn-missing-norway.jpg?ve=1&amp;tl=1 2x\" height=\"378\" width=\"672\"><source media=\"(min-width: 1024px) and (max-width: 1279px)\" srcset=\"https:\/\/a57.foxnews.com\/static.foxnews.com\/foxnews.com\/content\/uploads\/2025\/08\/931\/523\/alec-luhn-missing-norway.jpg?ve=1&amp;tl=1, https:\/\/a57.foxnews.com\/static.foxnews.com\/foxnews.com\/content\/uploads\/2025\/08\/1862\/1046\/alec-luhn-missing-norway.jpg?ve=1&amp;tl=1 2x\" height=\"523\" width=\"931\"><source media=\"(min-width: 1280px)\" srcset=\"https:\/\/a57.foxnews.com\/static.foxnews.com\/foxnews.com\/content\/uploads\/2025\/08\/720\/405\/alec-luhn-missing-norway.jpg?ve=1&amp;tl=1, https:\/\/a57.foxnews.com\/static.foxnews.com\/foxnews.com\/content\/uploads\/2025\/08\/1440\/810\/alec-luhn-missing-norway.jpg?ve=1&amp;tl=1 2x\" height=\"405\" width=\"720\"><img loading=\"lazy\" decoding=\"async\" src=\"https:\/\/a57.foxnews.com\/static.foxnews.com\/foxnews.com\/content\/uploads\/2025\/08\/1200\/675\/alec-luhn-missing-norway.jpg?ve=1&amp;tl=1\" alt=\"Fotograf\u00eda de Alec Luhn\" width=\"1200\" height=\"675\"\/><\/source><\/source><\/source><\/source><\/picture><\/div>\n<div class=\"info\">\n<div class=\"caption\">\n<p><span>Alex Luhn se dirig\u00eda a Ocha, Noruega, en un viaje de mochilero en solitario. <\/span> <span>(Facebook a trav\u00e9s de Veronika Silchenko)<\/span><\/p>\n<\/div>\n<\/div>\n<\/div>\n<p>\u00abAlec est\u00e1 b\u00e1sicamente obsesionado con el \u00c1rtico\u00bb, dijo Silchenko a CBS News. \u00ab\u00c9l ama los glaciares y la nieve, y ama a los exploradores, y es un periodista clim\u00e1tico, por lo que para \u00e9l siempre es esa historia que ahora, debido al cambio clim\u00e1tico, todos se est\u00e1n reduciendo, y est\u00e1 haciendo todo lo posible para ir a los pa\u00edses m\u00e1s fr\u00edos\u00bb.<\/p>\n<div class=\"image-ct inline\">\n<div class=\"m\"><picture><source media=\"(max-width: 767px)\" srcset=\"https:\/\/a57.foxnews.com\/static.foxnews.com\/foxnews.com\/content\/uploads\/2025\/08\/343\/192\/norwayfolgefonna-glacier.png?ve=1&amp;tl=1, https:\/\/a57.foxnews.com\/static.foxnews.com\/foxnews.com\/content\/uploads\/2025\/08\/686\/384\/norwayfolgefonna-glacier.png?ve=1&amp;tl=1 2x\" height=\"192\" width=\"343\"><source media=\"(min-width: 768px) and (max-width: 1023px)\" srcset=\"https:\/\/a57.foxnews.com\/static.foxnews.com\/foxnews.com\/content\/uploads\/2025\/08\/672\/378\/norwayfolgefonna-glacier.png?ve=1&amp;tl=1, https:\/\/a57.foxnews.com\/static.foxnews.com\/foxnews.com\/content\/uploads\/2025\/08\/1344\/756\/norwayfolgefonna-glacier.png?ve=1&amp;tl=1 2x\" height=\"378\" width=\"672\"><source media=\"(min-width: 1024px) and (max-width: 1279px)\" srcset=\"https:\/\/a57.foxnews.com\/static.foxnews.com\/foxnews.com\/content\/uploads\/2025\/08\/931\/523\/norwayfolgefonna-glacier.png?ve=1&amp;tl=1, https:\/\/a57.foxnews.com\/static.foxnews.com\/foxnews.com\/content\/uploads\/2025\/08\/1862\/1046\/norwayfolgefonna-glacier.png?ve=1&amp;tl=1 2x\" height=\"523\" width=\"931\"><source media=\"(min-width: 1280px)\" srcset=\"https:\/\/a57.foxnews.com\/static.foxnews.com\/foxnews.com\/content\/uploads\/2025\/08\/720\/405\/norwayfolgefonna-glacier.png?ve=1&amp;tl=1, https:\/\/a57.foxnews.com\/static.foxnews.com\/foxnews.com\/content\/uploads\/2025\/08\/1440\/810\/norwayfolgefonna-glacier.png?ve=1&amp;tl=1 2x\" height=\"405\" width=\"720\"><img loading=\"lazy\" decoding=\"async\" src=\"https:\/\/a57.foxnews.com\/static.foxnews.com\/foxnews.com\/content\/uploads\/2025\/08\/1200\/675\/norwayfolgefonna-glacier.png?ve=1&amp;tl=1\" alt=\"Glaciar al Parque Nacional Folgefonna\" width=\"1200\" height=\"675\"\/><\/source><\/source><\/source><\/source><\/picture><\/div>\n<div class=\"info\">\n<div class=\"caption\">\n<p><span>Alec Luhn estaba de vacaciones con su familia antes de irse a la caminata.<\/span> <span>(Getty Images)<\/span><\/p>\n<\/div>\n<\/div>\n<\/div>\n<p>Luhn vive con su esposa en Londres, pero \u00e9l es de Wisconsin.<\/p>\n<p>Ha informado para varios medios, incluidos The Guardian, The New York Times, The Atlantic, National Geographic, Scientific American, Time, CBS News Radio y Vice News TV.<\/p>\n<p>El mal tiempo hab\u00eda obligado a una operaci\u00f3n de b\u00fasqueda con un helic\u00f3ptero para ser suspendido el lunes por la noche, dijo la polic\u00eda.<\/p>\n<p><strong>La autopsia de Wisconsin Student Eliotte Heinz no muestra un juego sucio sospechoso en la muerte: la polic\u00eda<\/strong><\/p>\n<div class=\"image-ct inline\">\n<div class=\"m\"><picture><source media=\"(max-width: 767px)\" srcset=\"https:\/\/a57.foxnews.com\/static.foxnews.com\/foxnews.com\/content\/uploads\/2025\/08\/343\/192\/folgefonnaglacier.png?ve=1&amp;tl=1, https:\/\/a57.foxnews.com\/static.foxnews.com\/foxnews.com\/content\/uploads\/2025\/08\/686\/384\/folgefonnaglacier.png?ve=1&amp;tl=1 2x\" height=\"192\" width=\"343\"><source media=\"(min-width: 768px) and (max-width: 1023px)\" srcset=\"https:\/\/a57.foxnews.com\/static.foxnews.com\/foxnews.com\/content\/uploads\/2025\/08\/672\/378\/folgefonnaglacier.png?ve=1&amp;tl=1, https:\/\/a57.foxnews.com\/static.foxnews.com\/foxnews.com\/content\/uploads\/2025\/08\/1344\/756\/folgefonnaglacier.png?ve=1&amp;tl=1 2x\" height=\"378\" width=\"672\"><source media=\"(min-width: 1024px) and (max-width: 1279px)\" srcset=\"https:\/\/a57.foxnews.com\/static.foxnews.com\/foxnews.com\/content\/uploads\/2025\/08\/931\/523\/folgefonnaglacier.png?ve=1&amp;tl=1, https:\/\/a57.foxnews.com\/static.foxnews.com\/foxnews.com\/content\/uploads\/2025\/08\/1862\/1046\/folgefonnaglacier.png?ve=1&amp;tl=1 2x\" height=\"523\" width=\"931\"><source media=\"(min-width: 1280px)\" srcset=\"https:\/\/a57.foxnews.com\/static.foxnews.com\/foxnews.com\/content\/uploads\/2025\/08\/720\/405\/folgefonnaglacier.png?ve=1&amp;tl=1, https:\/\/a57.foxnews.com\/static.foxnews.com\/foxnews.com\/content\/uploads\/2025\/08\/1440\/810\/folgefonnaglacier.png?ve=1&amp;tl=1 2x\" height=\"405\" width=\"720\"><img loading=\"lazy\" decoding=\"async\" src=\"https:\/\/a57.foxnews.com\/static.foxnews.com\/foxnews.com\/content\/uploads\/2025\/08\/1200\/675\/folgefonnaglacier.png?ve=1&amp;tl=1\" alt=\"Parque Nacional FolgeFonna\" width=\"1200\" height=\"675\"\/><\/source><\/source><\/source><\/source><\/picture><\/div>\n<div class=\"info\">\n<div class=\"caption\">\n<p><span>Alec Luhn vive con su esposa en Londres, pero \u00e9l es de Wisconsin.<\/span> <span>(Getty Images)<\/span><\/p>\n<\/div>\n<\/div>\n<\/div>\n<p><strong><u>Haga clic aqu\u00ed para ver la aplicaci\u00f3n Fox News<\/u><\/strong><\/p>\n<p>\u00abEl clima comenz\u00f3 a ponerse realmente mal alrededor de la medianoche. En ese momento, no era razonable continuar la b\u00fasqueda en las monta\u00f1as\u00bb, dijo Tatjana Knappen, del distrito de la polic\u00eda occidental, a la emisora p\u00fablica de Noruega NRK.<\/p>\n<p>Un equipo de b\u00fasqueda y rescate voluntario, polic\u00eda, perros y drones renovaron la b\u00fasqueda el martes antes de que se suspendiera nuevamente debido a las condiciones clim\u00e1ticas.<\/p>\n<p>La Cruz Roja Noruega dijo que las operaciones de b\u00fasqueda hab\u00edan estado en curso durante todo el martes. Dijo que los equipos de b\u00fasqueda eran locales y familiarizados con el terreno, pero lo calificaron particularmente desafiante debido a condiciones dif\u00edciles y un clima exigente.<\/p>\n<p> <!----> <\/div>\n\n","protected":false},"excerpt":{"rendered":"<p>NUEVO\u00a1Ahora puedes escuchar art\u00edculos de Fox News! Se est\u00e1 buscando una b\u00fasqueda para un periodista estadounidense que desapareci\u00f3 en un glaciar noruego en el Parque Nacional Folgefonna mientras est\u00e1 en un viaje de mochilero en solitario, seg\u00fan su familia. Alec Luhn, de 38 a\u00f1os, fue reportado como desaparecido el lunes a las autoridades noruegas cuando &hellip;<\/p>\n","protected":false},"author":1,"featured_media":39182,"comment_status":"open","ping_status":"open","sticky":false,"template":"","format":"standard","meta":{"fifu_image_url":"https:\/\/static.foxnews.com\/foxnews.com\/content\/uploads\/2025\/08\/alec-luhn-missing-norway.jpg","fifu_image_alt":"","footnotes":""},"categories":[13],"tags":[],"class_list":["post-39180","post","type-post","status-publish","format-standard","has-post-thumbnail","","category-mundo"],"_links":{"self":[{"href":"https:\/\/noticiasveraces.com\/index.php?rest_route=\/wp\/v2\/posts\/39180","targetHints":{"allow":["GET"]}}],"collection":[{"href":"https:\/\/noticiasveraces.com\/index.php?rest_route=\/wp\/v2\/posts"}],"about":[{"href":"https:\/\/noticiasveraces.com\/index.php?rest_route=\/wp\/v2\/types\/post"}],"author":[{"embeddable":true,"href":"https:\/\/noticiasveraces.com\/index.php?rest_route=\/wp\/v2\/users\/1"}],"replies":[{"embeddable":true,"href":"https:\/\/noticiasveraces.com\/index.php?rest_route=%2Fwp%2Fv2%2Fcomments&post=39180"}],"version-history":[{"count":0,"href":"https:\/\/noticiasveraces.com\/index.php?rest_route=\/wp\/v2\/posts\/39180\/revisions"}],"wp:featuredmedia":[{"embeddable":true,"href":"https:\/\/noticiasveraces.com\/index.php?rest_route=\/wp\/v2\/media\/39182"}],"wp:attachment":[{"href":"https:\/\/noticiasveraces.com\/index.php?rest_route=%2Fwp%2Fv2%2Fmedia&parent=39180"}],"wp:term":[{"taxonomy":"category","embeddable":true,"href":"https:\/\/noticiasveraces.com\/index.php?rest_route=%2Fwp%2Fv2%2Fcategories&post=39180"},{"taxonomy":"post_tag","embeddable":true,"href":"https:\/\/noticiasveraces.com\/index.php?rest_route=%2Fwp%2Fv2%2Ftags&post=39180"}],"curies":[{"name":"wp","href":"https:\/\/api.w.org\/{rel}","templated":true}]}}