{"id":39137,"date":"2025-08-06T00:48:05","date_gmt":"2025-08-06T04:48:05","guid":{"rendered":"https:\/\/noticiasveraces.com\/?p=39137"},"modified":"2025-08-06T00:48:05","modified_gmt":"2025-08-06T04:48:05","slug":"la-ley-de-italia-regularia-el-tratamiento-de-transicion-de-genero-para-los-menores","status":"publish","type":"post","link":"https:\/\/noticiasveraces.com\/?p=39137","title":{"rendered":"La ley de Italia regular\u00eda el tratamiento de transici\u00f3n de g\u00e9nero para los menores"},"content":{"rendered":"<p> \n<\/p>\n<div>\n<div id=\"beyondwords-wrapper\" class=\"beyondwords-wrapper\">\n<p><span class=\"label-bg\">NUEVO<\/span>\u00a1Ahora puedes escuchar art\u00edculos de Fox News!\n  <\/p>\n<\/div>\n<p class=\"speakable\">El gobierno italiano, bajo una nueva legislaci\u00f3n, ajustar\u00eda los controles sobre el suministro de tratamiento m\u00e9dico de transici\u00f3n de g\u00e9nero para menores, seg\u00fan un proyecto de ley.<\/p>\n<p class=\"speakable\">La ley fue aprobada por el gabinete de Italia el lunes por la noche, pero a\u00fan est\u00e1 sujeta a la aprobaci\u00f3n del Parlamento. El gobierno dijo que la ley era necesaria \u00abpara proteger la salud de los menores\u00bb e introducir \u00abmonitoreo efectivo de datos\u00bb.<\/p>\n<p>La medida regular\u00eda medicamentos como bloqueadores de la pubertad y hormonas feminizantes o masculinizantes para personas menores de 18 a\u00f1os que experimentan disforia de g\u00e9nero.<\/p>\n<p><strong>La administraci\u00f3n Trump refina el enfoque EEOC para las reclamaciones de discriminaci\u00f3n en el lugar de trabajo transg\u00e9nero<\/strong><\/p>\n<div class=\"image-ct inline\">\n<div class=\"m\"><picture><source media=\"(max-width: 767px)\" srcset=\"https:\/\/a57.foxnews.com\/static.foxnews.com\/foxnews.com\/content\/uploads\/2025\/08\/343\/192\/transflag.png?ve=1&amp;tl=1, https:\/\/a57.foxnews.com\/static.foxnews.com\/foxnews.com\/content\/uploads\/2025\/08\/686\/384\/transflag.png?ve=1&amp;tl=1 2x\" height=\"192\" width=\"343\"><source media=\"(min-width: 768px) and (max-width: 1023px)\" srcset=\"https:\/\/a57.foxnews.com\/static.foxnews.com\/foxnews.com\/content\/uploads\/2025\/08\/672\/378\/transflag.png?ve=1&amp;tl=1, https:\/\/a57.foxnews.com\/static.foxnews.com\/foxnews.com\/content\/uploads\/2025\/08\/1344\/756\/transflag.png?ve=1&amp;tl=1 2x\" height=\"378\" width=\"672\"><source media=\"(min-width: 1024px) and (max-width: 1279px)\" srcset=\"https:\/\/a57.foxnews.com\/static.foxnews.com\/foxnews.com\/content\/uploads\/2025\/08\/931\/523\/transflag.png?ve=1&amp;tl=1, https:\/\/a57.foxnews.com\/static.foxnews.com\/foxnews.com\/content\/uploads\/2025\/08\/1862\/1046\/transflag.png?ve=1&amp;tl=1 2x\" height=\"523\" width=\"931\"><source media=\"(min-width: 1280px)\" srcset=\"https:\/\/a57.foxnews.com\/static.foxnews.com\/foxnews.com\/content\/uploads\/2025\/08\/720\/405\/transflag.png?ve=1&amp;tl=1, https:\/\/a57.foxnews.com\/static.foxnews.com\/foxnews.com\/content\/uploads\/2025\/08\/1440\/810\/transflag.png?ve=1&amp;tl=1 2x\" height=\"405\" width=\"720\"><img loading=\"lazy\" decoding=\"async\" src=\"https:\/\/a57.foxnews.com\/static.foxnews.com\/foxnews.com\/content\/uploads\/2025\/08\/1200\/675\/transflag.png?ve=1&amp;tl=1\" alt=\"Desfile del orgullo gay en Italia\" width=\"1200\" height=\"675\"\/><\/source><\/source><\/source><\/source><\/picture><\/div>\n<div class=\"info\">\n<div class=\"caption\">\n<p><span>La ley fue aprobada por el gabinete de Italia el lunes por la noche, pero a\u00fan est\u00e1 sujeta a la aprobaci\u00f3n del Parlamento.<\/span> <span>(Getty Images)<\/span><\/p>\n<\/div>\n<\/div>\n<\/div>\n<p>Seg\u00fan el proyecto de ley, estos medicamentos solo se dispensar\u00edan luego de protocolos que a\u00fan no han sido redactados por el Ministerio de Salud y, a la espera de eso, despu\u00e9s de la aprobaci\u00f3n de un Comit\u00e9 Nacional de \u00c9tica de Pediatras.<\/p>\n<p>La medida tambi\u00e9n establece un registro nacional en la Agencia de Medicamentos italianos para monitorear \u00abel uso correcto de [these] medicamentos \u00aby recolecte los historiales m\u00e9dicos de cada persona transg\u00e9nero sometido a tratamiento.<\/p>\n<p>El proyecto de ley ha provocado protestas de los defensores de los derechos transg\u00e9nero.<\/p>\n<p><strong>Divisi\u00f3n de Minnesota de EE. UU. Para sancionar solo eventos mixtos en respuesta a la prohibici\u00f3n trans<\/strong><\/p>\n<div class=\"image-ct inline\">\n<div class=\"m\"><picture><source media=\"(max-width: 767px)\" srcset=\"https:\/\/a57.foxnews.com\/static.foxnews.com\/foxnews.com\/content\/uploads\/2025\/08\/343\/192\/lgbtq-pride-parade-rome.jpg?ve=1&amp;tl=1, https:\/\/a57.foxnews.com\/static.foxnews.com\/foxnews.com\/content\/uploads\/2025\/08\/686\/384\/lgbtq-pride-parade-rome.jpg?ve=1&amp;tl=1 2x\" height=\"192\" width=\"343\"><source media=\"(min-width: 768px) and (max-width: 1023px)\" srcset=\"https:\/\/a57.foxnews.com\/static.foxnews.com\/foxnews.com\/content\/uploads\/2025\/08\/672\/378\/lgbtq-pride-parade-rome.jpg?ve=1&amp;tl=1, https:\/\/a57.foxnews.com\/static.foxnews.com\/foxnews.com\/content\/uploads\/2025\/08\/1344\/756\/lgbtq-pride-parade-rome.jpg?ve=1&amp;tl=1 2x\" height=\"378\" width=\"672\"><source media=\"(min-width: 1024px) and (max-width: 1279px)\" srcset=\"https:\/\/a57.foxnews.com\/static.foxnews.com\/foxnews.com\/content\/uploads\/2025\/08\/931\/523\/lgbtq-pride-parade-rome.jpg?ve=1&amp;tl=1, https:\/\/a57.foxnews.com\/static.foxnews.com\/foxnews.com\/content\/uploads\/2025\/08\/1862\/1046\/lgbtq-pride-parade-rome.jpg?ve=1&amp;tl=1 2x\" height=\"523\" width=\"931\"><source media=\"(min-width: 1280px)\" srcset=\"https:\/\/a57.foxnews.com\/static.foxnews.com\/foxnews.com\/content\/uploads\/2025\/08\/720\/405\/lgbtq-pride-parade-rome.jpg?ve=1&amp;tl=1, https:\/\/a57.foxnews.com\/static.foxnews.com\/foxnews.com\/content\/uploads\/2025\/08\/1440\/810\/lgbtq-pride-parade-rome.jpg?ve=1&amp;tl=1 2x\" height=\"405\" width=\"720\"><img loading=\"lazy\" decoding=\"async\" src=\"https:\/\/a57.foxnews.com\/static.foxnews.com\/foxnews.com\/content\/uploads\/2025\/08\/1200\/675\/lgbtq-pride-parade-rome.jpg?ve=1&amp;tl=1\" alt=\"Marcha anual de LGBTQ+ Orgullo de Roma\" width=\"1200\" height=\"675\"\/><\/source><\/source><\/source><\/source><\/picture><\/div>\n<div class=\"info\">\n<div class=\"caption\">\n<p><span>Foto del archivo: Una persona asiste al desfile anual LGBTQ+ Pride en Roma, Italia, 14 de junio de 2025. <\/span> <span>(Reuters\/Yara Nardi)<\/span><\/p>\n<\/div>\n<\/div>\n<\/div>\n<p>La primera ministra Giorgia Meloni se describi\u00f3 a s\u00ed misma como una oponente de lo que ella y sus aliados llaman el lobby LGBTQ+ y la \u00abideolog\u00eda de g\u00e9nero\u00bb.<\/p>\n<div class=\"image-ct inline\">\n<div class=\"m\"><picture><source media=\"(max-width: 767px)\" srcset=\"https:\/\/a57.foxnews.com\/static.foxnews.com\/foxnews.com\/content\/uploads\/2025\/08\/343\/192\/italypride.png?ve=1&amp;tl=1, https:\/\/a57.foxnews.com\/static.foxnews.com\/foxnews.com\/content\/uploads\/2025\/08\/686\/384\/italypride.png?ve=1&amp;tl=1 2x\" height=\"192\" width=\"343\"><source media=\"(min-width: 768px) and (max-width: 1023px)\" srcset=\"https:\/\/a57.foxnews.com\/static.foxnews.com\/foxnews.com\/content\/uploads\/2025\/08\/672\/378\/italypride.png?ve=1&amp;tl=1, https:\/\/a57.foxnews.com\/static.foxnews.com\/foxnews.com\/content\/uploads\/2025\/08\/1344\/756\/italypride.png?ve=1&amp;tl=1 2x\" height=\"378\" width=\"672\"><source media=\"(min-width: 1024px) and (max-width: 1279px)\" srcset=\"https:\/\/a57.foxnews.com\/static.foxnews.com\/foxnews.com\/content\/uploads\/2025\/08\/931\/523\/italypride.png?ve=1&amp;tl=1, https:\/\/a57.foxnews.com\/static.foxnews.com\/foxnews.com\/content\/uploads\/2025\/08\/1862\/1046\/italypride.png?ve=1&amp;tl=1 2x\" height=\"523\" width=\"931\"><source media=\"(min-width: 1280px)\" srcset=\"https:\/\/a57.foxnews.com\/static.foxnews.com\/foxnews.com\/content\/uploads\/2025\/08\/720\/405\/italypride.png?ve=1&amp;tl=1, https:\/\/a57.foxnews.com\/static.foxnews.com\/foxnews.com\/content\/uploads\/2025\/08\/1440\/810\/italypride.png?ve=1&amp;tl=1 2x\" height=\"405\" width=\"720\"><img loading=\"lazy\" decoding=\"async\" src=\"https:\/\/a57.foxnews.com\/static.foxnews.com\/foxnews.com\/content\/uploads\/2025\/08\/1200\/675\/italypride.png?ve=1&amp;tl=1\" alt=\"Un ni\u00f1o toca la bandera LGBT en una manifestaci\u00f3n de protesta en Mil\u00e1n\" width=\"1200\" height=\"675\"\/><\/source><\/source><\/source><\/source><\/picture><\/div>\n<div class=\"info\">\n<div class=\"caption\">\n<p><span>La primera ministra Giorgia Meloni se describi\u00f3 a s\u00ed misma como una oponente de lo que ella y sus aliados llaman el lobby LGBTQ+ y la \u00abideolog\u00eda de g\u00e9nero\u00bb.<\/span> <span>(Reuters)<\/span><\/p>\n<\/div>\n<\/div>\n<\/div>\n<p>El gobierno de Meloni ha dificultado que las parejas homosexuales con ni\u00f1os sean reconocidos como padres legales y ha hecho ilegal que cualquier pareja vaya a otro pa\u00eds para tener un beb\u00e9 a trav\u00e9s de la subrogaci\u00f3n.<\/p>\n<p><strong><u>Haga clic aqu\u00ed para obtener la aplicaci\u00f3n Fox News<\/u><\/strong><\/p>\n<p>El proyecto de ley a\u00fan podr\u00eda ser rechazado o enmendado por el Parlamento, aunque es probable que sea aprobado, dado que la coalici\u00f3n de Meloni tiene una mayor\u00eda s\u00f3lida y respalda sus objetivos.<\/p>\n<p><i>Reuters contribuy\u00f3 a este informe.<\/i><\/p>\n<p> <!----> <\/div>\n\n","protected":false},"excerpt":{"rendered":"<p>NUEVO\u00a1Ahora puedes escuchar art\u00edculos de Fox News! El gobierno italiano, bajo una nueva legislaci\u00f3n, ajustar\u00eda los controles sobre el suministro de tratamiento m\u00e9dico de transici\u00f3n de g\u00e9nero para menores, seg\u00fan un proyecto de ley. La ley fue aprobada por el gabinete de Italia el lunes por la noche, pero a\u00fan est\u00e1 sujeta a la aprobaci\u00f3n &hellip;<\/p>\n","protected":false},"author":1,"featured_media":39139,"comment_status":"open","ping_status":"open","sticky":false,"template":"","format":"standard","meta":{"fifu_image_url":"https:\/\/static.foxnews.com\/foxnews.com\/content\/uploads\/2025\/08\/lgbtq-pride-parade-rome.jpg","fifu_image_alt":"","footnotes":""},"categories":[13],"tags":[],"class_list":["post-39137","post","type-post","status-publish","format-standard","has-post-thumbnail","","category-mundo"],"_links":{"self":[{"href":"https:\/\/noticiasveraces.com\/index.php?rest_route=\/wp\/v2\/posts\/39137","targetHints":{"allow":["GET"]}}],"collection":[{"href":"https:\/\/noticiasveraces.com\/index.php?rest_route=\/wp\/v2\/posts"}],"about":[{"href":"https:\/\/noticiasveraces.com\/index.php?rest_route=\/wp\/v2\/types\/post"}],"author":[{"embeddable":true,"href":"https:\/\/noticiasveraces.com\/index.php?rest_route=\/wp\/v2\/users\/1"}],"replies":[{"embeddable":true,"href":"https:\/\/noticiasveraces.com\/index.php?rest_route=%2Fwp%2Fv2%2Fcomments&post=39137"}],"version-history":[{"count":0,"href":"https:\/\/noticiasveraces.com\/index.php?rest_route=\/wp\/v2\/posts\/39137\/revisions"}],"wp:featuredmedia":[{"embeddable":true,"href":"https:\/\/noticiasveraces.com\/index.php?rest_route=\/wp\/v2\/media\/39139"}],"wp:attachment":[{"href":"https:\/\/noticiasveraces.com\/index.php?rest_route=%2Fwp%2Fv2%2Fmedia&parent=39137"}],"wp:term":[{"taxonomy":"category","embeddable":true,"href":"https:\/\/noticiasveraces.com\/index.php?rest_route=%2Fwp%2Fv2%2Fcategories&post=39137"},{"taxonomy":"post_tag","embeddable":true,"href":"https:\/\/noticiasveraces.com\/index.php?rest_route=%2Fwp%2Fv2%2Ftags&post=39137"}],"curies":[{"name":"wp","href":"https:\/\/api.w.org\/{rel}","templated":true}]}}