{"id":39132,"date":"2025-08-05T23:47:13","date_gmt":"2025-08-06T03:47:13","guid":{"rendered":"https:\/\/noticiasveraces.com\/?p=39132"},"modified":"2025-08-05T23:47:13","modified_gmt":"2025-08-06T03:47:13","slug":"minuto-de-silencio-en-80-anos-de-la-bomba-atomica-dw-06-08-2025","status":"publish","type":"post","link":"https:\/\/noticiasveraces.com\/?p=39132","title":{"rendered":"minuto de silencio en 80 a\u00f1os de la bomba at\u00f3mica \u2013 DW \u2013 06\/08\/2025"},"content":{"rendered":"<p> \n<\/p>\n<div>\n<p>Jap\u00f3n marc\u00f3 este mi\u00e9rcoles (06.08.2025) el 80 aniversario del lanzamiento de la bomba at\u00f3mica en Hiroshima, con un minuto de silencio y una ceremonia que congreg\u00f3 a representantes de m\u00e1s de un centenar de pa\u00edses.<\/p>\n<p>El minuto de silencio se efectu\u00f3 a las 08H15 (23H15 GMT), la hora en que el 6 de agosto de 1945 un avi\u00f3n B-29 estadounidense dej\u00f3 caer la bomba at\u00f3mica sobre Hiroshima, que destruy\u00f3 la ciudad y mat\u00f3 a 140.000 personas.<\/p>\n<p>Tres d\u00edas despu\u00e9s fue lanzada otra bomba at\u00f3mica sobre la ciudad japonesa de Nagasaki, lo que caus\u00f3 m\u00e1s de 70.000 muertes\u00a0y precipit\u00f3 el fin de la Segunda Guerra Mundial.<\/p>\n<blockquote class=\"tweet embed\" data-id=\"1952771272653320387\"\/>\n<p>El alcalde de Hiroshima, Kazumi Matsui, el primer ministro japon\u00e9s Shigeru Ishiba y otros funcionarios depositaron flores en el cenotafio, como un homenaje a las casi 118.000 v\u00edctimas\u00a0de los bombardeos.<\/p>\n<p>Este aniversario se considera el \u00faltimo hito importante para muchos de los sobrevivientes, que superan los 86 a\u00f1os de edad y cuya cifra disminuye r\u00e1pidamente.<\/p>\n<p>\u00abNo nos queda mucho tiempo, mientras nos enfrentamos a una amenaza nuclear mayor que nunca\u00bb, afirm\u00f3 en un comunicado Nihon Hidankyo, una organizaci\u00f3n japonesa formada por supervivientes que gan\u00f3 el Premio Nobel de la Paz el a\u00f1o pasado por su lucha en favor de la abolici\u00f3n nuclear.<\/p>\n<p>\u00abNuestro mayor reto ahora es cambiar, aunque sea un poco, la actitud de los Estados con armas nucleares que nos dan la espalda\u00bb, indic\u00f3..<\/p>\n<p>Jap\u00f3n se rindi\u00f3 el 15 de agosto, una semana despu\u00e9s del segundo bombardeo, poniendo fin a la Segunda Guerra Mundial y a casi medio siglo de agresi\u00f3n japonesa en Asia.<\/p>\n<p>GS (AFP, AP)<\/p>\n<\/div>\n\n","protected":false},"excerpt":{"rendered":"<p>Jap\u00f3n marc\u00f3 este mi\u00e9rcoles (06.08.2025) el 80 aniversario del lanzamiento de la bomba at\u00f3mica en Hiroshima, con un minuto de silencio y una ceremonia que congreg\u00f3 a representantes de m\u00e1s de un centenar de pa\u00edses. El minuto de silencio se efectu\u00f3 a las 08H15 (23H15 GMT), la hora en que el 6 de agosto de &hellip;<\/p>\n","protected":false},"author":1,"featured_media":39133,"comment_status":"open","ping_status":"open","sticky":false,"template":"","format":"standard","meta":{"fifu_image_url":"https:\/\/static.dw.com\/image\/73542632_6.jpg","fifu_image_alt":"","footnotes":""},"categories":[13],"tags":[],"class_list":["post-39132","post","type-post","status-publish","format-standard","has-post-thumbnail","","category-mundo"],"_links":{"self":[{"href":"https:\/\/noticiasveraces.com\/index.php?rest_route=\/wp\/v2\/posts\/39132","targetHints":{"allow":["GET"]}}],"collection":[{"href":"https:\/\/noticiasveraces.com\/index.php?rest_route=\/wp\/v2\/posts"}],"about":[{"href":"https:\/\/noticiasveraces.com\/index.php?rest_route=\/wp\/v2\/types\/post"}],"author":[{"embeddable":true,"href":"https:\/\/noticiasveraces.com\/index.php?rest_route=\/wp\/v2\/users\/1"}],"replies":[{"embeddable":true,"href":"https:\/\/noticiasveraces.com\/index.php?rest_route=%2Fwp%2Fv2%2Fcomments&post=39132"}],"version-history":[{"count":0,"href":"https:\/\/noticiasveraces.com\/index.php?rest_route=\/wp\/v2\/posts\/39132\/revisions"}],"wp:featuredmedia":[{"embeddable":true,"href":"https:\/\/noticiasveraces.com\/index.php?rest_route=\/wp\/v2\/media\/39133"}],"wp:attachment":[{"href":"https:\/\/noticiasveraces.com\/index.php?rest_route=%2Fwp%2Fv2%2Fmedia&parent=39132"}],"wp:term":[{"taxonomy":"category","embeddable":true,"href":"https:\/\/noticiasveraces.com\/index.php?rest_route=%2Fwp%2Fv2%2Fcategories&post=39132"},{"taxonomy":"post_tag","embeddable":true,"href":"https:\/\/noticiasveraces.com\/index.php?rest_route=%2Fwp%2Fv2%2Ftags&post=39132"}],"curies":[{"name":"wp","href":"https:\/\/api.w.org\/{rel}","templated":true}]}}