{"id":39128,"date":"2025-08-05T21:43:22","date_gmt":"2025-08-06T01:43:22","guid":{"rendered":"https:\/\/noticiasveraces.com\/?p=39128"},"modified":"2025-08-05T21:43:22","modified_gmt":"2025-08-06T01:43:22","slug":"enorme-incendio-arrasa-8-000-hectareas-en-el-sur-de-francia-dw-06-08-2025","status":"publish","type":"post","link":"https:\/\/noticiasveraces.com\/?p=39128","title":{"rendered":"Enorme incendio arrasa 8.000 hect\u00e1reas en el sur de Francia \u2013 DW \u2013 06\/08\/2025"},"content":{"rendered":"<p> \n<\/p>\n<div>\n<p>Un incendio forestal de intensidad excepcional en el sur de Francia dej\u00f3 el martes (05.08.2025) dos heridos, uno de ellos grave, y arras\u00f3 8.000 hect\u00e1reas de vegetaci\u00f3n, provocando el cierre de un tramo de la autopista A9, que conecta Francia y Espa\u00f1a.<\/p>\n<p>\u00abEl fuego avanza muy r\u00e1pidamente y ya ha arrasado 8000 hect\u00e1reas (&#8230;) La A9 est\u00e1 cerrada entre Perpi\u00f1\u00e1n y Narbona, en ambos sentidos. Una hip\u00f3tesis de trabajo es que el incendio se est\u00e1 acercando a la autopista\u00bb, declar\u00f3 Lucie Roesch, subprefecta del departamento de Aude.<\/p>\n<p>Una persona se encuentra \u00aben estado de urgencia absoluta, con quemaduras graves\u00bb, hab\u00eda precisado anteriormente la prefectura del departamento.<\/p>\n<p>Se trata del mayor incendio del a\u00f1o en Francia, que ha provocado la reacci\u00f3n en las m\u00e1s altas esferas del Estado, incluido el presidente, Emmanuel Macron, que ha asegurado que \u00abtodos los medios de la naci\u00f3n est\u00e1n movilizados\u00bb.<\/p>\n<p>En un mensaje en la red social X, Macron expres\u00f3 su apoyo a los bomberos enviados a la lucha contra el fuego, as\u00ed como su confianza \u00aben el Gobierno y en los alcaldes\u00bb, y pidi\u00f3 que se mantenga \u00abla prudencia y se respeten las consignas de las autoridades\u00bb.<\/p>\n<h2>Viviendas quemadas y alerta roja<\/h2>\n<p>Las llamas, avivadas por el viento, se propagaron de los bosques a los matorrales\u00a0antes de llegar al pueblo de Saint-Laurent-de-la-Cabrerisse, cerca de Carcasona, donde se quemaron varias casas.<\/p>\n<p>Los veraneantes de varios campings fueron evacuados de forma preventiva, as\u00ed como una treintena de casas.<\/p>\n<figure class=\"placeholder-image master_landscape big\"><img data-format=\"MASTER_LANDSCAPE\" data-id=\"73542229\" data-url=\"https:\/\/static.dw.com\/image\/73542229_${formatId}.jpg\" data-aspect-ratio=\"16\/9\" alt=\"Bomberos trabajan para extinguir uno de los graves incendios forestales en Tournissan, suroeste de Francia, el martes (05.08.2025).\" style=\"padding-bottom: 56.25%; height: 0; max-height: 0;\"\/><figcaption class=\"img-caption\">Bomberos trabajan para extinguir uno de los graves incendios forestales en Tournissan, suroeste de Francia, el martes (05.08.2025).<small class=\"copyright\">Imagen: Idriss Bigou-Gilles\/AFP<\/small><\/figcaption><\/figure>\n<p>\u00abEl fuego se propaga muy r\u00e1pidamente, ya que las condiciones meteorol\u00f3gicas son desfavorables. Es una de las zonas m\u00e1s secas del departamento y el viento es fuerte\u00bb, explic\u00f3 la subprefecta\u00a0Roesch y a\u00f1adi\u00f3 que se desplegaron 14 aviones, 980 bomberos sobre el terreno y 130 de refuerzo.<\/p>\n<p>El departamento de Aude est\u00e1 en alerta roja por incendios forestales desde el martes, en pleno comienzo de una ola de calor en la regi\u00f3n, seg\u00fan la agencia meteorol\u00f3gica francesa.<\/p>\n<p>Desde el comienzo del verano, se produjeron varios incendios en este departamento afectado por la sequ\u00eda. Uno de ellos, a principios de julio, el m\u00e1s importante desde 1986, arras\u00f3 2.000 hect\u00e1reas y moviliz\u00f3 a cerca de 1.000 bomberos cerca de Narbona.<\/p>\n<p>GS (AFP, Efe)<\/p>\n<\/div>\n\n","protected":false},"excerpt":{"rendered":"<p>Un incendio forestal de intensidad excepcional en el sur de Francia dej\u00f3 el martes (05.08.2025) dos heridos, uno de ellos grave, y arras\u00f3 8.000 hect\u00e1reas de vegetaci\u00f3n, provocando el cierre de un tramo de la autopista A9, que conecta Francia y Espa\u00f1a. \u00abEl fuego avanza muy r\u00e1pidamente y ya ha arrasado 8000 hect\u00e1reas (&#8230;) La &hellip;<\/p>\n","protected":false},"author":1,"featured_media":39129,"comment_status":"open","ping_status":"open","sticky":false,"template":"","format":"standard","meta":{"fifu_image_url":"https:\/\/static.dw.com\/image\/73542317_6.jpg","fifu_image_alt":"","footnotes":""},"categories":[13],"tags":[],"class_list":["post-39128","post","type-post","status-publish","format-standard","has-post-thumbnail","","category-mundo"],"_links":{"self":[{"href":"https:\/\/noticiasveraces.com\/index.php?rest_route=\/wp\/v2\/posts\/39128","targetHints":{"allow":["GET"]}}],"collection":[{"href":"https:\/\/noticiasveraces.com\/index.php?rest_route=\/wp\/v2\/posts"}],"about":[{"href":"https:\/\/noticiasveraces.com\/index.php?rest_route=\/wp\/v2\/types\/post"}],"author":[{"embeddable":true,"href":"https:\/\/noticiasveraces.com\/index.php?rest_route=\/wp\/v2\/users\/1"}],"replies":[{"embeddable":true,"href":"https:\/\/noticiasveraces.com\/index.php?rest_route=%2Fwp%2Fv2%2Fcomments&post=39128"}],"version-history":[{"count":0,"href":"https:\/\/noticiasveraces.com\/index.php?rest_route=\/wp\/v2\/posts\/39128\/revisions"}],"wp:featuredmedia":[{"embeddable":true,"href":"https:\/\/noticiasveraces.com\/index.php?rest_route=\/wp\/v2\/media\/39129"}],"wp:attachment":[{"href":"https:\/\/noticiasveraces.com\/index.php?rest_route=%2Fwp%2Fv2%2Fmedia&parent=39128"}],"wp:term":[{"taxonomy":"category","embeddable":true,"href":"https:\/\/noticiasveraces.com\/index.php?rest_route=%2Fwp%2Fv2%2Fcategories&post=39128"},{"taxonomy":"post_tag","embeddable":true,"href":"https:\/\/noticiasveraces.com\/index.php?rest_route=%2Fwp%2Fv2%2Ftags&post=39128"}],"curies":[{"name":"wp","href":"https:\/\/api.w.org\/{rel}","templated":true}]}}