{"id":39125,"date":"2025-08-05T20:42:09","date_gmt":"2025-08-06T00:42:09","guid":{"rendered":"https:\/\/noticiasveraces.com\/?p=39125"},"modified":"2025-08-05T20:42:09","modified_gmt":"2025-08-06T00:42:09","slug":"bolsonaro-colocado-bajo-arresto-domiciliario-en-medio-de-la-eleccion-de-brasil-anular-la-investigacion","status":"publish","type":"post","link":"https:\/\/noticiasveraces.com\/?p=39125","title":{"rendered":"Bolsonaro colocado bajo arresto domiciliario en medio de la elecci\u00f3n de Brasil anular la investigaci\u00f3n"},"content":{"rendered":"<p> \n<\/p>\n<div>\n<div id=\"beyondwords-wrapper\" class=\"beyondwords-wrapper\">\n<p><span class=\"label-bg\">NUEVO<\/span>\u00a1Ahora puedes escuchar art\u00edculos de Fox News!\n  <\/p>\n<\/div>\n<p class=\"speakable\">El lunes, la Corte Suprema de Brasil orden\u00f3 que el ex presidente Jair Bolsonaro fuera colocado bajo arresto domiciliario en medio de procedimientos legales en curso sobre su presunto intento de revocar los resultados de las elecciones presidenciales de 2022.<\/p>\n<p class=\"speakable\">El caso se ha apoderado de la naci\u00f3n desde su inicio en 2023 y ha intensificado el escrutinio internacional, especialmente a medida que se desarrolla bajo la autoridad de un juez de la Corte Suprema recientemente sancionada por la administraci\u00f3n Trump en los Estados Unidos.<\/p>\n<p>El juez Alexandre de Moraes, que supervisa el caso, acus\u00f3 a Bolsonaro, de 70 a\u00f1os, de violar las restricciones impuestas por la corte.<\/p>\n<p>Seg\u00fan el fallo, informado por primera vez por Associated Press, Bolsonaro utiliz\u00f3 una protesta dominical en R\u00edo de Janeiro para dirigir p\u00fablicamente a los seguidores utilizando un tel\u00e9fono celular propiedad de uno de sus tres hijos, todos los cuales son legisladores.<\/p>\n<p><strong>Trump Sanciones administrativas Juez brasile\u00f1o Supervisi\u00f3n de la investigaci\u00f3n de la grasa de Bolsonaro<\/strong><\/p>\n<div class=\"image-ct inline\">\n<div class=\"m\"><picture><source media=\"(max-width: 767px)\" srcset=\"https:\/\/a57.foxnews.com\/static.foxnews.com\/foxnews.com\/content\/uploads\/2024\/09\/343\/192\/GettyImages-1239645629-scaled.jpg?ve=1&amp;tl=1, https:\/\/a57.foxnews.com\/static.foxnews.com\/foxnews.com\/content\/uploads\/2024\/09\/686\/384\/GettyImages-1239645629-scaled.jpg?ve=1&amp;tl=1 2x\" height=\"192\" width=\"343\"><source media=\"(min-width: 768px) and (max-width: 1023px)\" srcset=\"https:\/\/a57.foxnews.com\/static.foxnews.com\/foxnews.com\/content\/uploads\/2024\/09\/672\/378\/GettyImages-1239645629-scaled.jpg?ve=1&amp;tl=1, https:\/\/a57.foxnews.com\/static.foxnews.com\/foxnews.com\/content\/uploads\/2024\/09\/1344\/756\/GettyImages-1239645629-scaled.jpg?ve=1&amp;tl=1 2x\" height=\"378\" width=\"672\"><source media=\"(min-width: 1024px) and (max-width: 1279px)\" srcset=\"https:\/\/a57.foxnews.com\/static.foxnews.com\/foxnews.com\/content\/uploads\/2024\/09\/931\/523\/GettyImages-1239645629-scaled.jpg?ve=1&amp;tl=1, https:\/\/a57.foxnews.com\/static.foxnews.com\/foxnews.com\/content\/uploads\/2024\/09\/1862\/1046\/GettyImages-1239645629-scaled.jpg?ve=1&amp;tl=1 2x\" height=\"523\" width=\"931\"><source media=\"(min-width: 1280px)\" srcset=\"https:\/\/a57.foxnews.com\/static.foxnews.com\/foxnews.com\/content\/uploads\/2024\/09\/720\/405\/GettyImages-1239645629-scaled.jpg?ve=1&amp;tl=1, https:\/\/a57.foxnews.com\/static.foxnews.com\/foxnews.com\/content\/uploads\/2024\/09\/1440\/810\/GettyImages-1239645629-scaled.jpg?ve=1&amp;tl=1 2x\" height=\"405\" width=\"720\"><img loading=\"lazy\" decoding=\"async\" src=\"https:\/\/a57.foxnews.com\/static.foxnews.com\/foxnews.com\/content\/uploads\/2024\/09\/1200\/675\/GettyImages-1239645629-scaled.jpg?ve=1&amp;tl=1\" alt=\"Jair Bolsonaro\" width=\"1200\" height=\"675\"\/><\/source><\/source><\/source><\/source><\/picture><\/div>\n<div class=\"info\">\n<div class=\"caption\">\n<p><span>El presidente brasile\u00f1o, Jair Bolsonaro, hace gestos durante la ceremonia de inauguraci\u00f3n de nuevos ministros en el Palacio de Planalto en Brasilia, el 31 de marzo de 2022. &#8211; Bolsonaro el jueves despidi\u00f3 a los ministros clave que disputar\u00e1n las elecciones de octubre, incluida su posible compa\u00f1ero de defensa, en una ceremonia en la que elogi\u00f3 la \u00faltima dictadura militar.<\/span> <span>(Evaristo SA\/AFP a trav\u00e9s de Getty Images)<\/span><\/p>\n<\/div>\n<\/div>\n<\/div>\n<p>El breve mensaje de Bolsonaro, \u00abBuenas tardes, Copacabana, buenas tardes, mi Brasil, un abrazo para todos, esto es por nuestra libertad\u00bb, se consider\u00f3 una violaci\u00f3n de sus condiciones de liberaci\u00f3n.<\/p>\n<p>El equipo legal de Bolsonaro anunci\u00f3 planes para apelar, argumentando que la declaraci\u00f3n era simb\u00f3lica, no criminal, y no justificaba restricciones adicionales.<\/p>\n<h3><strong>Montaje de consecuencias internacionales<\/strong><\/h3>\n<p>Las apuestas pol\u00edticas ahora se han extendido mucho m\u00e1s all\u00e1 de Brasil. El caso provoc\u00f3 una reacci\u00f3n violenta del presidente Trump, un antiguo aliado de Bolsonaro, que empat\u00f3 recientemente impuso aranceles estadounidenses a las importaciones brasile\u00f1as a lo que llam\u00f3 una \u00abcaza de brujas\u00bb en curso. Sus comentarios han tensado a\u00fan m\u00e1s la relaci\u00f3n diplom\u00e1tica ya delicada entre las dos naciones.<\/p>\n<p>En una declaraci\u00f3n puntiaguda sobre X, la Oficina de Asuntos del Hemisferio Occidental del Departamento de Estado de los Estados Unidos conden\u00f3 las acciones de la corte brasile\u00f1a, escribiendo: \u00ab\u00a1Poner a\u00fan m\u00e1s restricciones a la capacidad de Jair Bolsonaro para defenderse en p\u00fablico no es un servicio p\u00fablico. Deja que Bolsonaro hable!\u00bb<\/p>\n<p><strong>La corte de apelaciones otorga a Trump una victoria a corto plazo sobre Boasberg en el fallo de inmigraci\u00f3n<\/strong><\/p>\n<div class=\"image-ct inline\">\n<div class=\"m\"><picture><source media=\"(max-width: 767px)\" srcset=\"https:\/\/a57.foxnews.com\/static.foxnews.com\/foxnews.com\/content\/uploads\/2025\/06\/343\/192\/trumpjudge.png?ve=1&amp;tl=1, https:\/\/a57.foxnews.com\/static.foxnews.com\/foxnews.com\/content\/uploads\/2025\/06\/686\/384\/trumpjudge.png?ve=1&amp;tl=1 2x\" height=\"192\" width=\"343\"><source media=\"(min-width: 768px) and (max-width: 1023px)\" srcset=\"https:\/\/a57.foxnews.com\/static.foxnews.com\/foxnews.com\/content\/uploads\/2025\/06\/672\/378\/trumpjudge.png?ve=1&amp;tl=1, https:\/\/a57.foxnews.com\/static.foxnews.com\/foxnews.com\/content\/uploads\/2025\/06\/1344\/756\/trumpjudge.png?ve=1&amp;tl=1 2x\" height=\"378\" width=\"672\"><source media=\"(min-width: 1024px) and (max-width: 1279px)\" srcset=\"https:\/\/a57.foxnews.com\/static.foxnews.com\/foxnews.com\/content\/uploads\/2025\/06\/931\/523\/trumpjudge.png?ve=1&amp;tl=1, https:\/\/a57.foxnews.com\/static.foxnews.com\/foxnews.com\/content\/uploads\/2025\/06\/1862\/1046\/trumpjudge.png?ve=1&amp;tl=1 2x\" height=\"523\" width=\"931\"><source media=\"(min-width: 1280px)\" srcset=\"https:\/\/a57.foxnews.com\/static.foxnews.com\/foxnews.com\/content\/uploads\/2025\/06\/720\/405\/trumpjudge.png?ve=1&amp;tl=1, https:\/\/a57.foxnews.com\/static.foxnews.com\/foxnews.com\/content\/uploads\/2025\/06\/1440\/810\/trumpjudge.png?ve=1&amp;tl=1 2x\" height=\"405\" width=\"720\"><img loading=\"lazy\" decoding=\"async\" src=\"https:\/\/a57.foxnews.com\/static.foxnews.com\/foxnews.com\/content\/uploads\/2025\/06\/1200\/675\/trumpjudge.png?ve=1&amp;tl=1\" alt=\"Trump y Moraes\" width=\"1200\" height=\"675\"\/><\/source><\/source><\/source><\/source><\/picture><\/div>\n<div class=\"info\">\n<div class=\"caption\">\n<p><span>Juez de la Corte Suprema brasile\u00f1a Alexandre de Moraes. Presidente Donald Trump. <\/span> <span>(Getty Images)<\/span><\/p>\n<\/div>\n<\/div>\n<\/div>\n<p>La Oficina tambi\u00e9n advirti\u00f3 que las personas involucradas en lo que describi\u00f3 como \u00abcomportamiento sancionado\u00bb ser\u00eda responsable.<\/p>\n<p>La declaraci\u00f3n marc\u00f3 una fuerte escalada, particularmente cuando segu\u00eda de cerca desde los pasos de las sanciones impuestas por el Departamento del Tesoro de los Estados Unidos, bajo la administraci\u00f3n de Trump, contra el juez de Moraes. Fue designado como \u00ababusador de derechos humanos sancionado por los Estados Unidos\u00bb y acusado de armarse al poder judicial para silenciar a los oponentes pol\u00edticos.<\/p>\n<h3><strong>La base de las sanciones<\/strong><\/h3>\n<p>El Secretario del Tesoro, Scott Bessent, acus\u00f3 a Moraes de liderar una represi\u00f3n ilegal:<\/p>\n<p>\u00abAlexandre de Moraes se ha encargado de ser juez y jurado en una caza ilegal de brujas contra los ciudadanos y empresas estadounidenses y brasile\u00f1os. Es responsable de una campa\u00f1a opresiva de censura, detenciones arbitrarias y enjuiciamientos politizados, incluidos a aquellos contra el ex presidente Jair Bolsonaro\u00bb, dijo Bessent.<\/p>\n<p><strong>El enemigo de Trump enemigo, las reglas de Boasberg, los inmigrantes, los migrantes pueden desafiar las mudanzas, en un golpe para el administrador<\/strong><\/p>\n<div class=\"image-ct inline\">\n<div class=\"m\"><picture><source media=\"(max-width: 767px)\" srcset=\"https:\/\/a57.foxnews.com\/static.foxnews.com\/foxnews.com\/content\/uploads\/2024\/02\/343\/192\/AP24056768241750.jpg?ve=1&amp;tl=1, https:\/\/a57.foxnews.com\/static.foxnews.com\/foxnews.com\/content\/uploads\/2024\/02\/686\/384\/AP24056768241750.jpg?ve=1&amp;tl=1 2x\" height=\"192\" width=\"343\"><source media=\"(min-width: 768px) and (max-width: 1023px)\" srcset=\"https:\/\/a57.foxnews.com\/static.foxnews.com\/foxnews.com\/content\/uploads\/2024\/02\/672\/378\/AP24056768241750.jpg?ve=1&amp;tl=1, https:\/\/a57.foxnews.com\/static.foxnews.com\/foxnews.com\/content\/uploads\/2024\/02\/1344\/756\/AP24056768241750.jpg?ve=1&amp;tl=1 2x\" height=\"378\" width=\"672\"><source media=\"(min-width: 1024px) and (max-width: 1279px)\" srcset=\"https:\/\/a57.foxnews.com\/static.foxnews.com\/foxnews.com\/content\/uploads\/2024\/02\/931\/523\/AP24056768241750.jpg?ve=1&amp;tl=1, https:\/\/a57.foxnews.com\/static.foxnews.com\/foxnews.com\/content\/uploads\/2024\/02\/1862\/1046\/AP24056768241750.jpg?ve=1&amp;tl=1 2x\" height=\"523\" width=\"931\"><source media=\"(min-width: 1280px)\" srcset=\"https:\/\/a57.foxnews.com\/static.foxnews.com\/foxnews.com\/content\/uploads\/2024\/02\/720\/405\/AP24056768241750.jpg?ve=1&amp;tl=1, https:\/\/a57.foxnews.com\/static.foxnews.com\/foxnews.com\/content\/uploads\/2024\/02\/1440\/810\/AP24056768241750.jpg?ve=1&amp;tl=1 2x\" height=\"405\" width=\"720\"><img loading=\"lazy\" decoding=\"async\" src=\"https:\/\/a57.foxnews.com\/static.foxnews.com\/foxnews.com\/content\/uploads\/2024\/02\/1200\/675\/AP24056768241750.jpg?ve=1&amp;tl=1\" alt=\"Brasil Bolsonaro\" width=\"1200\" height=\"675\"\/><\/source><\/source><\/source><\/source><\/picture><\/div>\n<div class=\"info\">\n<div class=\"caption\">\n<p><span>El ex presidente Jair Bolsonaro se dirige a los partidarios durante una manifestaci\u00f3n en Sao Paulo., Brasil, domingo 25 de febrero de 2024. Bolsonaro y algunos de sus antiguos ayudantes principales est\u00e1n bajo investigaci\u00f3n sobre las acusaciones de que intentaron trazar un golpe de estado para eliminar a su sucesor, Luiz Inacio Lula da Silva.<\/span> <span>(Photo AP\/Otros bol\u00edgrafos)<\/span><\/p>\n<\/div>\n<\/div>\n<\/div>\n<p>Estas sanciones se impusieron bajo la Orden Ejecutiva 13818, emitidas durante el primer mandato de Trump en 2017. La orden declar\u00f3 una emergencia nacional sobre los abusos mundiales de los derechos humanos y la corrupci\u00f3n y se expandi\u00f3 sobre la Ley de Responsabilidad de los Derechos Humanos de Magnitsky en 2016. La ley permite al gobierno de los Estados Unidos a imponer sanciones financieras y de viaje a los funcionarios extranjeros acusados de violaciones de los derechos humanos.<\/p>\n<p>A pesar de la creciente presi\u00f3n internacional, el gobierno brasile\u00f1o a\u00fan no ha emitido una respuesta formal.<\/p>\n<h3><strong>Detalles del caso<\/strong><\/h3>\n<p>Los fiscales brasile\u00f1os alegan que Bolsonaro lider\u00f3 un esfuerzo coordinado para deslegitimar, y finalmente anular, los resultados de las elecciones de 2022, incluida la planificaci\u00f3n de actos violentos e incluso un supuesto complot de asesinato dirigido al presidente Luiz In\u00e1cio Lula da Silva y el juez de Moraes. Bolsonaro perdi\u00f3 las elecciones por un margen estrecho.<\/p>\n<p>Un panel de jueces de la Corte Suprema aceptaron los cargos en marzo, ordenando en \u00faltima instancia a Bolsonaro que fuera juzgado. El fallo de arresto domiciliario del lunes se basa en restricciones anteriores: un monitor de tobillo, un toque de queda nocturno y una prohibici\u00f3n de viajes que mantiene al ex presidente confinado a Brasilia a pesar de sus profundas ra\u00edces pol\u00edticas en R\u00edo de Janeiro.<\/p>\n<p><strong><u>Haga clic aqu\u00ed para obtener la aplicaci\u00f3n Fox News<\/u><\/strong><\/p>\n<p>Un ex capit\u00e1n del ej\u00e9rcito y una figura de polarizaci\u00f3n profundamente, Bolsonaro ahora se une a una breve pero consecuente lista de ex presidentes brasile\u00f1os arrestados desde el regreso del pa\u00eds a la democracia en 1985, un sistema que frecuentemente ha criticado y relacionado con la dictadura militar que una vez elogi\u00f3.<\/p>\n<p>El juez de Moraes, defendiendo la decisi\u00f3n del tribunal, escribi\u00f3: \u00abEl poder judicial no se permitir\u00e1 burlarse. La justicia se aplica igualmente a todos. Un acusado que viola a sabiendas medidas de precauci\u00f3n, especialmente por segunda vez, se enfrenta a las consecuencias legales\u00bb.<\/p>\n<p><i>Alec Schemmel de Fox News y The Associated Press contribuyeron a este informe. <\/i><\/p>\n<p><i>Stepheny Price es escritora de Fox News Digital y Fox Business. Ella cubre temas que incluyen personas desaparecidas, homicidios, casos nacionales de delitos, inmigraci\u00f3n ilegal y m\u00e1s. Los consejos e ideas de la historia se pueden enviar a stepheny.price@fox.com<\/i><\/p>\n<div class=\"article-meta\">\n<div class=\"author-bio\">\n<p>Stepheny Price es escritora de Fox News con un enfoque en West Coast y Midwest News, personas desaparecidas, historias de cr\u00edmenes nacionales e internacionales, casos de homicidios y seguridad fronteriza.<\/p>\n<\/div>\n<\/div>\n<\/div>\n\n","protected":false},"excerpt":{"rendered":"<p>NUEVO\u00a1Ahora puedes escuchar art\u00edculos de Fox News! El lunes, la Corte Suprema de Brasil orden\u00f3 que el ex presidente Jair Bolsonaro fuera colocado bajo arresto domiciliario en medio de procedimientos legales en curso sobre su presunto intento de revocar los resultados de las elecciones presidenciales de 2022. El caso se ha apoderado de la naci\u00f3n &hellip;<\/p>\n","protected":false},"author":1,"featured_media":39127,"comment_status":"open","ping_status":"open","sticky":false,"template":"","format":"standard","meta":{"fifu_image_url":"https:\/\/static.foxnews.com\/foxnews.com\/content\/uploads\/2024\/09\/GettyImages-1239645629-scaled.jpg","fifu_image_alt":"","footnotes":""},"categories":[13],"tags":[],"class_list":["post-39125","post","type-post","status-publish","format-standard","has-post-thumbnail","","category-mundo"],"_links":{"self":[{"href":"https:\/\/noticiasveraces.com\/index.php?rest_route=\/wp\/v2\/posts\/39125","targetHints":{"allow":["GET"]}}],"collection":[{"href":"https:\/\/noticiasveraces.com\/index.php?rest_route=\/wp\/v2\/posts"}],"about":[{"href":"https:\/\/noticiasveraces.com\/index.php?rest_route=\/wp\/v2\/types\/post"}],"author":[{"embeddable":true,"href":"https:\/\/noticiasveraces.com\/index.php?rest_route=\/wp\/v2\/users\/1"}],"replies":[{"embeddable":true,"href":"https:\/\/noticiasveraces.com\/index.php?rest_route=%2Fwp%2Fv2%2Fcomments&post=39125"}],"version-history":[{"count":0,"href":"https:\/\/noticiasveraces.com\/index.php?rest_route=\/wp\/v2\/posts\/39125\/revisions"}],"wp:featuredmedia":[{"embeddable":true,"href":"https:\/\/noticiasveraces.com\/index.php?rest_route=\/wp\/v2\/media\/39127"}],"wp:attachment":[{"href":"https:\/\/noticiasveraces.com\/index.php?rest_route=%2Fwp%2Fv2%2Fmedia&parent=39125"}],"wp:term":[{"taxonomy":"category","embeddable":true,"href":"https:\/\/noticiasveraces.com\/index.php?rest_route=%2Fwp%2Fv2%2Fcategories&post=39125"},{"taxonomy":"post_tag","embeddable":true,"href":"https:\/\/noticiasveraces.com\/index.php?rest_route=%2Fwp%2Fv2%2Ftags&post=39125"}],"curies":[{"name":"wp","href":"https:\/\/api.w.org\/{rel}","templated":true}]}}