{"id":39090,"date":"2025-08-05T17:39:18","date_gmt":"2025-08-05T21:39:18","guid":{"rendered":"https:\/\/noticiasveraces.com\/?p=39090"},"modified":"2025-08-05T17:39:18","modified_gmt":"2025-08-05T21:39:18","slug":"muere-ion-iliescu-primer-presidente-de-rumania-democratica-dw-05-08-2025","status":"publish","type":"post","link":"https:\/\/noticiasveraces.com\/?p=39090","title":{"rendered":"Muere Ion Iliescu, primer presidente de Rumania democr\u00e1tica \u2013 DW \u2013 05\/08\/2025"},"content":{"rendered":"<p> \n<\/p>\n<div>\n<p>El gobierno de Rumania anunci\u00f3 este martes (05.08.2025) el fallecimiento a los 95 a\u00f1os del expresidente rumano Ion Iliescu, el primer jefe de Estado del pa\u00eds balc\u00e1nico tras la ca\u00edda del comunismo a finales de 1989.<\/p>\n<p>El antiguo dirigente socialdem\u00f3crata, presidente de Rumania en dos mandatos, 1990-1996 y 2000-2004, muri\u00f3 a causa de un c\u00e1ncer de pulm\u00f3n tras llevar dos meses internado en el hospital Agrippa Ionescu, en la capital Bucarest.<\/p>\n<p>\u00abEl gobierno rumano env\u00eda sus condolencias a la familia y a todos sus allegados. Los detalles sobre el programa del funeral de Estado (&#8230;) se comunicar\u00e1n pr\u00f3ximamente\u00bb, se\u00f1al\u00f3 en un comunicado el ejecutivo de coalici\u00f3n liderado por el conservador Ilie Bolojan.<\/p>\n<p>El gobernante partido socialdem\u00f3crata PSD, fundado por Iliescu tras la ca\u00edda del comunismo, tambi\u00e9n lo homenaje\u00f3 y lo calific\u00f3 como una \u00abfigura destacada de la historia reciente\u00bb de Rumania.<\/p>\n<p>La formaci\u00f3n tambi\u00e9n record\u00f3 en un mensaje en Facebook que Iliescu realiz\u00f3 una \u00abcontribuci\u00f3n importante en momentos decisivos para el destino de los rumanos, como la adhesi\u00f3n a la OTAN y a la Uni\u00f3n Europea\u00bb.<\/p>\n<p>Iliescu fue un hombre clave en la revoluci\u00f3n rumana de diciembre de 1989, cuando el r\u00e9gimen del dictador comunista\u00a0Nicolae Ceausescu y su familia cay\u00f3 tras varios d\u00edas de enfrentamientos entre manifestantes y fuerzas del orden, con cientos de muertos.<\/p>\n<p>Tras el fusilamiento de Ceausescu y su mujer Elena el d\u00eda de Navidad de 1989, el llamado Frente de Salvaci\u00f3n Nacional asumi\u00f3 el control del pa\u00eds, con Iliescu como el primer presidente elegido democr\u00e1ticamente.<\/p>\n<p>RR EFE\/AFP<\/p>\n<\/div>\n\n","protected":false},"excerpt":{"rendered":"<p>El gobierno de Rumania anunci\u00f3 este martes (05.08.2025) el fallecimiento a los 95 a\u00f1os del expresidente rumano Ion Iliescu, el primer jefe de Estado del pa\u00eds balc\u00e1nico tras la ca\u00edda del comunismo a finales de 1989. El antiguo dirigente socialdem\u00f3crata, presidente de Rumania en dos mandatos, 1990-1996 y 2000-2004, muri\u00f3 a causa de un c\u00e1ncer &hellip;<\/p>\n","protected":false},"author":1,"featured_media":39091,"comment_status":"open","ping_status":"open","sticky":false,"template":"","format":"standard","meta":{"fifu_image_url":"https:\/\/static.dw.com\/image\/73539038_6.jpg","fifu_image_alt":"","footnotes":""},"categories":[13],"tags":[],"class_list":["post-39090","post","type-post","status-publish","format-standard","has-post-thumbnail","","category-mundo"],"_links":{"self":[{"href":"https:\/\/noticiasveraces.com\/index.php?rest_route=\/wp\/v2\/posts\/39090","targetHints":{"allow":["GET"]}}],"collection":[{"href":"https:\/\/noticiasveraces.com\/index.php?rest_route=\/wp\/v2\/posts"}],"about":[{"href":"https:\/\/noticiasveraces.com\/index.php?rest_route=\/wp\/v2\/types\/post"}],"author":[{"embeddable":true,"href":"https:\/\/noticiasveraces.com\/index.php?rest_route=\/wp\/v2\/users\/1"}],"replies":[{"embeddable":true,"href":"https:\/\/noticiasveraces.com\/index.php?rest_route=%2Fwp%2Fv2%2Fcomments&post=39090"}],"version-history":[{"count":0,"href":"https:\/\/noticiasveraces.com\/index.php?rest_route=\/wp\/v2\/posts\/39090\/revisions"}],"wp:featuredmedia":[{"embeddable":true,"href":"https:\/\/noticiasveraces.com\/index.php?rest_route=\/wp\/v2\/media\/39091"}],"wp:attachment":[{"href":"https:\/\/noticiasveraces.com\/index.php?rest_route=%2Fwp%2Fv2%2Fmedia&parent=39090"}],"wp:term":[{"taxonomy":"category","embeddable":true,"href":"https:\/\/noticiasveraces.com\/index.php?rest_route=%2Fwp%2Fv2%2Fcategories&post=39090"},{"taxonomy":"post_tag","embeddable":true,"href":"https:\/\/noticiasveraces.com\/index.php?rest_route=%2Fwp%2Fv2%2Ftags&post=39090"}],"curies":[{"name":"wp","href":"https:\/\/api.w.org\/{rel}","templated":true}]}}