{"id":39046,"date":"2025-08-05T08:30:07","date_gmt":"2025-08-05T12:30:07","guid":{"rendered":"https:\/\/noticiasveraces.com\/?p=39046"},"modified":"2025-08-05T08:30:07","modified_gmt":"2025-08-05T12:30:07","slug":"contaminacion-por-plasticos-es-abordada-por-casi-200-paises-dw-05-08-2025","status":"publish","type":"post","link":"https:\/\/noticiasveraces.com\/?p=39046","title":{"rendered":"Contaminaci\u00f3n por pl\u00e1sticos es abordada por casi 200 pa\u00edses \u2013 DW \u2013 05\/08\/2025"},"content":{"rendered":"<p> \n<\/p>\n<div>\n<p>La sexta y se espera que \u00faltima reuni\u00f3n de negociadores con el objetivo de lograr un tratado global contra la contaminaci\u00f3n por pl\u00e1sticos\u00a0dio comienzo este martes (5.08.2025) en la sede de la ONU, en Ginebra, con un llamamiento a que los 180 pa\u00edses participantes se pongan de acuerdo ante la crisis ambiental\u00a0y sanitaria que han causado los procesos productivos de estos materiales y sus residuos.<\/p>\n<p>\u00abPor primera vez en la historia, est\u00e1 el mundo a punto de conseguir un instrumento jur\u00eddicamente vinculante para terminar con la contaminaci\u00f3n con pl\u00e1sticos, una tarea dif\u00edcil pero extremadamente necesaria\u00bb, destac\u00f3 en el inicio del plenario el diplom\u00e1tico ecuatoriano Luis Vayas Valdivieso, presidente de las negociaciones que comenzaron en 2022 y han celebrado cinco rondas.<\/p>\n<p>La responsabilidad para frenar la contaminaci\u00f3n por pl\u00e1stico \u00abrecae\u00bb en los Estados, asegur\u00f3 el presidente de los debates de la ONU que se iniciaron este martes en Ginebra para forjar un primer tratado internacional contra esa problem\u00e1tica.<\/p>\n<figure class=\"placeholder-image master_landscape big\"><img data-format=\"MASTER_LANDSCAPE\" data-id=\"63133374\" data-url=\"https:\/\/static.dw.com\/image\/63133374_${formatId}.jpg\" data-aspect-ratio=\"16\/9\" alt=\"Un hombre en medio del agua, completamente llena de residuos pl\u00e1sticos, en la represa de Cerr\u00f3n Grande, El Salvador.\" style=\"padding-bottom: 56.25%; height: 0; max-height: 0;\"\/><figcaption class=\"img-caption\">Residuos pl\u00e1sticos en la represa de Cerr\u00f3n Grande, El Salvador.<small class=\"copyright\">Imagen: MARVIN RECINOS\/AFP<\/small><\/figcaption><\/figure>\n<h2>\u00abCrisis mundial\u00bb por el pl\u00e1stico<\/h2>\n<p>\u00abNos enfrentamos a una crisis mundial, ya que la poluci\u00f3n por pl\u00e1sticos esta da\u00f1ando los ecosistemas, contamina los oc\u00e9anos, los r\u00edos, amenaza la biodiversidad, da\u00f1a la salud humana\u00a0 y tiene repercusiones injustas sobre las mas vulnerables\u00bb, agreg\u00f3 Vayas Valdivielso, tambi\u00e9n embajador de su pa\u00eds en el Reino Unido.<\/p>\n<p><span data-slot-id=\"Article_InContent-1\" class=\"rich-text-ad\"\/><\/p>\n<p>\u00abTienen por delante diez d\u00edas de negociaciones intensas, saben que ser\u00e1n largas noches, pero deben mantener una gran determinaci\u00f3n y un esp\u00edritu de solidaridad para lograr soluciones y acuerdos mutuos\u00bb, agreg\u00f3 la directora ejecutiva del Programa de la ONU para el Medio Ambiente (PNUMA), la danesa Inger Andersen.<\/p>\n<figure class=\"placeholder-image master_landscape big\"><img data-format=\"MASTER_LANDSCAPE\" data-id=\"73526846\" data-url=\"https:\/\/static.dw.com\/image\/73526846_${formatId}.jpg\" data-aspect-ratio=\"16\/9\" alt=\"Residuos pl\u00e1sticos en la costa del lago Dal, en Srinagar, India.\" style=\"padding-bottom: 56.25%; height: 0; max-height: 0;\"\/><figcaption class=\"img-caption\">El pl\u00e1stico ya forma parte de nuestro organismo: ha entrado en forma de micropl\u00e1stico en la circulaci\u00f3n sangu\u00ednea y en nuestros \u00f3rganos, lo cual es sumamente peligroso para la salud.<small class=\"copyright\">Imagen: Firdous Nazir\/Nurphoto\/Imelo<\/small><\/figcaption><\/figure>\n<p>La responsable de la agencia ambiental de Naciones Unidas, que fue la que orden\u00f3 la creaci\u00f3n de un comit\u00e9 negociador sobre la contaminaci\u00f3n pl\u00e1stica, advirti\u00f3 que esta poluci\u00f3n\u00a0\u00a0\u00abya est\u00e1 presente en nuestra circulaci\u00f3n sangu\u00ednea\u00bb e ir\u00e1 en aumento en todo el mundo al ritmo actual.<\/p>\n<p>Ambos coincidieron en que este problema medioambiental especialmente visible por la enorme presencia de micropl\u00e1sticos en los oc\u00e9anos, causado por no haber desarrollado un ciclo de producci\u00f3n, consumo y desechado sostenible, tiene que ser atajado por el mismo ser humano que lo ha provocado.<\/p>\n<p>\u00abCada hora cuenta y los primeros d\u00edas de negociaciones marcaran el ritmo y el tono, sentando las bases para una fase final (la pr\u00f3xima semana, con representantes a nivel ministerial de todo el mundo) que esperemos sea exitosa\u00bb, destac\u00f3 el presidente del comit\u00e9 negociador.<\/p>\n<div class=\"vjs-wrapper embed big\">\n<h2 aria-label=\"Video integrado \u2014 Colombia: un pueblo lucha contra el pl\u00e1stico\" class=\"headline\"><svg xmlns=\"http:\/\/www.w3.org\/2000\/svg\" viewbox=\"0 0 20 20\"><g fill-rule=\"evenodd\"><path d=\"M14.114 7.599H13.5l.002 4.706h.601l4.582 3.25-.005-11.11zM11.084 4.444l-9.007.002-1.336.797.002 9.514 1.334.793 9.007.006 1.509-.799-.004-9.516z\"\/><\/g><\/svg>Colombia: un pueblo lucha contra el pl\u00e1stico<\/h2>\n<p><video id=\"video-72141154\" controls=\"\" playsinline=\"\" preload=\"none\" poster=\"data:image\/png;base64,iVBORw0KGgoAAAANSUhEUgAAAAEAAAABCAQAAAC1HAwCAAAAC0lEQVR42mNkYAAAAAYAAjCB0C8AAAAASUVORK5CYII=\" data-id=\"72141154\" data-posterurl=\"https:\/\/static.dw.com\/image\/72127701_605.webp\" data-duration=\"08:13\"><source src=\"https:\/\/hlsvod.dw.com\/i\/dwtv_video\/flv\/gls\/gls250408_Colombia_,AVC_480x270,AVC_512x288,AVC_640x360,AVC_960x540,AVC_1280x720,AVC_1920x1080,.mp4.csmil\/master.m3u8\" type=\"application\/x-mpegURL\"><source src=\"https:\/\/tvdownloaddw-a.akamaihd.net\/dwtv_video\/flv\/gls\/gls250408_Colombia_AVC_1920x1080.mp4\" type=\"video\/mp4\"><track src=\"https:\/\/www.dw.com\/media\/subtitles\/72432831\" srclang=\"es\" label=\"SPANISH\" default=\"\"><p class=\"vjs-no-js\">Para ver este video, habilite JavaScript y considere actualizar a un navegador web que admite el video HTML5<\/p>\n<\/track><\/source><\/source><\/video><\/div>\n<h2>Las ONG contin\u00faan su presi\u00f3n<\/h2>\n<p>Las negociaciones se han visto precedidas de distintos actos de protesta y reivindicativos en las inmediaciones del Palacio de las Naciones, la sede europea de la ONU en Ginebra donde se re\u00fanen las delegaciones para debatir tras anteriores rondas en Uruguay, Francia, Kenia y Corea del Sur.<\/p>\n<p>La Fundaci\u00f3n Gallifrey para la protecci\u00f3n de los oc\u00e9anos entreg\u00f3 a delegados que entraban en el recinto de Naciones Unidas pastillas de jab\u00f3n simbolizando el deseo de conseguir un acuerdo lo m\u00e1s \u00ablimpio\u00bb posible.<\/p>\n<p>Gallifrey es una de las muchas oeneg\u00e9s que piden que el acuerdo se apruebe por mayor\u00eda tras una votaci\u00f3n, frente a la opini\u00f3n de pa\u00edses productores de petr\u00f3leo y potencias como China o India, que prefieren un tratado de consenso (con el \u00abs\u00ed\u00bb de todos los pa\u00edses), lo que implicar\u00eda un texto con menos obligaciones y m\u00e1s concesiones a los pa\u00edses m\u00e1s contaminantes.<\/p>\n<p>CP (EFE, AFP)<\/p>\n<\/div>\n\n","protected":false},"excerpt":{"rendered":"<p>La sexta y se espera que \u00faltima reuni\u00f3n de negociadores con el objetivo de lograr un tratado global contra la contaminaci\u00f3n por pl\u00e1sticos\u00a0dio comienzo este martes (5.08.2025) en la sede de la ONU, en Ginebra, con un llamamiento a que los 180 pa\u00edses participantes se pongan de acuerdo ante la crisis ambiental\u00a0y sanitaria que han &hellip;<\/p>\n","protected":false},"author":1,"featured_media":39047,"comment_status":"open","ping_status":"open","sticky":false,"template":"","format":"standard","meta":{"fifu_image_url":"https:\/\/static.dw.com\/image\/73526660_6.jpg","fifu_image_alt":"","footnotes":""},"categories":[13],"tags":[],"class_list":["post-39046","post","type-post","status-publish","format-standard","has-post-thumbnail","","category-mundo"],"_links":{"self":[{"href":"https:\/\/noticiasveraces.com\/index.php?rest_route=\/wp\/v2\/posts\/39046","targetHints":{"allow":["GET"]}}],"collection":[{"href":"https:\/\/noticiasveraces.com\/index.php?rest_route=\/wp\/v2\/posts"}],"about":[{"href":"https:\/\/noticiasveraces.com\/index.php?rest_route=\/wp\/v2\/types\/post"}],"author":[{"embeddable":true,"href":"https:\/\/noticiasveraces.com\/index.php?rest_route=\/wp\/v2\/users\/1"}],"replies":[{"embeddable":true,"href":"https:\/\/noticiasveraces.com\/index.php?rest_route=%2Fwp%2Fv2%2Fcomments&post=39046"}],"version-history":[{"count":0,"href":"https:\/\/noticiasveraces.com\/index.php?rest_route=\/wp\/v2\/posts\/39046\/revisions"}],"wp:featuredmedia":[{"embeddable":true,"href":"https:\/\/noticiasveraces.com\/index.php?rest_route=\/wp\/v2\/media\/39047"}],"wp:attachment":[{"href":"https:\/\/noticiasveraces.com\/index.php?rest_route=%2Fwp%2Fv2%2Fmedia&parent=39046"}],"wp:term":[{"taxonomy":"category","embeddable":true,"href":"https:\/\/noticiasveraces.com\/index.php?rest_route=%2Fwp%2Fv2%2Fcategories&post=39046"},{"taxonomy":"post_tag","embeddable":true,"href":"https:\/\/noticiasveraces.com\/index.php?rest_route=%2Fwp%2Fv2%2Ftags&post=39046"}],"curies":[{"name":"wp","href":"https:\/\/api.w.org\/{rel}","templated":true}]}}