{"id":39041,"date":"2025-08-05T07:00:07","date_gmt":"2025-08-05T11:00:07","guid":{"rendered":"https:\/\/noticiasveraces.com\/?p=39041"},"modified":"2025-08-05T07:00:07","modified_gmt":"2025-08-05T11:00:07","slug":"no-saben-lo-afortunados-que-son","status":"publish","type":"post","link":"https:\/\/noticiasveraces.com\/?p=39041","title":{"rendered":"\u00abNo saben lo afortunados que son\u00bb"},"content":{"rendered":"<p> \n<\/p>\n<div>\n<p data-mrf-recirculation=\"Links P\u00e1rrafos\" class=\"ue-c-article__paragraph paragraph ue-c-article--first-letter-highlighted\">Grandes amigos en lo personal, compa\u00f1eros en la Selecci\u00f3n y rivales en el Cl\u00e1sico. Modric y Rakitic <strong>han sido y son historia viva del f\u00fatbol moderno<\/strong>. En los \u00faltimos a\u00f1os han protagonizado grandes encuentros tanto juntos como enfrentados, es por eso, que despu\u00e9s del <strong>fichaje de Luka por el Milan<\/strong>Rakitic no ha dudado en recordar a los rossoneri lo afortunados que son. <\/p>\n<figure class=\"ue-c-article__media ue-c-article__media--image\">\n<div class=\"ue-c-article__media-img-container ue-l-article--expand-edge-right-until-tablet ue-l-article--expand-edge-left-until-tablet\"><picture><source type=\"image\/webp\" sizes=\"(min-width: 1010px) 660px, (min-width: 980px) calc(100vw - 350px), (min-width: 740px) calc(100vw - 320px), 100vw\" srcset=\"https:\/\/e00-xlk-ue-marca.uecdn.es\/files\/article_360_widen_webp\/uploads\/2025\/08\/03\/688f9922ab6c1.webp 360w,https:\/\/e00-xlk-ue-marca.uecdn.es\/files\/article_375_widen_webp\/uploads\/2025\/08\/03\/688f9922ab6c1.webp 375w,https:\/\/e00-xlk-ue-marca.uecdn.es\/files\/article_414_widen_webp\/uploads\/2025\/08\/03\/688f9922ab6c1.webp 414w,https:\/\/e00-xlk-ue-marca.uecdn.es\/files\/article_660_widen_webp\/uploads\/2025\/08\/03\/688f9922ab6c1.webp 660w,https:\/\/e00-xlk-ue-marca.uecdn.es\/files\/article_720_widen_webp\/uploads\/2025\/08\/03\/688f9922ab6c1.webp 720w,https:\/\/e00-xlk-ue-marca.uecdn.es\/files\/article_750_widen_webp\/uploads\/2025\/08\/03\/688f9922ab6c1.webp 750w,https:\/\/e00-xlk-ue-marca.uecdn.es\/files\/article_828_widen_webp\/uploads\/2025\/08\/03\/688f9922ab6c1.webp 828w,https:\/\/e00-xlk-ue-marca.uecdn.es\/files\/article_1320_widen_webp\/uploads\/2025\/08\/03\/688f9922ab6c1.webp 1320w\"><source type=\"image\/png\" sizes=\"(min-width: 1010px) 660px, (min-width: 980px) calc(100vw - 350px), (min-width: 740px) calc(100vw - 320px), 100vw\" srcset=\"https:\/\/e00-xlk-ue-marca.uecdn.es\/files\/article_360_widen\/uploads\/2025\/08\/03\/688f9922ab6c1.png 360w,https:\/\/e00-xlk-ue-marca.uecdn.es\/files\/article_375_widen\/uploads\/2025\/08\/03\/688f9922ab6c1.png 375w,https:\/\/e00-xlk-ue-marca.uecdn.es\/files\/article_414_widen\/uploads\/2025\/08\/03\/688f9922ab6c1.png 414w,https:\/\/e00-xlk-ue-marca.uecdn.es\/files\/article_660_widen\/uploads\/2025\/08\/03\/688f9922ab6c1.png 660w,https:\/\/e00-xlk-ue-marca.uecdn.es\/files\/article_720_widen\/uploads\/2025\/08\/03\/688f9922ab6c1.png 720w,https:\/\/e00-xlk-ue-marca.uecdn.es\/files\/article_750_widen\/uploads\/2025\/08\/03\/688f9922ab6c1.png 750w,https:\/\/e00-xlk-ue-marca.uecdn.es\/files\/article_828_widen\/uploads\/2025\/08\/03\/688f9922ab6c1.png 828w,https:\/\/e00-xlk-ue-marca.uecdn.es\/files\/article_1320_widen\/uploads\/2025\/08\/03\/688f9922ab6c1.png 1320w\"><img decoding=\"async\" width=\"436\" height=\"586\" class=\"ue-c-article__image lazyload\" alt=\"M\u00f3dric y Rakitic abraz\u00e1ndose\" loading=\"lazy\" src=\"https:\/\/e00-xlk-ue-marca.uecdn.es\/uploads\/2025\/08\/03\/688f9922ab6c1.png\"\/><\/source><\/source><\/picture><\/div><figcaption class=\"ue-c-article__media-caption\">\n<p><span class=\"ue-c-article__media-description\">M\u00f3dric y Rakitic abraz\u00e1ndose<\/span><span class=\"ue-c-article__media-source\"><span class=\"ue-c-article__media-author\">R\u00e1k\u00edtico<\/span><\/span><\/p>\n<\/figcaption><\/figure>\n<p data-mrf-recirculation=\"Links P\u00e1rrafos\" class=\"ue-c-article__paragraph paragraph\">Una imagen vale m\u00e1s que mil palabras. El ex del<strong> Barcelona <\/strong>ha subido a sus redes sociales una fotograf\u00eda, donde se ve a los dos jugadores abrazados en Croacia, acompa\u00f1ado de un mensaje que es tan claro como contundente, <strong>\u00abno saben la suerte que tienen hermano.<\/strong> Buena suerte, siempre a tu lado\u00bb, agradec\u00eda la visita el croata.<\/p>\n<h2 class=\"ue-c-article__subheadline\">\u00abFlorentino renueva a Modric\u00bb<\/h2>\n<p data-mrf-recirculation=\"Links P\u00e1rrafos\" class=\"ue-c-article__paragraph paragraph\">Hace unos meses Rakitic daba una entrevista a MARCA en la que no dej\u00f3 indiferente a nadie y mand\u00f3 un mensaje directo a <strong>Florentino P\u00e9rez<\/strong>presidente del Real Madrid. Una frase que parec\u00eda que pod\u00eda convencer a m\u00e1s de uno, sin embargo, no lo hizo con el m\u00e1ximo mandatario del club blanco. <\/p>\n<figure class=\"ue-c-article__media ue-c-article__media--video  video-player\"><figcaption class=\"ue-c-article__media-caption\" itemprop=\"description\">\n<p><span class=\"ue-c-article__media-description\">El ex de Sevilla y Barcelona, ahora en el Hajduk, no tiene dudas: Luka deber\u00eda seguir en el Real Madrid<\/span><span class=\"ue-c-article__media-author\"><span>MARCA<\/span><\/span><\/p>\n<\/figcaption><\/figure>\n<p data-mrf-recirculation=\"Links P\u00e1rrafos\" class=\"ue-c-article__paragraph paragraph\"><strong>\u00abTe voy a dar un titular y ojal\u00e1 me escuche bien Florentino P\u00e9rez: \u00a1renu\u00e9valo ya!<\/strong> Pero no s\u00f3lo por el bien del Real Madrid, sino por todos los que nos gusta el f\u00fatbol\u00bb, dijo Ivan al ser preguntado. Adem\u00e1s a\u00f1adi\u00f3 que <strong>\u00abLuka es uno de los pocos jugadores que le quiere todo el mundo: <\/strong>los croatas, los espa\u00f1oles, los alemanes, los del Sevilla, los del Athletic&#8230;\u00bb.<\/p>\n<\/div>\n\n","protected":false},"excerpt":{"rendered":"<p>Grandes amigos en lo personal, compa\u00f1eros en la Selecci\u00f3n y rivales en el Cl\u00e1sico. Modric y Rakitic han sido y son historia viva del f\u00fatbol moderno. En los \u00faltimos a\u00f1os han protagonizado grandes encuentros tanto juntos como enfrentados, es por eso, que despu\u00e9s del fichaje de Luka por el MilanRakitic no ha dudado en recordar &hellip;<\/p>\n","protected":false},"author":1,"featured_media":39043,"comment_status":"open","ping_status":"open","sticky":false,"template":"","format":"standard","meta":{"fifu_image_url":"https:\/\/e00-xlk-ue-marca.uecdn.es\/files\/phantom_desktop_1200w\/uploads\/2025\/08\/03\/688f947e408d8.jpeg","fifu_image_alt":"","footnotes":""},"categories":[6],"tags":[],"class_list":["post-39041","post","type-post","status-publish","format-standard","has-post-thumbnail","","category-deportes"],"_links":{"self":[{"href":"https:\/\/noticiasveraces.com\/index.php?rest_route=\/wp\/v2\/posts\/39041","targetHints":{"allow":["GET"]}}],"collection":[{"href":"https:\/\/noticiasveraces.com\/index.php?rest_route=\/wp\/v2\/posts"}],"about":[{"href":"https:\/\/noticiasveraces.com\/index.php?rest_route=\/wp\/v2\/types\/post"}],"author":[{"embeddable":true,"href":"https:\/\/noticiasveraces.com\/index.php?rest_route=\/wp\/v2\/users\/1"}],"replies":[{"embeddable":true,"href":"https:\/\/noticiasveraces.com\/index.php?rest_route=%2Fwp%2Fv2%2Fcomments&post=39041"}],"version-history":[{"count":0,"href":"https:\/\/noticiasveraces.com\/index.php?rest_route=\/wp\/v2\/posts\/39041\/revisions"}],"wp:featuredmedia":[{"embeddable":true,"href":"https:\/\/noticiasveraces.com\/index.php?rest_route=\/wp\/v2\/media\/39043"}],"wp:attachment":[{"href":"https:\/\/noticiasveraces.com\/index.php?rest_route=%2Fwp%2Fv2%2Fmedia&parent=39041"}],"wp:term":[{"taxonomy":"category","embeddable":true,"href":"https:\/\/noticiasveraces.com\/index.php?rest_route=%2Fwp%2Fv2%2Fcategories&post=39041"},{"taxonomy":"post_tag","embeddable":true,"href":"https:\/\/noticiasveraces.com\/index.php?rest_route=%2Fwp%2Fv2%2Ftags&post=39041"}],"curies":[{"name":"wp","href":"https:\/\/api.w.org\/{rel}","templated":true}]}}