{"id":39027,"date":"2025-08-05T05:27:08","date_gmt":"2025-08-05T09:27:08","guid":{"rendered":"https:\/\/noticiasveraces.com\/?p=39027"},"modified":"2025-08-05T05:27:08","modified_gmt":"2025-08-05T09:27:08","slug":"cuidado-asistencial-en-alemania-esta-al-borde-del-colapso-dw-05-08-2025","status":"publish","type":"post","link":"https:\/\/noticiasveraces.com\/?p=39027","title":{"rendered":"Cuidado asistencial en Alemania est\u00e1 \u00abal borde del colapso\u00bb \u2013 DW \u2013 05\/08\/2025"},"content":{"rendered":"<p> \n<\/p>\n<div>\n<p>Las personas mayores en Alemania no fueron las \u00fanicas que se alarmaron con la noticia de hace unos d\u00edas: \u201cLos costos de cuidado asistencial han vuelto a subir; m\u00e1s de 3.000 euros al mes\u201d,\u00a0anunciaron diversos titulares. Seg\u00fan la VdEK (la Asociaci\u00f3n de Cajas de Seguro M\u00e9dico de Reemplazo), los costos en los centros de cuidados asistenciales ascendieron a un promedio de\u00a03.248 euros mensuales, sin subsidios, seg\u00fan inform\u00f3 la VdEK a Deutsche Welle. Esta es una suma enorme si se considera que la pensi\u00f3n promedio en Alemania ronda los\u00a01.100 mensuales.<\/p>\n<h2>M\u00e1s personas mayores, m\u00e1s costos<\/h2>\n<p>La poblaci\u00f3n alemana envejece cada vez m\u00e1s. La esperanza de vida promedio de los reci\u00e9n nacidos es de\u00a079 a\u00f1os para los hombres\u00a0y\u00a084 para las mujeres. Quienes alcanzan edades avanzadas suelen necesitar m\u00e1s cuidados. En diciembre de 2023,\u00a05,7 millones de personas\u00a0eran dependientes de cuidados, seg\u00fan la Oficina Federal de Estad\u00edstica. Se estima que el envejecimiento poblacional aumentar\u00e1 la cifra en un 37% para 2055.<\/p>\n<p>El VdEK informa que el\u00a0aporte personal\u00a0para el cuidado asistencial ha pasado de\u00a01.772 euros en 2018\u00a0a\u00a03.248 euros actualmente.<\/p>\n<p><span data-slot-id=\"Article_InContent-1\" class=\"rich-text-ad\"\/><\/p>\n<h2>\u00bfPor qu\u00e9 ha subido tanto el costo?<\/h2>\n<p>El economista especializado en salud,\u00a0Heinz Rothgang,\u00a0explica en entrevista con DW que el aumento se debe principalmente a dos factores:<\/p>\n<p>\u201cDurante mucho tiempo, el trabajo de\u00a0cuidados asistenciales estuvo mal remunerado. Pero en los \u00faltimos diez a\u00f1os, los salarios en este sector han crecido el doble que en el resto de la econom\u00eda.<br \/>Asimismo, la escasez de personal que hab\u00eda en los centros de atenci\u00f3n, se est\u00e1 corrigiendo gradualmente. En resumen: ahora hay m\u00e1s personal y se les paga mejor. Eso ha encarecido los cuidados.\u201d<\/p>\n<figure class=\"placeholder-image master_landscape right\"><img data-format=\"MASTER_LANDSCAPE\" data-id=\"73448609\" data-url=\"https:\/\/static.dw.com\/image\/73448609_${formatId}.jpg\" data-aspect-ratio=\"16\/9\" alt=\"Beate Linz-E\u00dfer dirige el centro de atenci\u00f3n para adultos mayores Erikaweg.\" style=\"padding-bottom: 56.25%; height: 0; max-height: 0;\"\/><figcaption class=\"img-caption\">Beate Linz-E\u00dfer dirige el centro de atenci\u00f3n para adultos mayores Erikaweg.<small class=\"copyright\">Imagen: privat<\/small><\/figcaption><\/figure>\n<h2>Cr\u00edticas al sistema<\/h2>\n<p>De los 3.248 euros mensuales, 1.488 corresponden a costos como mantenimiento del centro y formaci\u00f3n del personal. Y todos los costos siguen aumentando.<\/p>\n<p>La directora del centro de atenci\u00f3n para mayores\u00a0Erikaweg, en Hilden (Renania del Norte-Westfalia),\u00a0Beate Linz-E\u00dfer, critica en entrevista con DW: \u201cNo puede ser que los residentes tengan que pagar la formaci\u00f3n de los cuidadores. En otras profesiones, el Estado cubre la formaci\u00f3n. Tambi\u00e9n ocurre con los costos de inversi\u00f3n, que tambi\u00e9n pagan los residentes. En los hospitales, esos gastos los cubre el Estado o el gobierno regional. Nuestros residentes tienen que pagar incluso eso.\u201d<\/p>\n<p>Linz-E\u00dfer quiere mantener la calidad en el centro Erikaweg, pero ha hecho c\u00e1lculos y deber\u00e1 subir los precios.\u00a0\u201cEl aporte personal para nuevos residentes podr\u00eda aumentar hasta los 3.700 euros mensuales\u201d, dice.<\/p>\n<p>Con el tiempo, el aporte personal disminuye, ya que el seguro de cuidados cubre una parte fija y muchas personas tambi\u00e9n reciben subsidios adicionales por sus enfermedades. Aun as\u00ed, el sistema est\u00e1 al borde del colapso.<\/p>\n<figure class=\"placeholder-image master_landscape left\"><img data-format=\"MASTER_LANDSCAPE\" data-id=\"73167551\" data-url=\"https:\/\/static.dw.com\/image\/73167551_${formatId}.jpg\" data-aspect-ratio=\"16\/9\" alt=\"Alemania Berl\u00edn 2025 | Ministra Federal de Salud, Nina Warken\" style=\"padding-bottom: 56.25%; height: 0; max-height: 0;\"\/><figcaption class=\"img-caption\">Ministro de Salud Nina Warken (CDU)<small class=\"copyright\">Imagen: Bernd Elmenthaler\/ESDES.Pictures\/IMAGO<\/small><\/figcaption><\/figure>\n<h2>\u00bfC\u00f3mo salir de esta crisis?<\/h2>\n<p>La ministra alemana\u00a0de Salud, Nina Warken,\u00a0propone crear una comisi\u00f3n que dise\u00f1e una reforma. Cree que los seguros privados deben tener un papel m\u00e1s importante. Este a\u00f1o y el pr\u00f3ximo, el gobierno federal aportar\u00e1\u00a02.000 millones de euros\u00a0al seguro social de cuidados. Pero esta ayuda estatal, financiada con impuestos, solo ofrece alivio temporal.<\/p>\n<p>El economista Prof. Heinz Rothgang, propone una reforma profunda: \u201cUna opci\u00f3n es introducir fondos p\u00fablicos en el sistema, como ya ocurre con las pensiones y el seguro m\u00e9dico. Otra posibilidad es involucrar m\u00e1s a los contribuyentes, especialmente a quienes tienen mayores ingresos.\u201d Mientras tanto el\u00a0Tribunal Federal de Cuentas\u00a0ya ha lanzado una advertencia:<br \/>El seguro de cuidados podr\u00eda enfrentar un d\u00e9ficit de m\u00e1s de 12 mil millones de euros para 2029.<\/p>\n<\/div>\n\n","protected":false},"excerpt":{"rendered":"<p>Las personas mayores en Alemania no fueron las \u00fanicas que se alarmaron con la noticia de hace unos d\u00edas: \u201cLos costos de cuidado asistencial han vuelto a subir; m\u00e1s de 3.000 euros al mes\u201d,\u00a0anunciaron diversos titulares. Seg\u00fan la VdEK (la Asociaci\u00f3n de Cajas de Seguro M\u00e9dico de Reemplazo), los costos en los centros de cuidados &hellip;<\/p>\n","protected":false},"author":1,"featured_media":39028,"comment_status":"open","ping_status":"open","sticky":false,"template":"","format":"standard","meta":{"fifu_image_url":"https:\/\/static.dw.com\/image\/73509772_6.jpg","fifu_image_alt":"","footnotes":""},"categories":[13],"tags":[],"class_list":["post-39027","post","type-post","status-publish","format-standard","has-post-thumbnail","","category-mundo"],"_links":{"self":[{"href":"https:\/\/noticiasveraces.com\/index.php?rest_route=\/wp\/v2\/posts\/39027","targetHints":{"allow":["GET"]}}],"collection":[{"href":"https:\/\/noticiasveraces.com\/index.php?rest_route=\/wp\/v2\/posts"}],"about":[{"href":"https:\/\/noticiasveraces.com\/index.php?rest_route=\/wp\/v2\/types\/post"}],"author":[{"embeddable":true,"href":"https:\/\/noticiasveraces.com\/index.php?rest_route=\/wp\/v2\/users\/1"}],"replies":[{"embeddable":true,"href":"https:\/\/noticiasveraces.com\/index.php?rest_route=%2Fwp%2Fv2%2Fcomments&post=39027"}],"version-history":[{"count":0,"href":"https:\/\/noticiasveraces.com\/index.php?rest_route=\/wp\/v2\/posts\/39027\/revisions"}],"wp:featuredmedia":[{"embeddable":true,"href":"https:\/\/noticiasveraces.com\/index.php?rest_route=\/wp\/v2\/media\/39028"}],"wp:attachment":[{"href":"https:\/\/noticiasveraces.com\/index.php?rest_route=%2Fwp%2Fv2%2Fmedia&parent=39027"}],"wp:term":[{"taxonomy":"category","embeddable":true,"href":"https:\/\/noticiasveraces.com\/index.php?rest_route=%2Fwp%2Fv2%2Fcategories&post=39027"},{"taxonomy":"post_tag","embeddable":true,"href":"https:\/\/noticiasveraces.com\/index.php?rest_route=%2Fwp%2Fv2%2Ftags&post=39027"}],"curies":[{"name":"wp","href":"https:\/\/api.w.org\/{rel}","templated":true}]}}