{"id":39021,"date":"2025-08-05T03:25:13","date_gmt":"2025-08-05T07:25:13","guid":{"rendered":"https:\/\/noticiasveraces.com\/?p=39021"},"modified":"2025-08-05T03:25:13","modified_gmt":"2025-08-05T07:25:13","slug":"netanyahu-anuncia-su-intencion-de-ocupar-toda-gaza-dw-05-08-2025","status":"publish","type":"post","link":"https:\/\/noticiasveraces.com\/?p=39021","title":{"rendered":"Netanyahu anuncia su intenci\u00f3n de ocupar toda Gaza \u2013 DW \u2013 05\/08\/2025"},"content":{"rendered":"<p> \n<\/p>\n<div>\n<p>El primer ministro de Israel, Benjam\u00edn Netanyahu, ha convocado para este martes (5.08.2025) una reuni\u00f3n del Gabinete de seguridad con la intenci\u00f3n de \u00abir a por la ocupaci\u00f3n total de la Franja de Gaza\u00bb, tal y como inform\u00f3 un alto funcionario en un encuentro con la prensa israel\u00ed y que confirmaron a la agencia EFE fuentes de la oficina del l\u00edder del Gobierno.<\/p>\n<p>El Gabinete tiene la intenci\u00f3n de adoptar una \u00abestrategia actualizada\u00bb correspondiente para las Fuerzas Armadas israel\u00edes este martes, hab\u00edan informado ya el lunes por la noche el <em>Canal 12<\/em> y el peri\u00f3dico <em>Puesto de Jerusal\u00e9n<\/em>citando a altos funcionarios del gobierno.<\/p>\n<p>\u00abEl primer ministro convocar\u00e1 ma\u00f1ana (por este martes) un debate sobre seguridad sobre la continuaci\u00f3n de los combates y su expansi\u00f3n a zonas donde se teme que haya rehenes. Las fuerzas de seguridad se oponen a las maniobras en lugares donde se encuentran retenidos, por temor a causarles da\u00f1o\u00bb, recoge un comunicado al que tuvo acceso EFE.<\/p>\n<p>Durante el encuentro con la prensa israel\u00ed, un alto funcionario\u00a0de Netanyahu asegur\u00f3: \u00abLa suerte est\u00e1 echada: vamos a ocupar por completo la Franja de Gaza\u00bb, seg\u00fan recogi\u00f3 el diario <em>Yindioth Ahronoth<\/em>.<\/p>\n<figure class=\"placeholder-image master_landscape big\"><img data-format=\"MASTER_LANDSCAPE\" data-id=\"72877421\" data-url=\"https:\/\/static.dw.com\/image\/72877421_${formatId}.jpg\" data-aspect-ratio=\"16\/9\" alt=\"El primer ministro de Israel, Benjam\u00edn Netanyahu.\" style=\"padding-bottom: 56.25%; height: 0; max-height: 0;\"\/><figcaption class=\"img-caption\">El primer ministro de Israel, Benjam\u00edn Netanyahu, convoc\u00f3 a una reuni\u00f3n de Gabinete este martes (5.08.2025) para debatir la continuaci\u00f3n y extensi\u00f3n de los combates en Gaza, seg\u00fan medios y fuentes del Gobierno israel\u00ed.<small class=\"copyright\">Imagen: Menhem Kahana\/AFP<\/small><\/figcaption><\/figure>\n<p>El sitio de noticias israel\u00ed <em>Estar destinado<\/em> tambi\u00e9n cit\u00f3 a altos funcionarios cercanos a Netanyahu. Sin embargo, el informe de ese diario especula con que esto tambi\u00e9n podr\u00eda formar parte de una t\u00e1ctica de negociaci\u00f3n para presionar a la organizaci\u00f3n radical islamista Ham\u00e1s-calificada como organizaci\u00f3n terrorista por la Uni\u00f3n Europea y\u00a0Estados Unidos, adem\u00e1s de otros pa\u00edses-\u00a0ante el estancamiento de las conversaciones sobre un alto el fuego y la liberaci\u00f3n de los rehenes.<\/p>\n<p>Seg\u00fan estimaciones israel\u00edes, Ham\u00e1s retiene actualmente a 50 rehenes, de los cuales se cree que 20 est\u00e1n vivos. M\u00e1s de 250 personas fueron\u00a0capturadas por Ham\u00e1s durante el ataque terrorista perpetrado por esa organizaci\u00f3n islamista contra Israel el 7 de octubre de 2023, en el cual fueron asesinadas m\u00e1s de 1.250 personas. Desde esa fecha, Israel lleva a cabo una guerra en Gaza para derrotar a Ham\u00e1s y liberar a los rehenes, una campa\u00f1a militar en la cual han muerto m\u00e1s de\u00a060.000 personas hasta el momento, seg\u00fan estimaciones del Ministerio de Salud de la Franja de Gaza, controlado por Ham\u00e1s.<\/p>\n<p><span data-slot-id=\"Article_InContent-1\" class=\"rich-text-ad\"\/><\/p>\n<h2>Operaciones donde se hallan los rehenes<\/h2>\n<p>\u00abHabr\u00e1 operaciones incluso en las zonas donde se encuentran los rehenes. Si el jefe del Estado Mayor no est\u00e1 de acuerdo, deber\u00eda dimitir\u00bb, dijo el alto funcionario, seg\u00fan escribe <em>Estar destinado<\/em>refiri\u00e9ndose al l\u00edder del Ej\u00e9rcito, Eyal Zamir, a la vista de la oposici\u00f3n del estamento de seguridad a esta medida.<\/p>\n<p>Fuentes cercanas al Gobierno dijeron a la agencia EFE que a\u00fan no se ha concretado la reuni\u00f3n, prevista para este martes, del Gabinete de seguridad, que decide el curso de la ofensiva en Gaza y est\u00e1 formado por miembros del Gobierno de las carteras relevantes para ella y otros altos cargos de seguridad.<\/p>\n<h2>El Ej\u00e9rcito de Israel estar\u00eda\u00a0en contra <\/h2>\n<p>Ya en la tarde del lunes, a las puertas del anuncio, la prensa local anunci\u00f3 que el jefe el Estado Mayor, Eyal Zamir, hab\u00eda cancelado la visita que ten\u00eda programada a Estados Unidos.<\/p>\n<p>Tras revelarse las intenciones del mandatario, el Ej\u00e9rcito respondi\u00f3 con un comunicado en el que anunciaba la cancelaci\u00f3n de la extensi\u00f3n del servicio hasta ahora en vigor de las tropas terrestres regulares a partir de 2025. <\/p>\n<p>\u00abSe ha decidido dar a los soldados algo de espacio para respirar\u00bb, asegura el comunicado, \u00aba la luz de los intensos combates en distintos sectores de las fuerzas armadas en los \u00faltimos dos a\u00f1os\u00bb.<\/p>\n<p>\u00abLas decisiones fueron tomadas por el Jefe del Estado Mayor, preocupado por la calidad del servicio de los combatientes y el fortalecimiento de sus derechos, en vista de su contribuci\u00f3n a las Fuerzas de Defensa de Israel y al Estado de Israel\u00bb, recoge el comunicado.<\/p>\n<p>Seg\u00fan el diario <em>Los tiempos de Israel<\/em>la oposici\u00f3n de las fuerzas armadas radica en la preocupaci\u00f3n por que las milicias palestinas en Gaza ejecuten a los rehenes ante el avance de las tropas (como ocurri\u00f3 a finales de agosto de 2024 con seis cautivos, hallados el 1 de septiembre). <\/p>\n<p>Tambi\u00e9n consideran que destruir el entramado de Ham\u00e1s podr\u00eda llevar a\u00f1os.<\/p>\n<p>CP (EFE, DPA, AFP)<\/p>\n<\/div>\n\n","protected":false},"excerpt":{"rendered":"<p>El primer ministro de Israel, Benjam\u00edn Netanyahu, ha convocado para este martes (5.08.2025) una reuni\u00f3n del Gabinete de seguridad con la intenci\u00f3n de \u00abir a por la ocupaci\u00f3n total de la Franja de Gaza\u00bb, tal y como inform\u00f3 un alto funcionario en un encuentro con la prensa israel\u00ed y que confirmaron a la agencia EFE &hellip;<\/p>\n","protected":false},"author":1,"featured_media":39022,"comment_status":"open","ping_status":"open","sticky":false,"template":"","format":"standard","meta":{"fifu_image_url":"https:\/\/static.dw.com\/image\/71973824_6.jpg","fifu_image_alt":"","footnotes":""},"categories":[13],"tags":[],"class_list":["post-39021","post","type-post","status-publish","format-standard","has-post-thumbnail","","category-mundo"],"_links":{"self":[{"href":"https:\/\/noticiasveraces.com\/index.php?rest_route=\/wp\/v2\/posts\/39021","targetHints":{"allow":["GET"]}}],"collection":[{"href":"https:\/\/noticiasveraces.com\/index.php?rest_route=\/wp\/v2\/posts"}],"about":[{"href":"https:\/\/noticiasveraces.com\/index.php?rest_route=\/wp\/v2\/types\/post"}],"author":[{"embeddable":true,"href":"https:\/\/noticiasveraces.com\/index.php?rest_route=\/wp\/v2\/users\/1"}],"replies":[{"embeddable":true,"href":"https:\/\/noticiasveraces.com\/index.php?rest_route=%2Fwp%2Fv2%2Fcomments&post=39021"}],"version-history":[{"count":0,"href":"https:\/\/noticiasveraces.com\/index.php?rest_route=\/wp\/v2\/posts\/39021\/revisions"}],"wp:featuredmedia":[{"embeddable":true,"href":"https:\/\/noticiasveraces.com\/index.php?rest_route=\/wp\/v2\/media\/39022"}],"wp:attachment":[{"href":"https:\/\/noticiasveraces.com\/index.php?rest_route=%2Fwp%2Fv2%2Fmedia&parent=39021"}],"wp:term":[{"taxonomy":"category","embeddable":true,"href":"https:\/\/noticiasveraces.com\/index.php?rest_route=%2Fwp%2Fv2%2Fcategories&post=39021"},{"taxonomy":"post_tag","embeddable":true,"href":"https:\/\/noticiasveraces.com\/index.php?rest_route=%2Fwp%2Fv2%2Ftags&post=39021"}],"curies":[{"name":"wp","href":"https:\/\/api.w.org\/{rel}","templated":true}]}}