{"id":39003,"date":"2025-08-05T01:23:12","date_gmt":"2025-08-05T05:23:12","guid":{"rendered":"https:\/\/noticiasveraces.com\/?p=39003"},"modified":"2025-08-05T01:23:12","modified_gmt":"2025-08-05T05:23:12","slug":"reconocer-palestina-alejaria-aun-mas-a-musulmanes-y-judios-dw-04-08-2025","status":"publish","type":"post","link":"https:\/\/noticiasveraces.com\/?p=39003","title":{"rendered":"Reconocer Palestina alejar\u00eda a\u00fan m\u00e1s a musulmanes y jud\u00edos \u2013 DW \u2013 04\/08\/2025"},"content":{"rendered":"<p> \n<\/p>\n<div>\n<p>Mohammed Iriqat ha sido testigo directo de la cambiante postura de Francia ante la crisis en la Franja de Gaza,\u00a0desde las burlas que recibi\u00f3 en su d\u00eda por llevar un <em>Kafifiyeh,<\/em> pa\u00f1uelo que simboliza la solidaridad palestina, hasta participar en protestas generalizadas mientras se recrudece la devastadora guerra en el enclave palestino.<\/p>\n<p>Ahora, el estudiante de Derecho palestino afincado en Par\u00eds est\u00e1 experimentando otro cambio despu\u00e9s de que el presidente Emmanuel Macron anunciara el 24 de julio que Francia reconocer\u00e1 la condici\u00f3n de Estado a\u00a0Palestina en la Asamblea General de las Naciones Unidas en septiembre.<\/p>\n<p>\u00abEs muy simb\u00f3lico, pero en \u00faltima instancia importante\u00bb, dijo Iriqat, de 30 a\u00f1os, sobre el\u00a0reconocimiento de la condici\u00f3n de Estado, aunque prefiere opciones m\u00e1s duras como boicots y sanciones contra Israel. Aun as\u00ed, a\u00f1adi\u00f3 que la medida \u00abservir\u00e1 como base para otras en una nueva etapa\u00bb.<\/p>\n<p>La respuesta de Iriqat se hace eco de la fracturada reacci\u00f3n en Francia al anuncio\u00a0de Macron, que ha dividido fuertemente a la clase pol\u00edtica francesa y ha profundizado las tensiones entre sus comunidades jud\u00eda y musulmana, las m\u00e1s grandes de Europa Occidental. Ambas han experimentado un fuerte aumento de los ataques desde que estall\u00f3 el conflicto entre Israel y Ham\u00e1s hace casi dos a\u00f1os. Incluso con la divisi\u00f3n sobre el reconocimiento de la condici\u00f3n de Estado, ambas confesiones temen que sus lazos se deterioren a\u00fan m\u00e1s.<\/p>\n<p>\u00abLa guerra ha acabado con muchas relaciones, tanto entre dirigentes como entre la poblaci\u00f3n\u00bb, declar\u00f3 a DW Gerard Unger, vicepresidente del Consejo Representativo de las Instituciones Jud\u00edas Francesas (CRIF). \u00abLas dos partes ya casi no se hablan. Cada parte es consciente de que, si lo hacen, cada una se declarar\u00e1 v\u00edctima\u00bb.<\/p>\n<p>El CRIF se encuentra entre los que critican la declaraci\u00f3n de Macron, junto con pol\u00edticos conservadores y de extrema derecha franceses. En un comunicado, el grupo jud\u00edo lo calific\u00f3 de \u00abfalta moral, error diplom\u00e1tico y peligro pol\u00edtico.\u00bb<\/p>\n<p>\u00abMacron no est\u00e1 respetando sus propios compromisos\u00bb, dijo Unger. Se\u00f1al\u00f3 que el presidente franc\u00e9s estableci\u00f3 anteriormente condiciones a\u00fan no cumplidas para reconocer la condici\u00f3n de Estado a\u00a0Palestina, incluida la liberaci\u00f3n de rehenes israel\u00edes y la &#8216;desmilitarizaci\u00f3n&#8217;\u00a0de Ham\u00e1s, un grupo militante islamista que Israel, la Uni\u00f3n Europea, Estados Unidos y otros han designado como organizaci\u00f3n terrorista. \u00abEso explica el enfado y la decepci\u00f3n de la comunidad jud\u00eda\u00bb.<\/p>\n<p>Otras destacadas figuras jud\u00edas se mostraron tambi\u00e9n duramente cr\u00edticas. \u00abEs una decisi\u00f3n oportunista\u00bb, dijo el abogado Arno Klarsfeld, hijo del famoso cazador de nazis Serge Klarsfeld, a la cadena conservadora francesa CNews TV. \u00abCimenta el divorcio con la comunidad jud\u00eda en Francia, enfr\u00eda considerablemente las relaciones con Israel y Estados Unidos y refuerza a Ham\u00e1s\u00bb.<\/p>\n<p>No es de extra\u00f1ar que muchos de los l\u00edderes musulmanes de Francia y los partidos de izquierda hayan saludado ampliamente la medida del presidente.<\/p>\n<p>\u00abLa decisi\u00f3n del se\u00f1or Macron ha sido recibida con gran satisfacci\u00f3n y alegr\u00eda\u00bb, dijo Abdallah Zekri, vicepresidente del Consejo Franc\u00e9s de la Fe Musulmana. \u00abEsperamos que se traduzca en realidad en septiembre, sin condiciones previas\u00bb.<\/p>\n<p><span data-slot-id=\"Article_InContent-1\" class=\"rich-text-ad\"\/><\/p>\n<h2>Francia da un giro de 180 grados en el conflicto de Gaza<\/h2>\n<p>Pocos discuten que la declaraci\u00f3n de Estado de Macron marca un giro de 180 grados diplom\u00e1tico. Dos semanas despu\u00e9s de los ataques dirigidos por Ham\u00e1s contra Israel el 7 de octubre de 2023, el presidente franc\u00e9s estaba en Jerusal\u00e9n prometiendo \u00abapoyo incondicional\u00bb a Israel y pidiendo una coalici\u00f3n internacional para luchar contra Ham\u00e1s. El a\u00f1o pasado, encabez\u00f3 una ceremonia por las v\u00edctimas francesas del asalto de Ham\u00e1s, llam\u00e1ndolo \u00abel mayor ataque antisemita de nuestro siglo.\u00bb<\/p>\n<p>Sin embargo, al parecer Macron se ha visto sacudido por la escalada de la crisis humanitaria en Gaza y la actual campa\u00f1a militar de Israel. El conflicto en Gaza ha matado a m\u00e1s de 62.000 personas, seg\u00fan el Ministerio de Sanidad del enclave, dirigido por Ham\u00e1s, y muchas sufren actualmente una hambruna generalizada.<\/p>\n<p>En junio, Francia cerr\u00f3 varios puestos de armas israel\u00edes en el Sal\u00f3n Aeron\u00e1utico de Par\u00eds por negarse a retirar armas de ataque de su exposici\u00f3n, lo que desat\u00f3 la furia israel\u00ed.<\/p>\n<p>Luego vino la anunciada intenci\u00f3n de Macron de reconocer la condici\u00f3n de Estado a Palestina, una medida que el primer ministro israel\u00ed, Benjamin Netanyahu, critic\u00f3 diciendo que \u00abrecompensa el terror.\u00bb Sin inmutarse, Francia, junto con Arabia Saud\u00ed, copatrocin\u00f3 una conferencia de la ONU en Nueva York el 28 de julio en la que se ped\u00eda una soluci\u00f3n de dos Estados.<\/p>\n<h2>Qu\u00e9 opina la opini\u00f3n p\u00fablica francesa sobre la creaci\u00f3n de un Estado palestino<\/h2>\n<p>Las encuestas sugieren que la mayor\u00eda de los franceses apoyan la idea. Sin embargo, una encuesta realizada en junio por el Instituto Franc\u00e9s de Opini\u00f3n P\u00fablica, patrocinada por el CRIF, muestra que la mayor\u00eda de los franceses desean en primer lugar que se libere a los rehenes israel\u00edes secuestrados durante los atentados del 7 de octubre y que Ham\u00e1s se rinda como condici\u00f3n.<\/p>\n<p>\u00abLa mayor\u00eda de los jud\u00edos franceses no son hostiles a una soluci\u00f3n de dos Estados\u00bb en las condiciones adecuadas, a\u00f1adi\u00f3 Unger, del Consejo Jud\u00edo. La mayor\u00eda tambi\u00e9n \u00abconsidera que la situaci\u00f3n en Gaza, con decenas de miles de muertos, es horrible\u00bb, dijo, aunque culpan a Ham\u00e1s, y no a Israel, de la guerra.<\/p>\n<figure class=\"placeholder-image master_landscape big\"><img data-format=\"MASTER_LANDSCAPE\" data-id=\"73490582\" data-url=\"https:\/\/static.dw.com\/image\/73490582_${formatId}.jpg\" data-aspect-ratio=\"16\/9\" alt=\"Hombre con barba tipea en su tel\u00e9fono celular sentado en una mesa.\" style=\"padding-bottom: 56.25%; height: 0; max-height: 0;\"\/><figcaption class=\"img-caption\">Mohammed Iriqat tiene la intenci\u00f3n de seguir haciendo campa\u00f1a por el Estado palestino en Francia.<small class=\"copyright\">Imagen: Elizabeth Bryant\/DW<\/small><\/figcaption><\/figure>\n<p>Al igual que el CRIF, Pierre Stambul, que dirige la peque\u00f1a Uni\u00f3n Jud\u00eda Francesa por la Paz, tambi\u00e9n critica la declaraci\u00f3n de Estado de Macron, pero por razones diferentes.<\/p>\n<p>\u00abEs una hipocres\u00eda total\u00bb, dijo. \u00abLo que est\u00e1 haciendo Francia no es nada en absoluto. Muchos Estados ya reconocen el Estado de Palestina\u00bb.<\/p>\n<p>El rabino Michel Serfaty, que lleva a\u00f1os trabajando en la construcci\u00f3n de lazos interreligiosos, no se pronunci\u00f3 sobre el anuncio de Macron.<\/p>\n<p>\u00abVamos a ver c\u00f3mo reaccionan nuestros compatriotas musulmanes\u00bb, dijo. \u00abLo que interesa a muchos es vivir en paz\u00bb.<\/p>\n<h2>\u00abLa pol\u00edtica es la pol\u00edtica. La gente es la gente\u00bb<\/h2>\n<p>Los sucesos de Oriente Pr\u00f3ximo han resonado durante mucho tiempo en Francia, donde muchos de los aproximadamente 500.000 jud\u00edos y hasta 6 millones de musulmanes del pa\u00eds tienen ra\u00edces norteafricanas similares. Tanto jud\u00edos como musulmanes han sufrido un aumento de las agresiones f\u00edsicas y verbales desde el inicio del conflicto entre Israel y Ham\u00e1s en Gaza.<\/p>\n<p>Unger, del CRIF, dijo que los ataques antisemitas \u00abse han multiplicado por dos o tres. Antes eran amenazas verbales; ahora son f\u00edsicas. Han atacado a rabinos\u00bb.<\/p>\n<p>Zekri, del Consejo Musulm\u00e1n Franc\u00e9s, describi\u00f3 un repunte similar. \u00abPersonalmente, he recibido fetas\u00a0de jam\u00f3n en mi buz\u00f3n, amenazas enviadas a mi casa\u00bb, dijo. Muchos musulmanes, a\u00f1adi\u00f3, tampoco denuncian estos actos a la polic\u00eda.<\/p>\n<p>En el distrito 19 de Par\u00eds, donde viven algunas de las mayores poblaciones musulmanas y jud\u00edas de la ciudad, muchos se negaron a ser entrevistados. Un grupo de hombres jas\u00eddicos, que charlaban frente a una librer\u00eda religiosa en una tarde soleada, se limitaron a reconocer que las relaciones eran complejas.<\/p>\n<p>\u00abNo buscamos problemas\u00bb, dijo uno. \u00abIntentamos mantener buenas relaciones con los \u00e1rabes\u00bb.<\/p>\n<p>A unas manzanas de distancia, el empresario argelino Karim Kata dijo que las dos comunidades \u00abintentan evitar la pol\u00edtica\u00bb.<\/p>\n<p>\u00abNos conocemos desde hace mucho tiempo\u00bb, a\u00f1adi\u00f3, se\u00f1alando los negocios jud\u00edos cercanos, incluida una carnicer\u00eda <em>comestible seg\u00fan la ley jud\u00eda<\/em> que emplea a trabajadores musulmanes. \u00abNos respetamos mutuamente. La pol\u00edtica es la pol\u00edtica. La gente es la gente\u00bb.<\/p>\n<h2>Protestas propalestinas m\u00e1s diversas en Francia<\/h2>\n<p>Iriqat, estudiante de Derecho en Par\u00eds, se traslad\u00f3 a Francia hace cuatro a\u00f1os y no es ajeno a las tensiones interconfesionales. Describe insultos contra \u00e9l en la calle y haber sido blanco de ataques por unirse a manifestaciones propalestinas, prohibidas en un principio por motivos de orden p\u00fablico.<\/p>\n<p>\u00abEs dif\u00edcil llevar cualquier signo que indique que eres palestino\u00bb, recuerda de las primeras protestas, que al principio atra\u00edan sobre todo a musulmanes. \u00abLlevar un <em>Kafifiyeh,<\/em> sostener la bandera palestina&#8230; era muy dif\u00edcil\u00bb.<\/p>\n<p>Pronto, sin embargo, \u00abempezamos a ver a muchos franceses, incluso de la comunidad jud\u00eda, los jud\u00edos de izquierda\u00bb, dijo Iriqat. \u00abVi que empezaban a sentir pena por lo que estaba ocurriendo\u00bb.<\/p>\n<p>Nacido en la Cisjordania ocupada, a\u00fan recuerda el d\u00eda en que unos soldados israel\u00edes mataron a tiros a uno de sus t\u00edos mientras \u00e9ste estudiaba sentado en la azotea de la casa familiar. Iriqat ten\u00eda entonces 4 a\u00f1os.<\/p>\n<p>\u00abRecuerdo todo, hasta el olor de la comida que cocinaba mi abuela\u00bb, afirma. \u00abRecuerdo trozos del cerebro de mi t\u00edo en las escaleras de nuestra casa\u00bb.<\/p>\n<p>Espera que la creciente presi\u00f3n internacional sobre Israel acabe influyendo en su mayor aliado, Estados Unidos, para que siga su ejemplo y acabe destruyendo un sistema que describe como <em>segregaci\u00f3n racial.<\/em><\/p>\n<p>\u00abDedico mi vida a Palestina y a los palestinos\u00bb, afirma Iriqat, que tiene previsto permanecer en Francia y continuar sus estudios.<\/p>\n<p>\u00abCuando lucho por Palestina\u00bb, a\u00f1ade, \u00abtambi\u00e9n lucho por los intereses de los israel\u00edes\u00bb.<\/p>\n<p>(MD\/EL)<\/p>\n<\/div>\n\n","protected":false},"excerpt":{"rendered":"<p>Mohammed Iriqat ha sido testigo directo de la cambiante postura de Francia ante la crisis en la Franja de Gaza,\u00a0desde las burlas que recibi\u00f3 en su d\u00eda por llevar un Kafifiyeh, pa\u00f1uelo que simboliza la solidaridad palestina, hasta participar en protestas generalizadas mientras se recrudece la devastadora guerra en el enclave palestino. Ahora, el estudiante &hellip;<\/p>\n","protected":false},"author":1,"featured_media":39004,"comment_status":"open","ping_status":"open","sticky":false,"template":"","format":"standard","meta":{"fifu_image_url":"https:\/\/static.dw.com\/image\/73490600_6.jpg","fifu_image_alt":"","footnotes":""},"categories":[13],"tags":[],"class_list":["post-39003","post","type-post","status-publish","format-standard","has-post-thumbnail","","category-mundo"],"_links":{"self":[{"href":"https:\/\/noticiasveraces.com\/index.php?rest_route=\/wp\/v2\/posts\/39003","targetHints":{"allow":["GET"]}}],"collection":[{"href":"https:\/\/noticiasveraces.com\/index.php?rest_route=\/wp\/v2\/posts"}],"about":[{"href":"https:\/\/noticiasveraces.com\/index.php?rest_route=\/wp\/v2\/types\/post"}],"author":[{"embeddable":true,"href":"https:\/\/noticiasveraces.com\/index.php?rest_route=\/wp\/v2\/users\/1"}],"replies":[{"embeddable":true,"href":"https:\/\/noticiasveraces.com\/index.php?rest_route=%2Fwp%2Fv2%2Fcomments&post=39003"}],"version-history":[{"count":0,"href":"https:\/\/noticiasveraces.com\/index.php?rest_route=\/wp\/v2\/posts\/39003\/revisions"}],"wp:featuredmedia":[{"embeddable":true,"href":"https:\/\/noticiasveraces.com\/index.php?rest_route=\/wp\/v2\/media\/39004"}],"wp:attachment":[{"href":"https:\/\/noticiasveraces.com\/index.php?rest_route=%2Fwp%2Fv2%2Fmedia&parent=39003"}],"wp:term":[{"taxonomy":"category","embeddable":true,"href":"https:\/\/noticiasveraces.com\/index.php?rest_route=%2Fwp%2Fv2%2Fcategories&post=39003"},{"taxonomy":"post_tag","embeddable":true,"href":"https:\/\/noticiasveraces.com\/index.php?rest_route=%2Fwp%2Fv2%2Ftags&post=39003"}],"curies":[{"name":"wp","href":"https:\/\/api.w.org\/{rel}","templated":true}]}}