{"id":38993,"date":"2025-08-05T00:22:04","date_gmt":"2025-08-05T04:22:04","guid":{"rendered":"https:\/\/noticiasveraces.com\/?p=38993"},"modified":"2025-08-05T00:22:04","modified_gmt":"2025-08-05T04:22:04","slug":"israel-afirma-que-intercepto-un-misil-lanzado-desde-yemen-dw-05-08-2025","status":"publish","type":"post","link":"https:\/\/noticiasveraces.com\/?p=38993","title":{"rendered":"Israel afirma que intercept\u00f3 un misil lanzado desde Yemen \u2013 DW \u2013 05\/08\/2025"},"content":{"rendered":"<p> \n<\/p>\n<div>\n<p>El ej\u00e9rcito israel\u00ed inform\u00f3 el martes (05.08.2025) por la ma\u00f1ana que intercept\u00f3 un misil procedente de Yemen, despu\u00e9s de que sonaran las sirenas antia\u00e9reas en varias regiones de Israel.<\/p>\n<p>\u00abSirenas sonando a lo largo de m\u00faltiples \u00e1reas de Israel tras el lanzamiento de un proyectil hut\u00ed desde Yemen\u00bb, se\u00f1al\u00f3 el ej\u00e9rcito israel\u00ed en su cuenta de X.<\/p>\n<p>Previamente hab\u00eda informado de \u00abun proyectil hut\u00ed disparado desde Yemen\u00bb.<\/p>\n<p>Los hut\u00edes, que controlan la capital San\u00e1 y vastas regiones de Yemen, forman parte de una alianza anti-Israel conformada por Ir\u00e1n, adem\u00e1s del hezbol\u00e1 en L\u00edbano y al movimiento islamista palestino Ham\u00e1s, organizaci\u00f3n considerada terrorista por Estados Unidos, la UE y otros pa\u00edses.<\/p>\n<p>Desde el inicio de la guerra en la Franja de Gaza el 7 de octubre de 2023, los rebeldes hut\u00edes lanzan regularmente misiles hacia Israel, aunque la gran mayor\u00eda son interceptados antes de entrar en su espacio a\u00e9reo.<\/p>\n<p>Tambi\u00e9n han atacado barcos que seg\u00fan dicen est\u00e1n vinculados a intereses israel\u00edes. Todo ello, alegan, en solidaridad con los palestinos de la Franja de Gaza, devastada por el ej\u00e9rcito israel\u00ed en su guerra con Ham\u00e1s.<\/p>\n<p>En respuesta, Israel bombarde\u00f3 varias veces las infraestructuras que controlan los hut\u00edes, incluidos los puertos en el oeste del pa\u00eds y el aeropuerto de San\u00e1.<\/p>\n<p>El conflicto arranc\u00f3 con el sangriento ataque sorpresa de Ham\u00e1s en el sur de Israel el 7 de octubre de 2023.<\/p>\n<p>JC (Reuters, AFP)   <\/p>\n<\/p>\n<\/div>\n\n","protected":false},"excerpt":{"rendered":"<p>El ej\u00e9rcito israel\u00ed inform\u00f3 el martes (05.08.2025) por la ma\u00f1ana que intercept\u00f3 un misil procedente de Yemen, despu\u00e9s de que sonaran las sirenas antia\u00e9reas en varias regiones de Israel. \u00abSirenas sonando a lo largo de m\u00faltiples \u00e1reas de Israel tras el lanzamiento de un proyectil hut\u00ed desde Yemen\u00bb, se\u00f1al\u00f3 el ej\u00e9rcito israel\u00ed en su cuenta &hellip;<\/p>\n","protected":false},"author":1,"featured_media":38994,"comment_status":"open","ping_status":"open","sticky":false,"template":"","format":"standard","meta":{"fifu_image_url":"https:\/\/static.dw.com\/image\/70342091_6.jpg","fifu_image_alt":"","footnotes":""},"categories":[13],"tags":[],"class_list":["post-38993","post","type-post","status-publish","format-standard","has-post-thumbnail","","category-mundo"],"_links":{"self":[{"href":"https:\/\/noticiasveraces.com\/index.php?rest_route=\/wp\/v2\/posts\/38993","targetHints":{"allow":["GET"]}}],"collection":[{"href":"https:\/\/noticiasveraces.com\/index.php?rest_route=\/wp\/v2\/posts"}],"about":[{"href":"https:\/\/noticiasveraces.com\/index.php?rest_route=\/wp\/v2\/types\/post"}],"author":[{"embeddable":true,"href":"https:\/\/noticiasveraces.com\/index.php?rest_route=\/wp\/v2\/users\/1"}],"replies":[{"embeddable":true,"href":"https:\/\/noticiasveraces.com\/index.php?rest_route=%2Fwp%2Fv2%2Fcomments&post=38993"}],"version-history":[{"count":0,"href":"https:\/\/noticiasveraces.com\/index.php?rest_route=\/wp\/v2\/posts\/38993\/revisions"}],"wp:featuredmedia":[{"embeddable":true,"href":"https:\/\/noticiasveraces.com\/index.php?rest_route=\/wp\/v2\/media\/38994"}],"wp:attachment":[{"href":"https:\/\/noticiasveraces.com\/index.php?rest_route=%2Fwp%2Fv2%2Fmedia&parent=38993"}],"wp:term":[{"taxonomy":"category","embeddable":true,"href":"https:\/\/noticiasveraces.com\/index.php?rest_route=%2Fwp%2Fv2%2Fcategories&post=38993"},{"taxonomy":"post_tag","embeddable":true,"href":"https:\/\/noticiasveraces.com\/index.php?rest_route=%2Fwp%2Fv2%2Ftags&post=38993"}],"curies":[{"name":"wp","href":"https:\/\/api.w.org\/{rel}","templated":true}]}}