{"id":38985,"date":"2025-08-04T20:18:05","date_gmt":"2025-08-05T00:18:05","guid":{"rendered":"https:\/\/noticiasveraces.com\/?p=38985"},"modified":"2025-08-04T20:18:05","modified_gmt":"2025-08-05T00:18:05","slug":"sudan-denuncia-presencia-de-mercenarios-colombianos-dw-04-08-2025","status":"publish","type":"post","link":"https:\/\/noticiasveraces.com\/?p=38985","title":{"rendered":"Sud\u00e1n denuncia presencia de mercenarios colombianos \u2013 DW \u2013 04\/08\/2025"},"content":{"rendered":"<p> \n<\/p>\n<div>\n<p>\u00abEl gobierno de Sud\u00e1n posee todos los documentos y pruebas que demuestran la participaci\u00f3n de mercenarios de Colombia y algunos pa\u00edses vecinos, patrocinados y financiados por Emiratos \u00c1rabes Unidos\u00bb, dijo el lunes (04.08.2025) el gobierno sudan\u00e9s, controlado por la c\u00fapula militar. El Ministerio de Exteriores insisti\u00f3 en un comunicado que \u00abha se\u00f1alado reiteradamente la participaci\u00f3n de cientos de miles de mercenarios de pa\u00edses vecinos y de fuera del continente africano\u00bb en la guerra, un fen\u00f3meno que \u00abamenaza la paz y la seguridad en la regi\u00f3n y en el continente\u00bb.<\/p>\n<p>Desde que empez\u00f3 el conflicto en\u00a0abril de 2023, la guerra entre el ej\u00e9rcito sudan\u00e9s y las FAR ha dejado decenas de miles de muertos y millones de desplazados y ha provocado \u00abla peor crisis humanitaria del mundo\u00bb, seg\u00fan la ONU. El conflicto tambi\u00e9n ha provocado acusaciones generalizadas de participaci\u00f3n extranjera, principalmente el apoyo de Abu Dabi a las FAR. Emiratos ha negado reiteradamente las acusaciones de que est\u00e1 armando a las FAR, a pesar de los informes en su contra de expertos de la ONU y de organizaciones internacionales.<\/p>\n<h2>Mercenarios \u00abhispanohablantes\u00bb en Zamzam<\/h2>\n<p>Esta nueva denuncia se produce despu\u00e9s de que medios sudaneses informaran de que las FAR han cedido el control a los mercenarios colombianos del campo de desplazados de Zamzam, uno de los campamentos m\u00e1s grandes de Sud\u00e1n ubicado en la localidad de Al Fasher, el \u00faltimo reducto del Ej\u00e9rcito sudan\u00e9s en todo Darfur.<\/p>\n<p>El portavoz de Zamzam, Mohamed Jamis Douda, dijo en un comunicado difundido el domingo por el medio Sudan Tribune que, despu\u00e9s de que los paramilitares se hicieran con el campamento el 11 de abril tras tres d\u00edas de ataques que obligaron a huir a casi medio mill\u00f3n de personas, el sitio ha sido ocupado \u00abpor mercenarios extranjeros\u00bb.<\/p>\n<p>Asimismo, afirm\u00f3 haber visto \u00abgrupos armados hispanohablantes\u00bb en la zona y denunci\u00f3 que la de Sud\u00e1n \u00abes una guerra de aniquilaci\u00f3n contra civiles desarmados, seguida de una ocupaci\u00f3n sistem\u00e1tica con la ayuda de mercenarios extranjeros\u00bb.<\/p>\n<p><span data-slot-id=\"Article_InContent-1\" class=\"rich-text-ad\"\/><\/p>\n<h2>Soldados y exguerrilleros curtidos en medio siglo de conflicto<\/h2>\n<p>Los mercenarios han sido detectados en las filas de ambos bandos: los combatientes colombianos fueron reportados por primera vez a finales de 2024 en la regi\u00f3n occidental de Darfur, seg\u00fan informes confirmados por expertos de la ONU. Esta semana, las Fuerzas Conjuntas \u2013una coalici\u00f3n de grupos armados aliados al ej\u00e9rcito en Darfur\u2013 informaron de la presencia de m\u00e1s de 80 mercenarios colombianos en las filas de las FAR en El Fasher, capital de Darfur del Norte, \u00faltima ciudad de este estado a\u00fan bajo control del ej\u00e9rcito.<\/p>\n<p>Seg\u00fan la coalici\u00f3n, \u00abvarios mercenarios colombianos involucrados en operaciones de drones y coordinaci\u00f3n de artiller\u00eda fueron asesinados\u00bb, durante el \u00faltimo intento de las FAR por tomar la ciudad, sitiada desde mayo de 2024. El domingo, el ej\u00e9rcito difundi\u00f3 videos que supuestamente muestran a \u00abmercenarios extranjeros, presuntamente colombianos\u00bb. Hoy lunes, la canciller\u00eda declar\u00f3 haber enviado pruebas de esta implicaci\u00f3n al Consejo de Seguridad de la ONU.<\/p>\n<p>Estos mercenarios, que son soldados retirados y exguerrilleros curtidos en medio siglo de conflicto interno, han participado en los \u00faltimos a\u00f1os en conflictos en Ucrania, Hait\u00ed y Afganist\u00e1n. Tambi\u00e9n han sido reclutados por Emiratos para luchar contra los rebeldes hut\u00edes en Yemen y para custodiar oleoductos en el rico estado del Golfo, seg\u00fan informes de AFP.<\/p>\n<p>LGC (AFP, EFE)<\/p>\n<\/div>\n\n","protected":false},"excerpt":{"rendered":"<p>\u00abEl gobierno de Sud\u00e1n posee todos los documentos y pruebas que demuestran la participaci\u00f3n de mercenarios de Colombia y algunos pa\u00edses vecinos, patrocinados y financiados por Emiratos \u00c1rabes Unidos\u00bb, dijo el lunes (04.08.2025) el gobierno sudan\u00e9s, controlado por la c\u00fapula militar. El Ministerio de Exteriores insisti\u00f3 en un comunicado que \u00abha se\u00f1alado reiteradamente la participaci\u00f3n &hellip;<\/p>\n","protected":false},"author":1,"featured_media":38986,"comment_status":"open","ping_status":"open","sticky":false,"template":"","format":"standard","meta":{"fifu_image_url":"https:\/\/static.dw.com\/image\/72644087_6.jpg","fifu_image_alt":"","footnotes":""},"categories":[13],"tags":[],"class_list":["post-38985","post","type-post","status-publish","format-standard","has-post-thumbnail","","category-mundo"],"_links":{"self":[{"href":"https:\/\/noticiasveraces.com\/index.php?rest_route=\/wp\/v2\/posts\/38985","targetHints":{"allow":["GET"]}}],"collection":[{"href":"https:\/\/noticiasveraces.com\/index.php?rest_route=\/wp\/v2\/posts"}],"about":[{"href":"https:\/\/noticiasveraces.com\/index.php?rest_route=\/wp\/v2\/types\/post"}],"author":[{"embeddable":true,"href":"https:\/\/noticiasveraces.com\/index.php?rest_route=\/wp\/v2\/users\/1"}],"replies":[{"embeddable":true,"href":"https:\/\/noticiasveraces.com\/index.php?rest_route=%2Fwp%2Fv2%2Fcomments&post=38985"}],"version-history":[{"count":0,"href":"https:\/\/noticiasveraces.com\/index.php?rest_route=\/wp\/v2\/posts\/38985\/revisions"}],"wp:featuredmedia":[{"embeddable":true,"href":"https:\/\/noticiasveraces.com\/index.php?rest_route=\/wp\/v2\/media\/38986"}],"wp:attachment":[{"href":"https:\/\/noticiasveraces.com\/index.php?rest_route=%2Fwp%2Fv2%2Fmedia&parent=38985"}],"wp:term":[{"taxonomy":"category","embeddable":true,"href":"https:\/\/noticiasveraces.com\/index.php?rest_route=%2Fwp%2Fv2%2Fcategories&post=38985"},{"taxonomy":"post_tag","embeddable":true,"href":"https:\/\/noticiasveraces.com\/index.php?rest_route=%2Fwp%2Fv2%2Ftags&post=38985"}],"curies":[{"name":"wp","href":"https:\/\/api.w.org\/{rel}","templated":true}]}}