{"id":38974,"date":"2025-08-04T19:05:06","date_gmt":"2025-08-04T23:05:06","guid":{"rendered":"https:\/\/noticiasveraces.com\/?p=38974"},"modified":"2025-08-04T19:05:06","modified_gmt":"2025-08-04T23:05:06","slug":"declaracion-de-emision-de-oasis-despues-de-la-caida-de-la-muerte-de-los-fanaticos-en-el-concierto-de-wembley-noticias-de-celebridades-showbiz-tv","status":"publish","type":"post","link":"https:\/\/noticiasveraces.com\/?p=38974","title":{"rendered":"Declaraci\u00f3n de emisi\u00f3n de Oasis despu\u00e9s de la ca\u00edda de la muerte de los fan\u00e1ticos en el concierto de Wembley | Noticias de celebridades | Showbiz &#038; TV"},"content":{"rendered":"<p> \n<\/p>\n<div>\n<p data-mce-linkchecker-status=\"valid\">Oasis ha publicado un comunicado despu\u00e9s de que un fan\u00e1tico se sumergi\u00f3 en su muerte en su concierto de Wembley el s\u00e1bado. El grupo dijo que est\u00e1n \u00abconmocionados y entristecidos\u00bb al escuchar las noticias. \u00abA Oasis le gustar\u00eda extender nuestras sinceras condolencias a la familia y amigos de la persona involucrada\u00bb. El concierto de la banda SCcheduled para el domingo 3 de agosto continuar\u00e1 seg\u00fan lo planeado a pesar de la tragedia.<\/p>\n<p>Seg\u00fan los informes, el hombre estaba sentado en el nivel superior del estadio para el concierto del s\u00e1bado en Wembley Arena. Los param\u00e9dicos y los oficiales de polic\u00eda se apresuraron al concierto, pero el hombre, entendido que ten\u00eda 40 a\u00f1os, fue lamentablemente declarado muerto en la escena. La polic\u00eda metropolitana confirm\u00f3 que los oficiales de Wembley fueron llamados para informar que un hombre hab\u00eda resultado herido alrededor de las 10.19 pm del s\u00e1bado. Encontraron la v\u00edctima con \u00ablesiones consistentes con una ca\u00edda\u00bb. La fuerza ha estado instando a los testigos a que se presenten, o cualquier persona que sin saberlo la haya atrapado en sus tel\u00e9fonos m\u00f3viles, a contactarlos.<\/p>\n<\/div>\n<div>\n<p>Una declaraci\u00f3n de la polic\u00eda dec\u00eda: \u00abLos oficiales de servicio en el estadio Wembley para el concierto de Oasis respondieron junto con los m\u00e9dicos del lugar y el Servicio de Ambulancia de Londres para informar que una persona hab\u00eda resultado herida.<\/p>\n<p>\u00abUn hombre, de unos 40 a\u00f1os, fue encontrado con lesiones consistentes con una ca\u00edda. Fue lamentablemente declarado muerto en la escena.<\/p>\n<p>\u00abEl estadio estaba ocupado, y creemos que es probable que varias personas sean presenciadas del incidente, o al saberlo o, sin saberlo, lo hayan atrapado en im\u00e1genes de video de tel\u00e9fono m\u00f3vil.<\/p>\n<p><u\/><u\/>\u00abSi tiene alguna informaci\u00f3n que pueda ayudarnos a confirmar lo que sucedi\u00f3, llame al 101, citando 7985\/02AUG\u00bb.<\/p>\n<\/div>\n<div>\n<p>Un portavoz del estadio Wembley dijo: \u201cAnoche, los m\u00e9dicos del estadio de Wembley, el servicio de ambulancia de Londres y la polic\u00eda asistieron a un asistente de concierto que fue encontrado con lesiones consistentes con una ca\u00edda.<\/p>\n<p>\u201cA pesar de sus esfuerzos, el fan\u00e1tico muri\u00f3 con mucha tristeza. Nuestros pensamientos est\u00e1n con su familia, que han sido informados y est\u00e1n siendo apoyados por agentes de polic\u00eda especialmente capacitados.<\/p>\n<p>\u00abLa polic\u00eda ha pedido a cualquiera que haya sido testigo del incidente que se contacte con ellos. El concierto de Oasis de esta noche seguir\u00e1 adelante seg\u00fan lo planeado\u00bb.<\/p>\n<p>Los asientos m\u00e1s altos en el estadio de 90,000 asientos est\u00e1n a unos 170 pies sobre el suelo.<\/p>\n<\/div>\n\n","protected":false},"excerpt":{"rendered":"<p>Oasis ha publicado un comunicado despu\u00e9s de que un fan\u00e1tico se sumergi\u00f3 en su muerte en su concierto de Wembley el s\u00e1bado. El grupo dijo que est\u00e1n \u00abconmocionados y entristecidos\u00bb al escuchar las noticias. \u00abA Oasis le gustar\u00eda extender nuestras sinceras condolencias a la familia y amigos de la persona involucrada\u00bb. El concierto de la &hellip;<\/p>\n","protected":false},"author":1,"featured_media":38975,"comment_status":"open","ping_status":"open","sticky":false,"template":"","format":"standard","meta":{"fifu_image_url":"https:\/\/cdn.images.express.co.uk\/img\/dynamic\/79\/1200x630\/6337160.jpg","fifu_image_alt":"","footnotes":""},"categories":[766],"tags":[],"class_list":["post-38974","post","type-post","status-publish","format-standard","has-post-thumbnail","","category-musica"],"_links":{"self":[{"href":"https:\/\/noticiasveraces.com\/index.php?rest_route=\/wp\/v2\/posts\/38974","targetHints":{"allow":["GET"]}}],"collection":[{"href":"https:\/\/noticiasveraces.com\/index.php?rest_route=\/wp\/v2\/posts"}],"about":[{"href":"https:\/\/noticiasveraces.com\/index.php?rest_route=\/wp\/v2\/types\/post"}],"author":[{"embeddable":true,"href":"https:\/\/noticiasveraces.com\/index.php?rest_route=\/wp\/v2\/users\/1"}],"replies":[{"embeddable":true,"href":"https:\/\/noticiasveraces.com\/index.php?rest_route=%2Fwp%2Fv2%2Fcomments&post=38974"}],"version-history":[{"count":0,"href":"https:\/\/noticiasveraces.com\/index.php?rest_route=\/wp\/v2\/posts\/38974\/revisions"}],"wp:featuredmedia":[{"embeddable":true,"href":"https:\/\/noticiasveraces.com\/index.php?rest_route=\/wp\/v2\/media\/38975"}],"wp:attachment":[{"href":"https:\/\/noticiasveraces.com\/index.php?rest_route=%2Fwp%2Fv2%2Fmedia&parent=38974"}],"wp:term":[{"taxonomy":"category","embeddable":true,"href":"https:\/\/noticiasveraces.com\/index.php?rest_route=%2Fwp%2Fv2%2Fcategories&post=38974"},{"taxonomy":"post_tag","embeddable":true,"href":"https:\/\/noticiasveraces.com\/index.php?rest_route=%2Fwp%2Fv2%2Ftags&post=38974"}],"curies":[{"name":"wp","href":"https:\/\/api.w.org\/{rel}","templated":true}]}}