{"id":38945,"date":"2025-08-04T16:14:10","date_gmt":"2025-08-04T20:14:10","guid":{"rendered":"https:\/\/noticiasveraces.com\/?p=38945"},"modified":"2025-08-04T16:14:10","modified_gmt":"2025-08-04T20:14:10","slug":"el-orador-johnson-hace-una-visita-historica-de-cisjordan-a-dine-con-netanyahu","status":"publish","type":"post","link":"https:\/\/noticiasveraces.com\/?p=38945","title":{"rendered":"El orador Johnson hace una visita hist\u00f3rica de Cisjordan a Dine con Netanyahu"},"content":{"rendered":"<p> \n<\/p>\n<div>\n<div id=\"beyondwords-wrapper\" class=\"beyondwords-wrapper\">\n<p><span class=\"label-bg\">NUEVO<\/span>\u00a1Ahora puedes escuchar art\u00edculos de Fox News!\n  <\/p>\n<\/div>\n<p class=\"speakable\"><strong>Primero en Fox: <\/strong>El presidente de la casa Mike Johnson cen\u00f3 con el primer ministro israel\u00ed Benjamin Netanyahu en Judea y Samaria el lunes, en una visita que marc\u00f3 la visita m\u00e1s importante de un funcionario estadounidense a lo que todav\u00eda se considera internacionalmente a Cisjordania ocupada, pero que se ha convertido en un tema altamente divisivo en los Estados Unidos en los Estados Unidos.<\/p>\n<p class=\"speakable\">Aunque la discusi\u00f3n de la cena se centr\u00f3 en gran medida en la guerra en curso en Gaza y en c\u00f3mo asegurar mejor las entregas de ayuda a medida que Hamas contin\u00faa en el acceso a los alimentos, Fox News Digital confirm\u00f3 con Heather Johnston, la fundadora de la Asociaci\u00f3n de Educaci\u00f3n de Israel de los Estados Unidos, cuya organizaci\u00f3n planific\u00f3 el viaje de Johnson, que \u00e9l y su delegaci\u00f3n tambi\u00e9n se reunir\u00e1n con los l\u00edderes palestinos durante su visita al Medio Oriente.<\/p>\n<p>Johnson, cuya visita se considera un viaje \u00abprivado\u00bb y no una visita de estado oficial como fue organizada por la asociaci\u00f3n, tambi\u00e9n se reuni\u00f3 con funcionarios israel\u00edes en la ciudad de Ariel Ealier el martes, a poco m\u00e1s de 10 millas de la l\u00ednea verde, la l\u00ednea de armisticio que marca las fronteras entre Israel y los territorios palestinos disputados. <\/p>\n<p>Aunque no es inusual que los miembros del Congreso viajen a Israel bajo medios privados, incluidos oradores anteriores de la casa como Kevin McCarthy, que tambi\u00e9n se reuni\u00f3 con Netanyahu en 2023, la ubicaci\u00f3n de la cena de Johnson-Netanyahu es significativa. <\/p>\n<p><strong>Los l\u00edderes europeos denuncian el video de Hamas de los cautivos israel\u00edes: &#8216;inhumanidad ilimitada&#8217;<\/strong><\/p>\n<div class=\"image-ct inline\">\n<div class=\"m\"><picture><source media=\"(max-width: 767px)\" srcset=\"https:\/\/a57.foxnews.com\/static.foxnews.com\/foxnews.com\/content\/uploads\/2025\/08\/343\/192\/speaker-johnson-meets-with-netanyahu.jpg?ve=1&amp;tl=1, https:\/\/a57.foxnews.com\/static.foxnews.com\/foxnews.com\/content\/uploads\/2025\/08\/686\/384\/speaker-johnson-meets-with-netanyahu.jpg?ve=1&amp;tl=1 2x\" height=\"192\" width=\"343\"><source media=\"(min-width: 768px) and (max-width: 1023px)\" srcset=\"https:\/\/a57.foxnews.com\/static.foxnews.com\/foxnews.com\/content\/uploads\/2025\/08\/672\/378\/speaker-johnson-meets-with-netanyahu.jpg?ve=1&amp;tl=1, https:\/\/a57.foxnews.com\/static.foxnews.com\/foxnews.com\/content\/uploads\/2025\/08\/1344\/756\/speaker-johnson-meets-with-netanyahu.jpg?ve=1&amp;tl=1 2x\" height=\"378\" width=\"672\"><source media=\"(min-width: 1024px) and (max-width: 1279px)\" srcset=\"https:\/\/a57.foxnews.com\/static.foxnews.com\/foxnews.com\/content\/uploads\/2025\/08\/931\/523\/speaker-johnson-meets-with-netanyahu.jpg?ve=1&amp;tl=1, https:\/\/a57.foxnews.com\/static.foxnews.com\/foxnews.com\/content\/uploads\/2025\/08\/1862\/1046\/speaker-johnson-meets-with-netanyahu.jpg?ve=1&amp;tl=1 2x\" height=\"523\" width=\"931\"><source media=\"(min-width: 1280px)\" srcset=\"https:\/\/a57.foxnews.com\/static.foxnews.com\/foxnews.com\/content\/uploads\/2025\/08\/720\/405\/speaker-johnson-meets-with-netanyahu.jpg?ve=1&amp;tl=1, https:\/\/a57.foxnews.com\/static.foxnews.com\/foxnews.com\/content\/uploads\/2025\/08\/1440\/810\/speaker-johnson-meets-with-netanyahu.jpg?ve=1&amp;tl=1 2x\" height=\"405\" width=\"720\"><img loading=\"lazy\" decoding=\"async\" src=\"https:\/\/a57.foxnews.com\/static.foxnews.com\/foxnews.com\/content\/uploads\/2025\/08\/1200\/675\/speaker-johnson-meets-with-netanyahu.jpg?ve=1&amp;tl=1\" alt=\"Netanyahu con Johnson\" width=\"1200\" height=\"675\"\/><\/source><\/source><\/source><\/source><\/picture><\/div>\n<div class=\"info\">\n<div class=\"caption\">\n<p><span>El presidente de la C\u00e1mara de los Estados Unidos, Mike Johnson, republicano de Louisiana, a la derecha, y Benjamin Netanyahu, primer ministro de Israel, se dio la mano durante una reuni\u00f3n en el Capitolio de los Estados Unidos en Washington, DC, EE. UU., El martes 8 de julio de 2025. <\/span> <span>(Menahem Kahana\/AFP a trav\u00e9s de Getty Images)<\/span><\/p>\n<\/div>\n<\/div>\n<\/div>\n<p>Los republicanos en el Congreso han introducido una legislaci\u00f3n que requerir\u00eda que todos los documentos oficiales de los Estados Unidos usen el nombre \u00abJudea y Samaria\u00bb en lugar de Cisjordania, que argumenta que se ha convertido en una \u00abetiqueta altamente divisiva\u00bb.<\/p>\n<p>Judea y Samaria se refieren a los lazos hist\u00f3ricos y religiosos que Israel tiene a un \u00e1rea que es reconocida internacionalmente como Cisjordania, y que Israel captur\u00f3 desde Jordania durante la Guerra de 1967 despu\u00e9s de que Amman se apoder\u00f3 del territorio de la Palestina obligatoria, ahora denominada Cisjordania, durante la Guerra de los \u00c1rbages de Israel de 1948.<\/p>\n<p>Desde entonces, se ha considerado ilegalmente ocupado por la ONU y la comunidad internacional, aunque Estados Unidos ha fluctuado sobre sus puntos de vista sobre el estado de ocupaci\u00f3n desde que el presidente Donald Trump ingres\u00f3 por primera vez en el cargo en 2017. <\/p>\n<div class=\"image-ct inline\">\n<div class=\"m\"><picture><source media=\"(max-width: 767px)\" srcset=\"https:\/\/a57.foxnews.com\/static.foxnews.com\/foxnews.com\/content\/uploads\/2024\/09\/343\/192\/Israel-west-bank-deeath.jpg?ve=1&amp;tl=1, https:\/\/a57.foxnews.com\/static.foxnews.com\/foxnews.com\/content\/uploads\/2024\/09\/686\/384\/Israel-west-bank-deeath.jpg?ve=1&amp;tl=1 2x\" height=\"192\" width=\"343\"><source media=\"(min-width: 768px) and (max-width: 1023px)\" srcset=\"https:\/\/a57.foxnews.com\/static.foxnews.com\/foxnews.com\/content\/uploads\/2024\/09\/672\/378\/Israel-west-bank-deeath.jpg?ve=1&amp;tl=1, https:\/\/a57.foxnews.com\/static.foxnews.com\/foxnews.com\/content\/uploads\/2024\/09\/1344\/756\/Israel-west-bank-deeath.jpg?ve=1&amp;tl=1 2x\" height=\"378\" width=\"672\"><source media=\"(min-width: 1024px) and (max-width: 1279px)\" srcset=\"https:\/\/a57.foxnews.com\/static.foxnews.com\/foxnews.com\/content\/uploads\/2024\/09\/931\/523\/Israel-west-bank-deeath.jpg?ve=1&amp;tl=1, https:\/\/a57.foxnews.com\/static.foxnews.com\/foxnews.com\/content\/uploads\/2024\/09\/1862\/1046\/Israel-west-bank-deeath.jpg?ve=1&amp;tl=1 2x\" height=\"523\" width=\"931\"><source media=\"(min-width: 1280px)\" srcset=\"https:\/\/a57.foxnews.com\/static.foxnews.com\/foxnews.com\/content\/uploads\/2024\/09\/720\/405\/Israel-west-bank-deeath.jpg?ve=1&amp;tl=1, https:\/\/a57.foxnews.com\/static.foxnews.com\/foxnews.com\/content\/uploads\/2024\/09\/1440\/810\/Israel-west-bank-deeath.jpg?ve=1&amp;tl=1 2x\" height=\"405\" width=\"720\"><img loading=\"lazy\" decoding=\"async\" src=\"https:\/\/a57.foxnews.com\/static.foxnews.com\/foxnews.com\/content\/uploads\/2024\/09\/1200\/675\/Israel-west-bank-deeath.jpg?ve=1&amp;tl=1\" alt=\"Cisjordania American Dead West\" width=\"1200\" height=\"675\"\/><\/source><\/source><\/source><\/source><\/picture><\/div>\n<div class=\"info\">\n<div class=\"caption\">\n<p><span>Se ve a un soldado israel\u00ed durante una protesta en la ciudad de Beita, en Cisjordania el 26 de julio de 2024.<\/span> <span>(Wahaj Bani Moufleh\/Medio Oriente\/AFP a trav\u00e9s de Getty Images)<\/span><\/p>\n<\/div>\n<\/div>\n<\/div>\n<p><strong>Netanyahu responde despu\u00e9s de un reh\u00e9n israel\u00ed visto demacrado, excavando la tumba: \u00abLa crueldad de Hamas no tiene l\u00edmites\u00bb<\/strong><\/p>\n<p>Trump evadi\u00f3 preguntas a principios de este a\u00f1o sobre si apoyar\u00eda la anexi\u00f3n de Israel de partes de Cisjordania a pesar de su fuerte apoyo a Jerusal\u00e9n.<\/p>\n<p>Pero independientemente de si tiene el respaldo del aliado principal de Israel, los altos funcionarios de la administraci\u00f3n de Netanyahu han dejado en claro que tienen la intenci\u00f3n de anexar territorio oficial y menos de dos semanas, el gobierno israel\u00ed aprob\u00f3 una resoluci\u00f3n no vinculante que dec\u00eda<\/p>\n<p>La oficina de Johnson no respondi\u00f3 de inmediato a las preguntas de Fox News Digital sobre la importancia de su visita. <\/p>\n<p>Aunque podr\u00eda sugerir que los legisladores estadounidenses pueden asumir un papel m\u00e1s decisivo en el respaldo de los planes expansionistas de Israel, ya que la administraci\u00f3n Trump busca poner fin a la guerra de Israel en Gaza, mientras que se opone al aumento del impulso europeo y \u00e1rabe para un estado independiente de Palestina. <\/p>\n<div class=\"image-ct inline\">\n<div class=\"m\"><picture><source media=\"(max-width: 767px)\" srcset=\"https:\/\/a57.foxnews.com\/static.foxnews.com\/foxnews.com\/content\/uploads\/2025\/08\/343\/192\/netanyahu-and-cabinet-members.jpg?ve=1&amp;tl=1, https:\/\/a57.foxnews.com\/static.foxnews.com\/foxnews.com\/content\/uploads\/2025\/08\/686\/384\/netanyahu-and-cabinet-members.jpg?ve=1&amp;tl=1 2x\" height=\"192\" width=\"343\"><source media=\"(min-width: 768px) and (max-width: 1023px)\" srcset=\"https:\/\/a57.foxnews.com\/static.foxnews.com\/foxnews.com\/content\/uploads\/2025\/08\/672\/378\/netanyahu-and-cabinet-members.jpg?ve=1&amp;tl=1, https:\/\/a57.foxnews.com\/static.foxnews.com\/foxnews.com\/content\/uploads\/2025\/08\/1344\/756\/netanyahu-and-cabinet-members.jpg?ve=1&amp;tl=1 2x\" height=\"378\" width=\"672\"><source media=\"(min-width: 1024px) and (max-width: 1279px)\" srcset=\"https:\/\/a57.foxnews.com\/static.foxnews.com\/foxnews.com\/content\/uploads\/2025\/08\/931\/523\/netanyahu-and-cabinet-members.jpg?ve=1&amp;tl=1, https:\/\/a57.foxnews.com\/static.foxnews.com\/foxnews.com\/content\/uploads\/2025\/08\/1862\/1046\/netanyahu-and-cabinet-members.jpg?ve=1&amp;tl=1 2x\" height=\"523\" width=\"931\"><source media=\"(min-width: 1280px)\" srcset=\"https:\/\/a57.foxnews.com\/static.foxnews.com\/foxnews.com\/content\/uploads\/2025\/08\/720\/405\/netanyahu-and-cabinet-members.jpg?ve=1&amp;tl=1, https:\/\/a57.foxnews.com\/static.foxnews.com\/foxnews.com\/content\/uploads\/2025\/08\/1440\/810\/netanyahu-and-cabinet-members.jpg?ve=1&amp;tl=1 2x\" height=\"405\" width=\"720\"><img loading=\"lazy\" decoding=\"async\" src=\"https:\/\/a57.foxnews.com\/static.foxnews.com\/foxnews.com\/content\/uploads\/2025\/08\/1200\/675\/netanyahu-and-cabinet-members.jpg?ve=1&amp;tl=1\" alt=\"Netanyahu y Johnson\" width=\"1200\" height=\"675\"\/><\/source><\/source><\/source><\/source><\/picture><\/div>\n<div class=\"info\">\n<div class=\"caption\">\n<p><span>El ministro de Finanzas de Israel (L a R), Bezalel Smotrich, el ministro de Justicia Yariv Levin, el primer ministro Benjamin Netanyahu, el ministro de Defensa Israel Katz, y el ministro de Energ\u00eda e Infraestructura, Eli Cohen, aplauden durante una sesi\u00f3n del Parlamento israel\u00ed (Knesset) en su sede en Jerusalem el 11 de junio de 2025. <\/span> <span>(Menahem Kahana\/AFP a trav\u00e9s de Getty Images)<\/span><\/p>\n<\/div>\n<\/div>\n<\/div>\n<p><strong>Haga clic aqu\u00ed para obtener la aplicaci\u00f3n Fox News<\/strong><\/p>\n<p>The Times of Israel tambi\u00e9n inform\u00f3 la semana pasada que el ministro de Justicia Yariv Levin y el ministro de Defensa Israel Katz, el \u00faltimo de los cuales Johnson se reuni\u00f3 el domingo, cree que \u00aben este mismo momento, hay un momento de oportunidad que no debe perderse\u00bb implementar \u00absoberan\u00eda israel\u00ed en Sudea y Samaria\u00bb.<\/p>\n<p>El informe no confirm\u00f3 por qu\u00e9 este momento en el tiempo es tan significativo. <\/p>\n<p> <!----> <\/p>\n<div class=\"article-meta\">\n<div class=\"author-bio\">\n<p>Caitlin McFall es reportero de Fox News Digital Cubting Politics, US y World News.<\/p>\n<\/div>\n<\/div>\n<\/div>\n\n","protected":false},"excerpt":{"rendered":"<p>NUEVO\u00a1Ahora puedes escuchar art\u00edculos de Fox News! Primero en Fox: El presidente de la casa Mike Johnson cen\u00f3 con el primer ministro israel\u00ed Benjamin Netanyahu en Judea y Samaria el lunes, en una visita que marc\u00f3 la visita m\u00e1s importante de un funcionario estadounidense a lo que todav\u00eda se considera internacionalmente a Cisjordania ocupada, pero &hellip;<\/p>\n","protected":false},"author":1,"featured_media":38947,"comment_status":"open","ping_status":"open","sticky":false,"template":"","format":"standard","meta":{"fifu_image_url":"https:\/\/static.foxnews.com\/foxnews.com\/content\/uploads\/2025\/08\/speaker-johnson-meets-with-netanyahu.jpg","fifu_image_alt":"","footnotes":""},"categories":[13],"tags":[],"class_list":["post-38945","post","type-post","status-publish","format-standard","has-post-thumbnail","","category-mundo"],"_links":{"self":[{"href":"https:\/\/noticiasveraces.com\/index.php?rest_route=\/wp\/v2\/posts\/38945","targetHints":{"allow":["GET"]}}],"collection":[{"href":"https:\/\/noticiasveraces.com\/index.php?rest_route=\/wp\/v2\/posts"}],"about":[{"href":"https:\/\/noticiasveraces.com\/index.php?rest_route=\/wp\/v2\/types\/post"}],"author":[{"embeddable":true,"href":"https:\/\/noticiasveraces.com\/index.php?rest_route=\/wp\/v2\/users\/1"}],"replies":[{"embeddable":true,"href":"https:\/\/noticiasveraces.com\/index.php?rest_route=%2Fwp%2Fv2%2Fcomments&post=38945"}],"version-history":[{"count":0,"href":"https:\/\/noticiasveraces.com\/index.php?rest_route=\/wp\/v2\/posts\/38945\/revisions"}],"wp:featuredmedia":[{"embeddable":true,"href":"https:\/\/noticiasveraces.com\/index.php?rest_route=\/wp\/v2\/media\/38947"}],"wp:attachment":[{"href":"https:\/\/noticiasveraces.com\/index.php?rest_route=%2Fwp%2Fv2%2Fmedia&parent=38945"}],"wp:term":[{"taxonomy":"category","embeddable":true,"href":"https:\/\/noticiasveraces.com\/index.php?rest_route=%2Fwp%2Fv2%2Fcategories&post=38945"},{"taxonomy":"post_tag","embeddable":true,"href":"https:\/\/noticiasveraces.com\/index.php?rest_route=%2Fwp%2Fv2%2Ftags&post=38945"}],"curies":[{"name":"wp","href":"https:\/\/api.w.org\/{rel}","templated":true}]}}