{"id":38938,"date":"2025-08-04T13:11:14","date_gmt":"2025-08-04T17:11:14","guid":{"rendered":"https:\/\/noticiasveraces.com\/?p=38938"},"modified":"2025-08-04T13:11:14","modified_gmt":"2025-08-04T17:11:14","slug":"los-lideres-europeos-expresan-horror-en-hamas-imagenes-de-los-cautivos","status":"publish","type":"post","link":"https:\/\/noticiasveraces.com\/?p=38938","title":{"rendered":"Los l\u00edderes europeos expresan horror en Hamas, im\u00e1genes de los cautivos"},"content":{"rendered":"<p> \n<\/p>\n<div>\n<div id=\"beyondwords-wrapper\" class=\"beyondwords-wrapper\">\n<p><span class=\"label-bg\">NUEVO<\/span>\u00a1Ahora puedes escuchar art\u00edculos de Fox News!\n  <\/p>\n<\/div>\n<p class=\"speakable\">Los l\u00edderes de toda Europa respondieron con horror el domingo a las im\u00e1genes recientes publicadas por los cautivos de Hamas de los israel\u00edes Rom Braslavski y Evyatar David, quienes fueron tomados como rehenes hace casi 670 d\u00edas.<\/p>\n<p class=\"speakable\">El presidente franc\u00e9s, Emmanuel Macron, acudi\u00f3 a X para llamar al estado claramente emancipado de ambos rehenes una representaci\u00f3n de la \u00abinhumanidad ilimitada\u00bb de Hamas y lo denunci\u00f3 como \u00abcrueldad abyecta\u00bb.<\/p>\n<p>\u00abEsto es lo que Hamas encarna\u00bb, agreg\u00f3. <\/p>\n<p><strong>Netanyahu responde despu\u00e9s de un reh\u00e9n israel\u00ed visto demacrado, excavando la tumba: \u00abLa crueldad de Hamas no tiene l\u00edmites\u00bb<\/strong><\/p>\n<div class=\"image-ct inline\">\n<div class=\"m\"><picture><source media=\"(max-width: 767px)\" srcset=\"https:\/\/a57.foxnews.com\/static.foxnews.com\/foxnews.com\/content\/uploads\/2025\/08\/343\/192\/evyatar-david.jpg?ve=1&amp;tl=1, https:\/\/a57.foxnews.com\/static.foxnews.com\/foxnews.com\/content\/uploads\/2025\/08\/686\/384\/evyatar-david.jpg?ve=1&amp;tl=1 2x\" height=\"192\" width=\"343\"><source media=\"(min-width: 768px) and (max-width: 1023px)\" srcset=\"https:\/\/a57.foxnews.com\/static.foxnews.com\/foxnews.com\/content\/uploads\/2025\/08\/672\/378\/evyatar-david.jpg?ve=1&amp;tl=1, https:\/\/a57.foxnews.com\/static.foxnews.com\/foxnews.com\/content\/uploads\/2025\/08\/1344\/756\/evyatar-david.jpg?ve=1&amp;tl=1 2x\" height=\"378\" width=\"672\"><source media=\"(min-width: 1024px) and (max-width: 1279px)\" srcset=\"https:\/\/a57.foxnews.com\/static.foxnews.com\/foxnews.com\/content\/uploads\/2025\/08\/931\/523\/evyatar-david.jpg?ve=1&amp;tl=1, https:\/\/a57.foxnews.com\/static.foxnews.com\/foxnews.com\/content\/uploads\/2025\/08\/1862\/1046\/evyatar-david.jpg?ve=1&amp;tl=1 2x\" height=\"523\" width=\"931\"><source media=\"(min-width: 1280px)\" srcset=\"https:\/\/a57.foxnews.com\/static.foxnews.com\/foxnews.com\/content\/uploads\/2025\/08\/720\/405\/evyatar-david.jpg?ve=1&amp;tl=1, https:\/\/a57.foxnews.com\/static.foxnews.com\/foxnews.com\/content\/uploads\/2025\/08\/1440\/810\/evyatar-david.jpg?ve=1&amp;tl=1 2x\" height=\"405\" width=\"720\"><img loading=\"lazy\" decoding=\"async\" src=\"https:\/\/a57.foxnews.com\/static.foxnews.com\/foxnews.com\/content\/uploads\/2025\/08\/1200\/675\/evyatar-david.jpg?ve=1&amp;tl=1\" alt=\"ScreenGrab muestra a Evyatar David todav\u00eda en poder de Hamas.\" width=\"1200\" height=\"675\"\/><\/source><\/source><\/source><\/source><\/picture><\/div>\n<div class=\"info\">\n<div class=\"caption\">\n<p><span>Esta captura de pantalla de un video lanzado el 1 de agosto de 2025 por el ala armada del grupo militante palestino Hamas muestra el reh\u00e9n israel\u00ed Evyatar David con un aspecto d\u00e9bil y desnutrido. David, quien cumpli\u00f3 24 a\u00f1os en cautiverio, fue secuestrado durante el ataque de Hamas el 7 de octubre de 2023.<\/span> <span>(AFP a trav\u00e9s de Getty Images)<\/span><\/p>\n<\/div>\n<\/div>\n<\/div>\n<p>Macron, quien envi\u00f3 ondas de choque geopol\u00edticas cuando anunci\u00f3 a fines del mes pasado que Francia reconocer\u00eda el estado de Palestina en septiembre, renov\u00f3 llamadas para un alto el fuego inmediato en la Franja de Gaza, el regreso de todos los rehenes y la reanudaci\u00f3n completa de la ayuda al \u00e1rea. <\/p>\n<p>Macron el domingo duplic\u00f3 su llamado a la condici\u00f3n de estado y dijo que terminar el conflicto ya no es suficiente.<\/p>\n<p>\u00abEste esfuerzo debe estar acompa\u00f1ado por una soluci\u00f3n pol\u00edtica para el d\u00eda siguiente. Esa soluci\u00f3n es la soluci\u00f3n de dos estados, con Israel y Palestina viviendo c\u00e1rcelas en paz. Es el \u00fanico camino posible hacia un futuro donde la justicia, la seguridad y la dignidad est\u00e1n garantizadas para todos los pueblos de la regi\u00f3n\u00bb, dijo. <\/p>\n<p>Macron tambi\u00e9n dej\u00f3 en claro su posici\u00f3n cuando se trata de Hamas, que algunos, incluidos Israel y los Estados Unidos, han cuestionado despu\u00e9s de su impulso por la estadidad palestina.<\/p>\n<p>\u00abQue no haya ambig\u00fcedad: dentro de esta visi\u00f3n pol\u00edtica que defendemos, exigimos la desmilitarizaci\u00f3n total de Hamas, su exclusi\u00f3n completa de cualquier forma de gobierno y el reconocimiento de Israel por el estado de Palestina\u00bb, agreg\u00f3. <\/p>\n<p>El anuncio de Macron llev\u00f3 a otras naciones occidentales a hacer lo mismo, incluidos el Reino Unido, Canad\u00e1 e incluso Alemania, aunque la posici\u00f3n de Berl\u00edn en el estado ha dejado espacio para cierta ambig\u00fcedad.<\/p>\n<p><strong>Detalles de rehenes estadounidense-israel\u00ed liberado hambre y abuso de Hamas mientras las familias empujan a Trump por un trato<\/strong><\/p>\n<div class=\"image-ct inline\">\n<div class=\"m\"><picture><source media=\"(max-width: 767px)\" srcset=\"https:\/\/a57.foxnews.com\/static.foxnews.com\/foxnews.com\/content\/uploads\/2025\/08\/343\/192\/rom-braslavski.jpg?ve=1&amp;tl=1, https:\/\/a57.foxnews.com\/static.foxnews.com\/foxnews.com\/content\/uploads\/2025\/08\/686\/384\/rom-braslavski.jpg?ve=1&amp;tl=1 2x\" height=\"192\" width=\"343\"><source media=\"(min-width: 768px) and (max-width: 1023px)\" srcset=\"https:\/\/a57.foxnews.com\/static.foxnews.com\/foxnews.com\/content\/uploads\/2025\/08\/672\/378\/rom-braslavski.jpg?ve=1&amp;tl=1, https:\/\/a57.foxnews.com\/static.foxnews.com\/foxnews.com\/content\/uploads\/2025\/08\/1344\/756\/rom-braslavski.jpg?ve=1&amp;tl=1 2x\" height=\"378\" width=\"672\"><source media=\"(min-width: 1024px) and (max-width: 1279px)\" srcset=\"https:\/\/a57.foxnews.com\/static.foxnews.com\/foxnews.com\/content\/uploads\/2025\/08\/931\/523\/rom-braslavski.jpg?ve=1&amp;tl=1, https:\/\/a57.foxnews.com\/static.foxnews.com\/foxnews.com\/content\/uploads\/2025\/08\/1862\/1046\/rom-braslavski.jpg?ve=1&amp;tl=1 2x\" height=\"523\" width=\"931\"><source media=\"(min-width: 1280px)\" srcset=\"https:\/\/a57.foxnews.com\/static.foxnews.com\/foxnews.com\/content\/uploads\/2025\/08\/720\/405\/rom-braslavski.jpg?ve=1&amp;tl=1, https:\/\/a57.foxnews.com\/static.foxnews.com\/foxnews.com\/content\/uploads\/2025\/08\/1440\/810\/rom-braslavski.jpg?ve=1&amp;tl=1 2x\" height=\"405\" width=\"720\"><img loading=\"lazy\" decoding=\"async\" src=\"https:\/\/a57.foxnews.com\/static.foxnews.com\/foxnews.com\/content\/uploads\/2025\/08\/1200\/675\/rom-braslavski.jpg?ve=1&amp;tl=1\" alt=\"Imagen de Rom Braslavski tomada de la captura de pantalla de Hamas Video de rehenes.\" width=\"1200\" height=\"675\"\/><\/source><\/source><\/source><\/source><\/picture><\/div>\n<div class=\"info\">\n<div class=\"caption\">\n<p><span>Esta captura de pantalla de un video lanzado el 31 de julio por las Brigadas AL-Quds, el ala armada del grupo militante palestino Isl\u00e1mico Jihad, muestra a un reh\u00e9n, identificado como Rom Braslavski por los rehenes y el Foro de Familias Missing.<\/span> <span>(\/Oficina de Medios de Jihad Islamic\/AFP a trav\u00e9s de Getty Images)<\/span><\/p>\n<\/div>\n<\/div>\n<\/div>\n<p>El canciller alem\u00e1n Friedrich Merz se hizo eco de los comentarios de Macron en una entrevista con la salida alemana Bild el domingo y, seg\u00fan los informes, los videos de los rehenes \u00abmuestran que Hamas ya no deber\u00eda desempe\u00f1ar un papel en el futuro de Gaza\u00bb.<\/p>\n<p>Merz tambi\u00e9n pidi\u00f3 a Israel que no bloquee m\u00e1s ayuda a Gaza en represalia por la crueldad. <\/p>\n<p>El secretario de Relaciones Exteriores del Reino Unido, David Lammy, tambi\u00e9n lleg\u00f3 a X el domingo y llam\u00f3 a los videos de \u00abpropaganda\u00bb de Hamas de \u00abpropaganda\u00bb.<\/p>\n<p>\u00abTodos los rehenes deben ser liberados incondicionalmente\u00bb, dijo. \u00abHamas debe desarmarse y no tener control sobre Gaza. <\/p>\n<p>\u00abEstamos trabajando con socios en una soluci\u00f3n a largo plazo y planean la paz. Esto debe comenzar con un alto el fuego inmediato, que libera a los rehenes, as\u00ed como eliminar las restricciones de ayuda inhumana\u00bb, agreg\u00f3 Lammy. <\/p>\n<p>Las im\u00e1genes recientemente publicadas de dos de los 50 rehenes que todav\u00eda se celebraron en Gaza coincidieron con un viaje de viaje a la Casa Blanca Steve Witkoff a Israel a fines de la semana pasada, durante la cual visit\u00f3 a los l\u00edderes y las familias de los rehenes en Tel Aviv.<\/p>\n<p>Los informes han sugerido que Estados Unidos ahora est\u00e1 presionando por un acuerdo integral que incluir\u00eda un alto el fuego y el regreso de todos los rehenes, en lugar de acuerdos incrementales aparentemente favorecidos por el primer ministro israel\u00ed Benjamin Netanyahu.<\/p>\n<div class=\"image-ct inline\">\n<div class=\"m\"><picture><source media=\"(max-width: 767px)\" srcset=\"https:\/\/a57.foxnews.com\/static.foxnews.com\/foxnews.com\/content\/uploads\/2025\/08\/343\/192\/israel-hostage-release-protest-1.jpg?ve=1&amp;tl=1, https:\/\/a57.foxnews.com\/static.foxnews.com\/foxnews.com\/content\/uploads\/2025\/08\/686\/384\/israel-hostage-release-protest-1.jpg?ve=1&amp;tl=1 2x\" height=\"192\" width=\"343\"><source media=\"(min-width: 768px) and (max-width: 1023px)\" srcset=\"https:\/\/a57.foxnews.com\/static.foxnews.com\/foxnews.com\/content\/uploads\/2025\/08\/672\/378\/israel-hostage-release-protest-1.jpg?ve=1&amp;tl=1, https:\/\/a57.foxnews.com\/static.foxnews.com\/foxnews.com\/content\/uploads\/2025\/08\/1344\/756\/israel-hostage-release-protest-1.jpg?ve=1&amp;tl=1 2x\" height=\"378\" width=\"672\"><source media=\"(min-width: 1024px) and (max-width: 1279px)\" srcset=\"https:\/\/a57.foxnews.com\/static.foxnews.com\/foxnews.com\/content\/uploads\/2025\/08\/931\/523\/israel-hostage-release-protest-1.jpg?ve=1&amp;tl=1, https:\/\/a57.foxnews.com\/static.foxnews.com\/foxnews.com\/content\/uploads\/2025\/08\/1862\/1046\/israel-hostage-release-protest-1.jpg?ve=1&amp;tl=1 2x\" height=\"523\" width=\"931\"><source media=\"(min-width: 1280px)\" srcset=\"https:\/\/a57.foxnews.com\/static.foxnews.com\/foxnews.com\/content\/uploads\/2025\/08\/720\/405\/israel-hostage-release-protest-1.jpg?ve=1&amp;tl=1, https:\/\/a57.foxnews.com\/static.foxnews.com\/foxnews.com\/content\/uploads\/2025\/08\/1440\/810\/israel-hostage-release-protest-1.jpg?ve=1&amp;tl=1 2x\" height=\"405\" width=\"720\"><img loading=\"lazy\" decoding=\"async\" src=\"https:\/\/a57.foxnews.com\/static.foxnews.com\/foxnews.com\/content\/uploads\/2025\/08\/1200\/675\/israel-hostage-release-protest-1.jpg?ve=1&amp;tl=1\" alt=\"Rehenes que a\u00fan se celebran en Gaza\" width=\"1200\" height=\"675\"\/><\/source><\/source><\/source><\/source><\/picture><\/div>\n<div class=\"info\">\n<div class=\"caption\">\n<p><span>Las familias de los rehenes protestan, exigiendo su liberaci\u00f3n del cautiverio de Hamas en la Franja de Gaza, en la plaza conocida como la Plaza de los Hosges en Tel Aviv, Israel, el s\u00e1bado 2 de agosto de 2025.<\/span> <span>(AP Photo\/Ariel Schalit)<\/span><\/p>\n<\/div>\n<\/div>\n<\/div>\n<p><strong>Haga clic aqu\u00ed para obtener la aplicaci\u00f3n Fox News<\/strong><\/p>\n<p>Seg\u00fan los informes, Witkoff le dijo a las familias de los rehenes que \u00e9l cree que Estados Unidos y las otras naciones aliadas est\u00e1n ayudando a mediar en las negociaciones, que un acuerdo est\u00e1 cerca de ser asegurado, aunque esta creencia se ha expresado numerosas veces en vano. <\/p>\n<p>Solo el reh\u00e9n estadounidense Edan Alexander ha sido lanzado en virtud de un acuerdo no forjado previamente por las administraciones de Trump de Biden y el entonces incompleto, que vio el lanzamiento de 33 rehenes en marzo.<\/p>\n<p> <!----> <\/p>\n<div class=\"article-meta\">\n<div class=\"author-bio\">\n<p>Caitlin McFall es reportero de Fox News Digital Cubting Politics, US y World News.<\/p>\n<\/div>\n<\/div>\n<\/div>\n\n","protected":false},"excerpt":{"rendered":"<p>NUEVO\u00a1Ahora puedes escuchar art\u00edculos de Fox News! Los l\u00edderes de toda Europa respondieron con horror el domingo a las im\u00e1genes recientes publicadas por los cautivos de Hamas de los israel\u00edes Rom Braslavski y Evyatar David, quienes fueron tomados como rehenes hace casi 670 d\u00edas. El presidente franc\u00e9s, Emmanuel Macron, acudi\u00f3 a X para llamar al &hellip;<\/p>\n","protected":false},"author":1,"featured_media":38940,"comment_status":"open","ping_status":"open","sticky":false,"template":"","format":"standard","meta":{"fifu_image_url":"https:\/\/static.foxnews.com\/foxnews.com\/content\/uploads\/2025\/08\/evyatar-david.jpg","fifu_image_alt":"","footnotes":""},"categories":[13],"tags":[],"class_list":["post-38938","post","type-post","status-publish","format-standard","has-post-thumbnail","","category-mundo"],"_links":{"self":[{"href":"https:\/\/noticiasveraces.com\/index.php?rest_route=\/wp\/v2\/posts\/38938","targetHints":{"allow":["GET"]}}],"collection":[{"href":"https:\/\/noticiasveraces.com\/index.php?rest_route=\/wp\/v2\/posts"}],"about":[{"href":"https:\/\/noticiasveraces.com\/index.php?rest_route=\/wp\/v2\/types\/post"}],"author":[{"embeddable":true,"href":"https:\/\/noticiasveraces.com\/index.php?rest_route=\/wp\/v2\/users\/1"}],"replies":[{"embeddable":true,"href":"https:\/\/noticiasveraces.com\/index.php?rest_route=%2Fwp%2Fv2%2Fcomments&post=38938"}],"version-history":[{"count":0,"href":"https:\/\/noticiasveraces.com\/index.php?rest_route=\/wp\/v2\/posts\/38938\/revisions"}],"wp:featuredmedia":[{"embeddable":true,"href":"https:\/\/noticiasveraces.com\/index.php?rest_route=\/wp\/v2\/media\/38940"}],"wp:attachment":[{"href":"https:\/\/noticiasveraces.com\/index.php?rest_route=%2Fwp%2Fv2%2Fmedia&parent=38938"}],"wp:term":[{"taxonomy":"category","embeddable":true,"href":"https:\/\/noticiasveraces.com\/index.php?rest_route=%2Fwp%2Fv2%2Fcategories&post=38938"},{"taxonomy":"post_tag","embeddable":true,"href":"https:\/\/noticiasveraces.com\/index.php?rest_route=%2Fwp%2Fv2%2Ftags&post=38938"}],"curies":[{"name":"wp","href":"https:\/\/api.w.org\/{rel}","templated":true}]}}