{"id":38928,"date":"2025-08-04T12:10:21","date_gmt":"2025-08-04T16:10:21","guid":{"rendered":"https:\/\/noticiasveraces.com\/?p=38928"},"modified":"2025-08-04T12:10:21","modified_gmt":"2025-08-04T16:10:21","slug":"javier-milei-veta-el-aumento-de-las-pensiones-en-argentina-dw-04-08-2025","status":"publish","type":"post","link":"https:\/\/noticiasveraces.com\/?p=38928","title":{"rendered":"Javier Milei veta el aumento de las pensiones en Argentina \u2013 DW \u2013 04\/08\/2025"},"content":{"rendered":"<p> \n<\/p>\n<div>\n<p>El presidente de Argentina, Javier Milei, oficializ\u00f3 este lunes (04.08.2025) el veto a las subidas de las pensiones de los jubilados y las personas discapacitadas, que hab\u00edan sido aprobadas en julio, con la publicaci\u00f3n de un decreto en el Bolet\u00edn Oficial. Milei \u00abha vetado los proyectos que el Congreso aprob\u00f3 recientemente de manera irresponsable, sin determinar el origen de los fondos, atentando contra el equilibrio fiscal\u00bb, expresa la Oficina del Presidente en un comunicado oficial.<\/p>\n<p>El decreto, publicado hoy en el Bolet\u00edn Oficial de Argentina, veta en su totalidad tres leyes aprobadas el 10 de julio, al argumentar que fueron sancionadas por el Senado con \u00abgraves vicios reglamentarios\u00bb, al no cumplirse los procedimientos y aprobarse con mayor\u00edas incorrectas. Adem\u00e1s, la Presidencia argentina se\u00f1ala que las medidas generar\u00edan un aumento estructural y permanente del gasto, lo que -a su juicio- obligar\u00eda a realizar emisiones monetarias, subida de impuestos y endeudamiento.<\/p>\n<h2>Jubilaciones, discapacidad y pensiones no contributivas<\/h2>\n<p>Una de las iniciativas estableci\u00f3 un incremento \u00abexcepcional y de emergencia\u00bb del 7,2 % para las jubilaciones, que hoy sit\u00faan a los adultos mayores de Argentina al l\u00edmite de la l\u00ednea de pobreza. El Congreso tambi\u00e9n restituy\u00f3 la moratoria previsional, un recurso que ampl\u00eda la cobertura social y permit\u00eda obtener una pensi\u00f3n a quienes no cumplen con la cantidad de a\u00f1os suficientes de trabajo registrado (30 a\u00f1os de cotizaciones, en un pa\u00eds con m\u00e1s del 40% de trabajo informal).<\/p>\n<figure class=\"placeholder-image master_landscape big\"><img data-format=\"MASTER_LANDSCAPE\" data-id=\"73526602\" data-url=\"https:\/\/static.dw.com\/image\/73526602_${formatId}.jpg\" data-aspect-ratio=\"16\/9\" alt=\"Varios pensionistas encabezan una marcha sosteniendo una pancarta (que no sale en imagen). Uno de ellos lleva un cartel al cuello en el que se lee &quot;haber m\u00ednimo = canasta b\u00e1sica adulto mayor&quot;.\" style=\"padding-bottom: 56.25%; height: 0; max-height: 0;\"\/><figcaption class=\"img-caption\">Manifestaci\u00f3n de pensionistas en Buenos Aires el pasado mi\u00e9rcoles, 30 de julio.<small class=\"copyright\">Imagen: Luciano Gonzalez\/Anadolu\/Picture Alliance<\/small><\/figcaption><\/figure>\n<p>Por \u00faltimo, se hab\u00eda aprobado una ley que declaraba la emergencia en materia de discapacidad hasta finales de 2027, lo que obligaba al Gobierno a garantizar la financiaci\u00f3n adecuada de las pensiones por discapacidad y fortalecer la asistencia para ese sector. Estas leyes implicar\u00edan, seg\u00fan el Gobierno, \u00abun gasto adicional este a\u00f1o de m\u00e1s de 7 billones de pesos (5 millones de d\u00f3lares) y cerca de 17 billones de pesos (12 millones de d\u00f3lares) para 2026\u00bb.<\/p>\n<p><span data-slot-id=\"Article_InContent-1\" class=\"rich-text-ad\"\/><\/p>\n<h2>El veto presidencial puede ser revertido con las mayor\u00edas suficientes <\/h2>\n<p>Una vez publicado el decreto del veto presidencial, se abrir\u00e1 el proceso para revertir la decisi\u00f3n de Milei y dejar firmes las leyes, para lo cual cada una de las dos c\u00e1maras del Congreso necesita los votos de al menos dos tercios de sus integrantes. El Gobierno pidi\u00f3 a sus aliados pol\u00edticos, quienes el pasado 10 de julio votaron a favor de los aumentos de jubilados y discapacitados, a oponerse a estas nuevas iniciativas.<\/p>\n<p>Es la segunda vez que Milei veta un aumento para jubilados, la anterior fue en agosto de 2024. Los vetos ocurren una semana despu\u00e9s de un decreto presidencial que rebaj\u00f3 impuestos a las exportaciones de granos y carnes. La pol\u00edtica de ajustes a las jubilaciones y a la atenci\u00f3n de personas con discapacidad, as\u00ed como a las universidades, movilizaron marchas multitudinarias y protestas callejeras que fueron reprimidas por la polic\u00eda, con saldo de heridos graves y numerosas detenciones.<\/p>\n<p>LGC (EFE, AFP)<\/p>\n<\/div>\n\n","protected":false},"excerpt":{"rendered":"<p>El presidente de Argentina, Javier Milei, oficializ\u00f3 este lunes (04.08.2025) el veto a las subidas de las pensiones de los jubilados y las personas discapacitadas, que hab\u00edan sido aprobadas en julio, con la publicaci\u00f3n de un decreto en el Bolet\u00edn Oficial. Milei \u00abha vetado los proyectos que el Congreso aprob\u00f3 recientemente de manera irresponsable, sin &hellip;<\/p>\n","protected":false},"author":1,"featured_media":38929,"comment_status":"open","ping_status":"open","sticky":false,"template":"","format":"standard","meta":{"fifu_image_url":"https:\/\/static.dw.com\/image\/73526504_6.jpg","fifu_image_alt":"","footnotes":""},"categories":[13],"tags":[],"class_list":["post-38928","post","type-post","status-publish","format-standard","has-post-thumbnail","","category-mundo"],"_links":{"self":[{"href":"https:\/\/noticiasveraces.com\/index.php?rest_route=\/wp\/v2\/posts\/38928","targetHints":{"allow":["GET"]}}],"collection":[{"href":"https:\/\/noticiasveraces.com\/index.php?rest_route=\/wp\/v2\/posts"}],"about":[{"href":"https:\/\/noticiasveraces.com\/index.php?rest_route=\/wp\/v2\/types\/post"}],"author":[{"embeddable":true,"href":"https:\/\/noticiasveraces.com\/index.php?rest_route=\/wp\/v2\/users\/1"}],"replies":[{"embeddable":true,"href":"https:\/\/noticiasveraces.com\/index.php?rest_route=%2Fwp%2Fv2%2Fcomments&post=38928"}],"version-history":[{"count":0,"href":"https:\/\/noticiasveraces.com\/index.php?rest_route=\/wp\/v2\/posts\/38928\/revisions"}],"wp:featuredmedia":[{"embeddable":true,"href":"https:\/\/noticiasveraces.com\/index.php?rest_route=\/wp\/v2\/media\/38929"}],"wp:attachment":[{"href":"https:\/\/noticiasveraces.com\/index.php?rest_route=%2Fwp%2Fv2%2Fmedia&parent=38928"}],"wp:term":[{"taxonomy":"category","embeddable":true,"href":"https:\/\/noticiasveraces.com\/index.php?rest_route=%2Fwp%2Fv2%2Fcategories&post=38928"},{"taxonomy":"post_tag","embeddable":true,"href":"https:\/\/noticiasveraces.com\/index.php?rest_route=%2Fwp%2Fv2%2Ftags&post=38928"}],"curies":[{"name":"wp","href":"https:\/\/api.w.org\/{rel}","templated":true}]}}