{"id":38906,"date":"2025-08-04T10:08:02","date_gmt":"2025-08-04T14:08:02","guid":{"rendered":"https:\/\/noticiasveraces.com\/?p=38906"},"modified":"2025-08-04T10:08:02","modified_gmt":"2025-08-04T14:08:02","slug":"gobierno-lituano-dimite-tras-renuncia-del-primer-ministro-dw-04-08-2025","status":"publish","type":"post","link":"https:\/\/noticiasveraces.com\/?p=38906","title":{"rendered":"Gobierno lituano dimite tras renuncia del primer ministro \u2013 DW \u2013 04\/08\/2025"},"content":{"rendered":"<p> \n<\/p>\n<div>\n<p>El Gobierno de Lituania dimiti\u00f3 este lunes (4.08.2025), al mismo tiempo que el primer ministro, el socialdem\u00f3crata Gintautas Paluckas, confirmaba oficialmente su renuncia, que ya hab\u00eda anunciado la semana pasada, debido a las alegaciones de corrupci\u00f3n en las que se ha visto envuelto, seg\u00fan dijo su asesor de relaciones p\u00fablicas y medios, Justinas Argustas.<\/p>\n<p>La renuncia del primer ministro y la dimisi\u00f3n autom\u00e1tica de todo el Gabinete ser\u00e1 presentada este lunes ante el presidente, Gitanas Nauseda, para que nombre a un primer ministro interino y designe al Gobierno actual como Ejecutivo en funciones hasta que se forme uno nuevo y reciba el visto bueno del Parlamento o Saeimas.<\/p>\n<p>Paluckas, que desde las elecciones legislativas de oto\u00f1o del a\u00f1o pasado dirig\u00eda una coalici\u00f3n de tres partidos, anunci\u00f3 el jueves de la semana pasada su intenci\u00f3n de dimitir y de dejar tambi\u00e9n el liderazgo del Partido Socialdem\u00f3crata (LSDP) debido a varios esc\u00e1ndalos relacionados con sus negocios privados.<\/p>\n<p>Aunque los medios lituanos llevaban varias semanas informando sobre las alegaciones relacionadas con los negocios de Paluckas, la gota que colm\u00f3 el vaso lleg\u00f3 la semana pasada, cuando Saulius Skvernelis, el presidente de uno de los socios de la coalici\u00f3n, la Uni\u00f3n de Dem\u00f3cratas &#8216;Por Lituania&#8217;, amenaz\u00f3 con romper la alianza si el primer ministro permanec\u00eda en el cargo.<\/p>\n<figure class=\"placeholder-image master_landscape big\"><img data-format=\"MASTER_LANDSCAPE\" data-id=\"73175795\" data-url=\"https:\/\/static.dw.com\/image\/73175795_${formatId}.jpg\" data-aspect-ratio=\"16\/9\" alt=\"El presidente alem\u00e1n, Frank-Walter Steinmeier, da un discurso durante un discurso en el D\u00eda del Estado, d\u00eda nacional de Lituania, el 6.07.2025.\" style=\"padding-bottom: 56.25%; height: 0; max-height: 0;\"\/><figcaption class=\"img-caption\">El presidente alem\u00e1n, Frank-Walter Steinmeier, durante un discurso en el D\u00eda del Estado, d\u00eda nacional de Lituania, el 6.07.2025.<small class=\"copyright\">Imagen: MindAugas Kulbis\/AP\/DPA\/Picture Alliance<\/small><\/figcaption><\/figure>\n<h2>Tercer socio de coalici\u00f3n, acusado de declaraciones antisemitas<\/h2>\n<p>El tercer socio del tripartito es el partido populista Amanecer del Nemunas (por un r\u00edo de Lituania), cuyo fundador y l\u00edder ha sido acusado, entre otras cosas, de realizar declaraciones antisemitas.<\/p>\n<p><span data-slot-id=\"Article_InContent-1\" class=\"rich-text-ad\"\/><\/p>\n<p>Seg\u00fan han desvelado varios reportajes de investigaci\u00f3n, una empresa cofundada por Paluckas, Garnis, recibi\u00f3 un cr\u00e9dito de 200.000 euros del banco nacional de desarrollo cuando ya era primer ministro, el cual ahora est\u00e1 bajo investigaci\u00f3n del Comit\u00e9 de \u00c9tica de Cargos P\u00fablicos de Lituania.<\/p>\n<p>Otra investigaci\u00f3n revel\u00f3 que Sagerta, otra empresa que fue propiedad de Paluckas en el pasado, recibi\u00f3 y no devolvi\u00f3 grandes pr\u00e9stamos comerciales de Uni Trading, mientras que Dankora, una empresa fundada en 2024 y a nombre de la cu\u00f1ada del pol\u00edtico socialdem\u00f3crata, hab\u00eda recibido fondos europeos, una gran parte de los cuales se hab\u00edan invertido en comprar mercanc\u00edas de Garnis.<\/p>\n<p>El director de Dankora fue detenido la semana pasada bajo sospecha de haber obtenido cr\u00e9ditos de forma fraudulenta.<\/p>\n<p>Ahora el LSDP debe no solo nombrar a un nuevo presidente de la formaci\u00f3n, sino tambi\u00e9n presentar a Nauseda un nuevo candidato al cargo de primer ministro.<\/p>\n<p>De acuerdo con los medios lituanos, Mindaugas Sinkevicius, el alcalde de la ciudad de Jonava, ha asumido de forma interina el liderazgo del partido y su nombre es uno de los que suenan para el cargo de primer ministro.<\/p>\n<p>Otros potenciales candidatos incluyen a la ministra en funciones de Seguridad Social y Trabajo, Inga Ruginiene, al vicepresidente del Seimas o Parlamento Juozas Olekas y el alcalde de distrito de Vilna Robert Duchnevic.<\/p>\n<p>El LSDP se reunir\u00e1 este mi\u00e9rcoles para nombrar a un nuevo l\u00edder y seleccionar a un candidato a primer ministro.<\/p>\n<p>Antes de acceder al cargo, Paluckas, nacido en 1979, hab\u00eda ocupado diversos puestos p\u00fablicos y pol\u00edticos en los \u00faltimos 20 a\u00f1os.<\/p>\n<p>CP (EFE, DPA)<\/p>\n<\/div>\n\n","protected":false},"excerpt":{"rendered":"<p>El Gobierno de Lituania dimiti\u00f3 este lunes (4.08.2025), al mismo tiempo que el primer ministro, el socialdem\u00f3crata Gintautas Paluckas, confirmaba oficialmente su renuncia, que ya hab\u00eda anunciado la semana pasada, debido a las alegaciones de corrupci\u00f3n en las que se ha visto envuelto, seg\u00fan dijo su asesor de relaciones p\u00fablicas y medios, Justinas Argustas. La &hellip;<\/p>\n","protected":false},"author":1,"featured_media":38907,"comment_status":"open","ping_status":"open","sticky":false,"template":"","format":"standard","meta":{"fifu_image_url":"https:\/\/static.dw.com\/image\/73479893_6.jpg","fifu_image_alt":"","footnotes":""},"categories":[13],"tags":[],"class_list":["post-38906","post","type-post","status-publish","format-standard","has-post-thumbnail","","category-mundo"],"_links":{"self":[{"href":"https:\/\/noticiasveraces.com\/index.php?rest_route=\/wp\/v2\/posts\/38906","targetHints":{"allow":["GET"]}}],"collection":[{"href":"https:\/\/noticiasveraces.com\/index.php?rest_route=\/wp\/v2\/posts"}],"about":[{"href":"https:\/\/noticiasveraces.com\/index.php?rest_route=\/wp\/v2\/types\/post"}],"author":[{"embeddable":true,"href":"https:\/\/noticiasveraces.com\/index.php?rest_route=\/wp\/v2\/users\/1"}],"replies":[{"embeddable":true,"href":"https:\/\/noticiasveraces.com\/index.php?rest_route=%2Fwp%2Fv2%2Fcomments&post=38906"}],"version-history":[{"count":0,"href":"https:\/\/noticiasveraces.com\/index.php?rest_route=\/wp\/v2\/posts\/38906\/revisions"}],"wp:featuredmedia":[{"embeddable":true,"href":"https:\/\/noticiasveraces.com\/index.php?rest_route=\/wp\/v2\/media\/38907"}],"wp:attachment":[{"href":"https:\/\/noticiasveraces.com\/index.php?rest_route=%2Fwp%2Fv2%2Fmedia&parent=38906"}],"wp:term":[{"taxonomy":"category","embeddable":true,"href":"https:\/\/noticiasveraces.com\/index.php?rest_route=%2Fwp%2Fv2%2Fcategories&post=38906"},{"taxonomy":"post_tag","embeddable":true,"href":"https:\/\/noticiasveraces.com\/index.php?rest_route=%2Fwp%2Fv2%2Ftags&post=38906"}],"curies":[{"name":"wp","href":"https:\/\/api.w.org\/{rel}","templated":true}]}}