{"id":38890,"date":"2025-08-04T06:28:32","date_gmt":"2025-08-04T10:28:32","guid":{"rendered":"https:\/\/noticiasveraces.com\/?p=38890"},"modified":"2025-08-04T06:28:32","modified_gmt":"2025-08-04T10:28:32","slug":"la-ola-de-calor-pone-a-casi-mil-municipios-en-alto-riesgo-para-la-salud-consulte-el-nivel-de-peligro-en-su-localidad-clima-y-medio-ambiente","status":"publish","type":"post","link":"https:\/\/noticiasveraces.com\/?p=38890","title":{"rendered":"La ola de calor pone a casi mil municipios en alto riesgo para la salud: consulte el nivel de peligro en su localidad | Clima y Medio Ambiente"},"content":{"rendered":"<p> \n<\/p>\n<div data-dtm-region=\"articulo_cuerpo\">\n<p class=\"\">La segunda ola de calor de este verano comenz\u00f3 ayer con una actualizaci\u00f3n de la Agencia Estatal de Meteorolog\u00eda (Aemet) en la que ampli\u00f3 el aviso especial por este fen\u00f3meno al menos hasta el fin de semana que viene. Aunque en un principio se esperaba que este episodio extremo se alargara hasta el jueves, momento en el que aumenta la incertidumbre, la Aemet asegura que con la informaci\u00f3n actual el escenario m\u00e1s probable es que el viernes las temperaturas desciendan en el Cant\u00e1brico, pero que vuelvan a subir por el oeste peninsular, de manera que la ola de calor se mantenga al menos hasta el domingo, d\u00eda 10. Un recordatorio de que el calentamiento del planeta est\u00e1 agravando estos fen\u00f3menos, tanto en frecuencia, como en intensidad y en duraci\u00f3n.<\/p>\n<p class=\"\">El domingo hubo <mark class=\"hl_red\"><b>[[alto_riesgo_muni]]<\/b><\/mark>  municipios en zonas con riesgo alto para la salud por calor ([[perc_riesgo_alto_muni]]%), <mark class=\"hl_orange\"><b>[[riesgo_medio_muni]]<\/b><\/mark>  en riesgo medio ([[perc_riesgo_medio_muni]]%) y <mark class=\"hl_yellow\"><b>[[bajo_riesgo_muni]]<\/b><\/mark>  en riesgo bajo ([[perc_bajo_riesgo_muni]]%). Consulte en el mapa las zonas donde el calor alcanzar\u00e1 niveles peligrosos para la salud en estos tres d\u00edas, seg\u00fan los datos del Ministerio de Sanidad y Aemet. <\/p>\n<p class=\"\">Se espera que concurran altas presiones atl\u00e1nticas sobre buena parte del territorio y una dana en el oeste peninsular, lo que favorecer\u00e1 la entrada de una masa de aire c\u00e1lida y seca desde el continente africano que afectar\u00e1 a gran parte de la Pen\u00ednsula.<\/p>\n<p class=\"\">El lunes, las altas temperaturas continuar\u00e1n tras el ascenso del domingo y se extender\u00e1n de forma m\u00e1s significativa al interior de la fachada cant\u00e1brica, donde podr\u00edan ser localmente notables. Ese d\u00eda los valores cercanos a 40 grados se registrar\u00e1n de nuevo en torno a las principales depresiones de la mitad peninsular y se considera muy probable que se superen los 42 grados en el entorno del Guadiana y el Guadalquivir. <\/p>\n<p class=\"\">Aunque en Canarias las temperaturas tambi\u00e9n pueden ser altas desde el lunes 4, no se espera que en el archipi\u00e9lago se cumpla el criterio de ola de calor.<\/p>\n<p class=\"\">No existe una definici\u00f3n \u00fanica sobre lo que es una ola de calor. Para Aemet, que es la que ha declarado el aviso en Espa\u00f1a, se trata de un episodio de al menos tres d\u00edas consecutivos en el que como m\u00ednimo el 10% de las estaciones meteorol\u00f3gicas de referencia en el pa\u00eds registran m\u00e1ximas por encima del percentil 95 de su serie hist\u00f3rica de m\u00e1ximas diarias de los meses de julio y agosto entre 1971 y 2000.<\/p>\n<h3 class=\"\">Riesgos para la salud<\/h3>\n<p class=\"\">El calor tiene impactos directos en la salud de la poblaci\u00f3n y aumenta la mortandad. Un equipo del Instituto de Salud Carlos III ha calculado las temperaturas m\u00e1ximas a partir de las que se disparan los fallecimientos de forma estad\u00edsticamente rese\u00f1able para las llamadas zonas de meteosalud (\u00e1reas de territorio formadas por varios municipios que son homog\u00e9neas en cuanto al comportamiento de las temperaturas diarias). Ese estudio es el que se toma de base para lanzar las alertas sanitarias, que son complementarias a las que env\u00eda Aemet (que solo se basan en la temperatura). <\/p>\n<p class=\"\">El sistema de alertas sanitarias divide Espa\u00f1a en 182 zonas de meteosalud con un umbral de temperatura m\u00e1xima que se establece tomando en cuenta la mortalidad registrada en cada regi\u00f3n cuando se alcanzan temperaturas extremas. Para determinar los niveles de alerta de cada d\u00eda se toma una ventana de 72 horas, dado el impacto sobre la salud del calor persistente. <\/p>\n<p class=\"\">Hoy habr\u00e1 <mark class=\"hl_red\"><b>[[alto_riesgo_zonas]]<\/b><\/mark>  zonas de meteosalud en nivel 3 y <mark class=\"hl_orange\"><b>[[riesgo_medio_zonas]]<\/b><\/mark>  en nivel 2 en Espa\u00f1a. La temperatura en los pr\u00f3ximos d\u00edas.<\/p>\n<h3 class=\"\">Las temperaturas m\u00ednimas<\/h3>\n<p class=\"\">Seg\u00fan la Aemet, aunque en las temperaturas m\u00ednimas el ascenso no ser\u00e1 tan extendido y acusado, s\u00ed que ser\u00e1 suficiente para que se note tambi\u00e9n por las noches. De hecho, no se espera que estas bajen de los 23-25\u00ba C en amplias zonas del centro y sur peninsular, as\u00ed como en torno al litoral mediterr\u00e1neo. <\/p>\n<p class=\"\">En la tabla puede consultar la previsi\u00f3n de Aemet en su municipio y si se prev\u00e9 que se supere el umbral de riesgo del \u00e1rea de meteosalud donde se encuentra.<\/p>\n<h3 class=\"\">Regiones en alerta seg\u00fan Aemet<\/h3>\n<p class=\"\">Adem\u00e1s de las alertas sanitarias y los avisos por ola de calor, existe un plan de Meteoalerta de Aemet. En este caso, se contempla la declaraci\u00f3n de alertas vinculadas a las altas temperaturas. El siguiente mapa muestra las zonas que tienen avisos activos por temperaturas m\u00e1ximas. <\/p>\n<p class=\"\">Estos avisos se establecen de acuerdo con umbrales espec\u00edficos para cada zona en un d\u00eda concreto, sin el marco temporal de tres d\u00edas que emplea el mapa del Ministerio de Sanidad y sin tener en cuenta la mortandad. Por ejemplo, en la zona metropolitana de Madrid y Henares, la alerta amarilla se activa a partir de 34 grados y la roja, cuando se superan los 42 grados, mientras que Canarias o Asturias entran en nivel amarillo a la misma temperatura, pero pasan a alerta m\u00e1xima con 40. Para calcular esos umbrales, Aemet se basa en los datos hist\u00f3ricos de temperaturas de cada zona.<\/p>\n<h3 class=\"\">C\u00f3mo sobrellevar las temperaturas extremas<\/h3>\n<p class=\"\">El calor tiene impactos directos en la salud de la poblaci\u00f3n, especialmente entre ni\u00f1os y personas mayores o con enfermedades cr\u00f3nicas. En un contexto de olas de calor cada vez m\u00e1s largas y frecuentes, es fundamental prevenir los efectos del exceso de temperatura.<\/p>\n<div class=\"raw_html\">\n<div>\n<div class=\"ep-grafico ep-copy-width\">\n<div class=\"grid-wrapper\">\n<h2 class=\"titulo titulo-azul\">Hidrataci\u00f3n<\/h2>\n<p>\t<!-- Azules --><\/p>\n<div class=\"item azul1\">\n\t\t<img decoding=\"async\" src=\"https:\/\/ep00.epimg.net\/infografias\/2025\/05\/consejos_calor\/liquidos%402x.png\" alt=\"\"\/><\/p>\n<p>\t\t\tBebe <span class=\"blue\">l\u00edquido<\/span> aunque no tengas sed. Evita alcohol, cafe\u00edna y bebidas<br \/>\n\t\t\tmuy azucaradas\n\t\t<\/p>\n<\/p><\/div>\n<div class=\"item azul2\">\n\t\t<img decoding=\"async\" src=\"https:\/\/ep00.epimg.net\/infografias\/2025\/05\/consejos_calor\/comida%402x.png\" alt=\"\"\/><\/p>\n<p>\t\t\tCr\u00eda <span class=\"blue\">comidas ligeras<\/span> que ayuden a reponer sales sin recargar el cuerpo\n\t\t<\/p>\n<\/p><\/div>\n<h2 class=\"titulo titulo-rojo\">Proteger<\/h2>\n<p>\t<!-- Rojas --><\/p>\n<div class=\"item roja1\">\n\t\t<img decoding=\"async\" src=\"https:\/\/ep00.epimg.net\/infografias\/2025\/05\/consejos_calor\/riesgo%402x.png\" alt=\"\"\/><\/p>\n<p>\t\t\tPrecauci\u00f3n en <span class=\"red\">grupos de riesgo<\/span> y personas con enfermedades que pueden<br \/>\n\t\t\tagravarse con el calor\n\t\t<\/p>\n<\/p><\/div>\n<div class=\"item roja2\">\n\t\t<img decoding=\"async\" src=\"https:\/\/ep00.epimg.net\/infografias\/2025\/05\/consejos_calor\/protector%402x.png\" alt=\"\"\/><\/p>\n<p>\t\t\tLimita la exposici\u00f3n, <span class=\"red\">Protector de EE. UU.<\/span>viste ropa ligera y holgada,<br \/>\n\t\t\tpreferiblemente de colores claros\n\t\t<\/p>\n<\/p><\/div>\n<div class=\"item roja3\">\n\t\t<img decoding=\"async\" src=\"https:\/\/ep00.epimg.net\/infografias\/2025\/05\/consejos_calor\/vehiculos%402x.png\" alt=\"\"\/><\/p>\n<p>\t\t\tNo dejes a ninguna persona en <span class=\"red\">veh\u00edculos cerrados<\/span>ni siquiera por<br \/>\n\t\t\tperiodos cortos\n\t\t<\/p>\n<\/p><\/div>\n<h2 class=\"titulo titulo-verde\">Refrescar<\/h2>\n<p>\t<!-- Verdes --><\/p>\n<div class=\"item verde1\">\n\t\t<img decoding=\"async\" src=\"https:\/\/ep00.epimg.net\/infografias\/2025\/05\/consejos_calor\/refrescar%402x.png\" alt=\"\"\/><\/p>\n<p>\t\t\tPermanece en <span class=\"green\">lugares frescos<\/span>con ventilaci\u00f3n o climatizaci\u00f3n<br \/>\n\t\t\tadecuada siempre que sea posible\n\t\t<\/p>\n<\/p><\/div>\n<div class=\"item verde2\">\n\t\t<img decoding=\"async\" src=\"https:\/\/ep00.epimg.net\/infografias\/2025\/05\/consejos_calor\/actividad%402x.png\" alt=\"\"\/><\/p>\n<p>\t\t\tReducir a <span class=\"green\">actividad f\u00edsica<\/span> en las horas centrales del d\u00eda para evitar<br \/>\n\t\t\tgolpes de calor\n\t\t<\/p>\n<\/p><\/div>\n<\/div>\n<\/div>\n<\/div>\n<\/div>\n<section class=\"w w-cr\">\n<h3 class=\"w_t\">  Cr\u00e9ditos<\/h3>\n<\/section>\n<\/div>\n\n","protected":false},"excerpt":{"rendered":"<p>La segunda ola de calor de este verano comenz\u00f3 ayer con una actualizaci\u00f3n de la Agencia Estatal de Meteorolog\u00eda (Aemet) en la que ampli\u00f3 el aviso especial por este fen\u00f3meno al menos hasta el fin de semana que viene. Aunque en un principio se esperaba que este episodio extremo se alargara hasta el jueves, momento &hellip;<\/p>\n","protected":false},"author":1,"featured_media":38892,"comment_status":"open","ping_status":"open","sticky":false,"template":"","format":"standard","meta":{"fifu_image_url":"https:\/\/imagenes.elpais.com\/resizer\/v2\/U6KDCKTCSFFC3DLKCZYSHDF4PE.png?auth=2d8963e6ed78deda80af2153d7f7bd222db47cd7352682954faf7fcd844b98ee&width=1200","fifu_image_alt":"","footnotes":""},"categories":[11],"tags":[],"class_list":["post-38890","post","type-post","status-publish","format-standard","has-post-thumbnail","","category-viaje"],"_links":{"self":[{"href":"https:\/\/noticiasveraces.com\/index.php?rest_route=\/wp\/v2\/posts\/38890","targetHints":{"allow":["GET"]}}],"collection":[{"href":"https:\/\/noticiasveraces.com\/index.php?rest_route=\/wp\/v2\/posts"}],"about":[{"href":"https:\/\/noticiasveraces.com\/index.php?rest_route=\/wp\/v2\/types\/post"}],"author":[{"embeddable":true,"href":"https:\/\/noticiasveraces.com\/index.php?rest_route=\/wp\/v2\/users\/1"}],"replies":[{"embeddable":true,"href":"https:\/\/noticiasveraces.com\/index.php?rest_route=%2Fwp%2Fv2%2Fcomments&post=38890"}],"version-history":[{"count":0,"href":"https:\/\/noticiasveraces.com\/index.php?rest_route=\/wp\/v2\/posts\/38890\/revisions"}],"wp:featuredmedia":[{"embeddable":true,"href":"https:\/\/noticiasveraces.com\/index.php?rest_route=\/wp\/v2\/media\/38892"}],"wp:attachment":[{"href":"https:\/\/noticiasveraces.com\/index.php?rest_route=%2Fwp%2Fv2%2Fmedia&parent=38890"}],"wp:term":[{"taxonomy":"category","embeddable":true,"href":"https:\/\/noticiasveraces.com\/index.php?rest_route=%2Fwp%2Fv2%2Fcategories&post=38890"},{"taxonomy":"post_tag","embeddable":true,"href":"https:\/\/noticiasveraces.com\/index.php?rest_route=%2Fwp%2Fv2%2Ftags&post=38890"}],"curies":[{"name":"wp","href":"https:\/\/api.w.org\/{rel}","templated":true}]}}