{"id":38840,"date":"2025-08-03T20:54:16","date_gmt":"2025-08-04T00:54:16","guid":{"rendered":"https:\/\/noticiasveraces.com\/?p=38840"},"modified":"2025-08-03T20:54:16","modified_gmt":"2025-08-04T00:54:16","slug":"papa-leon-xiv-clausura-el-jubileo-ante-un-millon-de-jovenes-dw-03-08-2025","status":"publish","type":"post","link":"https:\/\/noticiasveraces.com\/?p=38840","title":{"rendered":"Papa Le\u00f3n XIV clausura el Jubileo ante un mill\u00f3n de j\u00f3venes \u2013 DW \u2013 03\/08\/2025"},"content":{"rendered":"<p> \n<\/p>\n<div>\n<p>M\u00e1s de un mill\u00f3n de personas asistieron este domingo (03.08.2025) a la misa presidida por el papa Le\u00f3n XIV en la explanada de Tor Vergata, en las afueras de Roma, con la que concluy\u00f3 el Jubileo de los J\u00f3venes, uno de los momentos m\u00e1s destacados del A\u00f1o Santo. Durante una semana, el evento reuni\u00f3 en la capital italiana a cientos de miles de j\u00f3venes provenientes de todo el mundo.<\/p>\n<p>La jornada culmin\u00f3 un encuentro marcado por un ambiente festivo y espiritual, que tuvo su punto m\u00e1s alto la noche del s\u00e1bado, durante una vigilia presidida por el pont\u00edfice. Seg\u00fan los organizadores, unas 800.000 personas participaron en esa vigilia, y el Vaticano confirm\u00f3 que la cifra se elev\u00f3 a m\u00e1s de un mill\u00f3n para la misa del domingo.<\/p>\n<p>Bajo un cielo despejado, la mayor\u00eda de los asistentes durmieron al aire libre en tiendas de campa\u00f1a, sacos de dormir o colchonetas, en espera de la ceremonia. Desde temprano, obispos vestidos de verde comenzaron a ocupar el gran escenario adornado con un arco dorado y una cruz monumental, mientras un coro animaba el ambiente. En total, participaron 450 obispos y unos 700 sacerdotes.<\/p>\n<h2>Solidaridad con j\u00f3venes en situaci\u00f3n de guerra<\/h2>\n<p>Durante su homil\u00eda, el papa Le\u00f3n XIV anim\u00f3 a los j\u00f3venes a vivir con ambici\u00f3n espiritual y sentido profundo de la vida: \u00abAspiren a cosas grandes, a la santidad, all\u00ed donde est\u00e9n. No se conformen con menos. As\u00ed ver\u00e1n crecer cada d\u00eda la luz del Evangelio, en ustedes mismos y a su alrededor\u00bb, expres\u00f3 desde el escenario del campamento de Tor Vergata.<\/p>\n<p>\u00abQueridos j\u00f3venes&#8230; transmitan su entusiasmo y el testimonio de su fe a todos los que encuentren\u00bb, dijo el papa durante su homil\u00eda en el evento, en la que tambi\u00e9n los exhort\u00f3 a no centrarse en acumular bienes materiales, sino en ayudar a quienes lo necesitan.<\/p>\n<p>El papa igualmente expres\u00f3 su solidaridad con los j\u00f3venes que padecen la guerra en todo el mundo, en especial con los de Gaza y Ucrania: \u00ab\u00a1Estamos con la gente joven de Gaza y con los j\u00f3venes de Ucrania! Con todos aquellos pa\u00edses ensangrentados por la guerra\u00bb, proclam\u00f3<\/p>\n<p>Con esta multitudinaria celebraci\u00f3n, el A\u00f1o Santo contin\u00faa su curso, dejando tras de s\u00ed un mensaje claro del papa a las nuevas generaciones: vivir con autenticidad, generosidad y esperanza.<\/p>\n<p>EE (Efe, AFP, Reuters)<\/p>\n<\/div>\n\n","protected":false},"excerpt":{"rendered":"<p>M\u00e1s de un mill\u00f3n de personas asistieron este domingo (03.08.2025) a la misa presidida por el papa Le\u00f3n XIV en la explanada de Tor Vergata, en las afueras de Roma, con la que concluy\u00f3 el Jubileo de los J\u00f3venes, uno de los momentos m\u00e1s destacados del A\u00f1o Santo. Durante una semana, el evento reuni\u00f3 en &hellip;<\/p>\n","protected":false},"author":1,"featured_media":38841,"comment_status":"open","ping_status":"open","sticky":false,"template":"","format":"standard","meta":{"fifu_image_url":"https:\/\/static.dw.com\/image\/73510873_6.jpg","fifu_image_alt":"","footnotes":""},"categories":[13],"tags":[],"class_list":["post-38840","post","type-post","status-publish","format-standard","has-post-thumbnail","","category-mundo"],"_links":{"self":[{"href":"https:\/\/noticiasveraces.com\/index.php?rest_route=\/wp\/v2\/posts\/38840","targetHints":{"allow":["GET"]}}],"collection":[{"href":"https:\/\/noticiasveraces.com\/index.php?rest_route=\/wp\/v2\/posts"}],"about":[{"href":"https:\/\/noticiasveraces.com\/index.php?rest_route=\/wp\/v2\/types\/post"}],"author":[{"embeddable":true,"href":"https:\/\/noticiasveraces.com\/index.php?rest_route=\/wp\/v2\/users\/1"}],"replies":[{"embeddable":true,"href":"https:\/\/noticiasveraces.com\/index.php?rest_route=%2Fwp%2Fv2%2Fcomments&post=38840"}],"version-history":[{"count":0,"href":"https:\/\/noticiasveraces.com\/index.php?rest_route=\/wp\/v2\/posts\/38840\/revisions"}],"wp:featuredmedia":[{"embeddable":true,"href":"https:\/\/noticiasveraces.com\/index.php?rest_route=\/wp\/v2\/media\/38841"}],"wp:attachment":[{"href":"https:\/\/noticiasveraces.com\/index.php?rest_route=%2Fwp%2Fv2%2Fmedia&parent=38840"}],"wp:term":[{"taxonomy":"category","embeddable":true,"href":"https:\/\/noticiasveraces.com\/index.php?rest_route=%2Fwp%2Fv2%2Fcategories&post=38840"},{"taxonomy":"post_tag","embeddable":true,"href":"https:\/\/noticiasveraces.com\/index.php?rest_route=%2Fwp%2Fv2%2Ftags&post=38840"}],"curies":[{"name":"wp","href":"https:\/\/api.w.org\/{rel}","templated":true}]}}