{"id":38838,"date":"2025-08-03T19:53:21","date_gmt":"2025-08-03T23:53:21","guid":{"rendered":"https:\/\/noticiasveraces.com\/?p=38838"},"modified":"2025-08-03T19:53:21","modified_gmt":"2025-08-03T23:53:21","slug":"iran-crea-un-consejo-de-defensa-tras-su-guerra-con-israel-dw-04-08-2025","status":"publish","type":"post","link":"https:\/\/noticiasveraces.com\/?p=38838","title":{"rendered":"Ir\u00e1n crea un Consejo de defensa tras su guerra con Israel \u2013 DW \u2013 04\/08\/2025"},"content":{"rendered":"<p> \n<\/p>\n<div>\n<p>Ir\u00e1n anunci\u00f3 este domingo (03.08.2025) la creaci\u00f3n de un Consejo de Defensa para reforzar sus capacidades militares tras su reciente guerra con Israel, indic\u00f3 un medio estatal.<\/p>\n<p>\u00abEl Consejo Supremo de Seguridad Nacional aprob\u00f3 la creaci\u00f3n del Consejo de Defensa Nacional\u00bb, inform\u00f3 la televisi\u00f3n p\u00fablica.<\/p>\n<p>El anuncio sigue a la guerra de 12 d\u00edas desencadenada en junio por Israel con el apoyo de Estados Unidos.<\/p>\n<p>La nueva organizaci\u00f3n estar\u00eda liderada por el presidente de la Rep\u00fablica Isl\u00e1mica y se compone de comandantes de las Fuerzas Armadas y dirigentes de los ministerios competentes, seg\u00fan la cadena.<\/p>\n<p>El Consejo de Defensa \u00abexamina los planes de defensa\u00bb y \u00abrefuerza las capacidades de las Fuerzas Armadas de forma centralizada\u00bb, explic\u00f3 el canal.<\/p>\n<h2>Guerra dej\u00f3 decenas de muertos<\/h2>\n<p>Israel lanz\u00f3 el 13 de junio un ataque sorpresa contra Ir\u00e1n, con cientos de bombardeos contra sitios militares, nucleares y edificios oficiales. Mat\u00f3 a cient\u00edficos vinculados al programa nuclear iran\u00ed, que Israel ve como una amenaza.<\/p>\n<p>Ir\u00e1n respondi\u00f3 disparando misiles y drones contra territorio israel\u00ed y atac\u00f3 la mayor base que Estados Unidos tiene en Oriente Medio, en Qatar.<\/p>\n<p>Por su parte, Estados Unidos bombarde\u00f3 el 22 de junio el sitio subterr\u00e1neo de enriquecimiento nuclear de Fordo, al sur de Teher\u00e1n, e instalaciones nucleares en Isfah\u00e1n y Natanz, en el centro del pa\u00eds.<\/p>\n<p>M\u00e1s de 1.000 personas murieron en Ir\u00e1n durante el conflicto, seg\u00fan las autoridades de Teher\u00e1n. Israel, en tanto, registr\u00f3 28 muertos.<\/p>\n<p>Mg (AFP, Reuters)<\/p>\n<\/p>\n<\/div>\n\n","protected":false},"excerpt":{"rendered":"<p>Ir\u00e1n anunci\u00f3 este domingo (03.08.2025) la creaci\u00f3n de un Consejo de Defensa para reforzar sus capacidades militares tras su reciente guerra con Israel, indic\u00f3 un medio estatal. \u00abEl Consejo Supremo de Seguridad Nacional aprob\u00f3 la creaci\u00f3n del Consejo de Defensa Nacional\u00bb, inform\u00f3 la televisi\u00f3n p\u00fablica. El anuncio sigue a la guerra de 12 d\u00edas desencadenada &hellip;<\/p>\n","protected":false},"author":1,"featured_media":38839,"comment_status":"open","ping_status":"open","sticky":false,"template":"","format":"standard","meta":{"fifu_image_url":"https:\/\/static.dw.com\/image\/73261612_6.jpg","fifu_image_alt":"","footnotes":""},"categories":[13],"tags":[],"class_list":["post-38838","post","type-post","status-publish","format-standard","has-post-thumbnail","","category-mundo"],"_links":{"self":[{"href":"https:\/\/noticiasveraces.com\/index.php?rest_route=\/wp\/v2\/posts\/38838","targetHints":{"allow":["GET"]}}],"collection":[{"href":"https:\/\/noticiasveraces.com\/index.php?rest_route=\/wp\/v2\/posts"}],"about":[{"href":"https:\/\/noticiasveraces.com\/index.php?rest_route=\/wp\/v2\/types\/post"}],"author":[{"embeddable":true,"href":"https:\/\/noticiasveraces.com\/index.php?rest_route=\/wp\/v2\/users\/1"}],"replies":[{"embeddable":true,"href":"https:\/\/noticiasveraces.com\/index.php?rest_route=%2Fwp%2Fv2%2Fcomments&post=38838"}],"version-history":[{"count":0,"href":"https:\/\/noticiasveraces.com\/index.php?rest_route=\/wp\/v2\/posts\/38838\/revisions"}],"wp:featuredmedia":[{"embeddable":true,"href":"https:\/\/noticiasveraces.com\/index.php?rest_route=\/wp\/v2\/media\/38839"}],"wp:attachment":[{"href":"https:\/\/noticiasveraces.com\/index.php?rest_route=%2Fwp%2Fv2%2Fmedia&parent=38838"}],"wp:term":[{"taxonomy":"category","embeddable":true,"href":"https:\/\/noticiasveraces.com\/index.php?rest_route=%2Fwp%2Fv2%2Fcategories&post=38838"},{"taxonomy":"post_tag","embeddable":true,"href":"https:\/\/noticiasveraces.com\/index.php?rest_route=%2Fwp%2Fv2%2Ftags&post=38838"}],"curies":[{"name":"wp","href":"https:\/\/api.w.org\/{rel}","templated":true}]}}