{"id":38836,"date":"2025-08-03T19:21:13","date_gmt":"2025-08-03T23:21:13","guid":{"rendered":"https:\/\/noticiasveraces.com\/?p=38836"},"modified":"2025-08-03T19:21:13","modified_gmt":"2025-08-03T23:21:13","slug":"misterio-detras-del-iconico-brazalete-de-oro-retorcido-de-25k-de-la-reina-camilla-real-noticias","status":"publish","type":"post","link":"https:\/\/noticiasveraces.com\/?p=38836","title":{"rendered":"Misterio detr\u00e1s del ic\u00f3nico brazalete de oro retorcido de \u00a3 25k de la reina Camilla | Real | Noticias"},"content":{"rendered":"<p> \n<\/p>\n<div>\n<p>La reina Camilla fue una visi\u00f3n en blanco durante su \u00faltimo compromiso oficial antes de sus vacaciones de verano la semana pasada, pero hab\u00eda un elemento clave en su apariencia que ten\u00eda bastante importancia, seg\u00fan un experto. La reina asisti\u00f3 al D\u00eda del Rey Jorge en el hip\u00f3dromo de Ascot el s\u00e1bado pasado, donde present\u00f3 el trofeo al ganador del Rey Jorge VI y la Reina Isabel.<\/p>\n<p>Vestida de blanco, fue vista ri\u00e9ndose con el gerente de carreras John Warren y Sir Francis Brooke, el representante del rey en Ascot. Calandagan capacitado en franc\u00e9s, montado por Mickael Barzalona, gan\u00f3 las apuestas del rey Jorge VI y la reina Isabel, golpeando a Kalpana. La reina present\u00f3 el trofeo despu\u00e9s de la carrera.<\/p>\n<p>Tambi\u00e9n llevaba una pieza de joyer\u00eda de su colecci\u00f3n, que ha sido parte de su colecci\u00f3n desde principios de la d\u00e9cada de 1990.<\/p>\n<\/div>\n<div>\n<p>El brazalete de oro retorcido \u00abic\u00f3nico\u00bb de Camilla se elabor\u00f3 en oro blanco y amarillo de 18k y se estima que vale \u00a3 25,000.<\/p>\n<p>Seg\u00fan los expertos en joyer\u00eda, su longevidad sugiere que tiene un valor personal o sentimental profundo.<\/p>\n<p>Maxwell Stone, de Steven Stone, dijo: \u00abLa reina Camilla ha estado usando este brazalete distintivo desde principios de la d\u00e9cada de 1990. Hecho en oro blanco y amarillo de 18k, el dise\u00f1o presenta hilos alternos de cables de oro retorcidos, creando un efecto din\u00e1mico y giratorio alrededor de la mu\u00f1eca.<\/p>\n<p>\u00abAunque su origen nunca se ha confirmado p\u00fablicamente, muchos han especulado que la pieza es de David Yurman, un joyero estadounidense famoso por sus dise\u00f1os de cable retorcidos\u00bb.<\/p>\n<\/div>\n<div>\n<p>Pero agreg\u00f3: \u00abSin embargo, el brazalete lleva un parecido sorprendente con un conjunto de pulseras de brazalete Van Cleef &#038; Arpels actualmente en subasta. Dada la admiraci\u00f3n bien documentada de Camilla por la maison francesa, es mucho m\u00e1s probable que su brazalete sea de Van Cleef.<\/p>\n<p>\u00abSi bien la reina Camilla nunca ha hablado p\u00fablicamente sobre el significado del brazalete, su presencia duradera durante d\u00e9cadas sugiere que puede tener un valor profundo personal o sentimental, tal vez un regalo apreciado o un s\u00edmbolo de importancia.<\/p>\n<p>\u00abEl brazalete de la reina Camilla, especialmente libre de piedras preciosas, es probable que valga alrededor de \u00a3 25,000, seg\u00fan su intrincada artesan\u00eda dorada y su probable origen del dise\u00f1ador\u00bb.<\/p>\n<\/div>\n\n","protected":false},"excerpt":{"rendered":"<p>La reina Camilla fue una visi\u00f3n en blanco durante su \u00faltimo compromiso oficial antes de sus vacaciones de verano la semana pasada, pero hab\u00eda un elemento clave en su apariencia que ten\u00eda bastante importancia, seg\u00fan un experto. La reina asisti\u00f3 al D\u00eda del Rey Jorge en el hip\u00f3dromo de Ascot el s\u00e1bado pasado, donde present\u00f3 &hellip;<\/p>\n","protected":false},"author":1,"featured_media":38837,"comment_status":"open","ping_status":"open","sticky":false,"template":"","format":"standard","meta":{"fifu_image_url":"https:\/\/cdn.images.express.co.uk\/img\/dynamic\/106\/1200x630\/6329009.jpg","fifu_image_alt":"","footnotes":""},"categories":[10],"tags":[],"class_list":["post-38836","post","type-post","status-publish","format-standard","has-post-thumbnail","","category-moda"],"_links":{"self":[{"href":"https:\/\/noticiasveraces.com\/index.php?rest_route=\/wp\/v2\/posts\/38836","targetHints":{"allow":["GET"]}}],"collection":[{"href":"https:\/\/noticiasveraces.com\/index.php?rest_route=\/wp\/v2\/posts"}],"about":[{"href":"https:\/\/noticiasveraces.com\/index.php?rest_route=\/wp\/v2\/types\/post"}],"author":[{"embeddable":true,"href":"https:\/\/noticiasveraces.com\/index.php?rest_route=\/wp\/v2\/users\/1"}],"replies":[{"embeddable":true,"href":"https:\/\/noticiasveraces.com\/index.php?rest_route=%2Fwp%2Fv2%2Fcomments&post=38836"}],"version-history":[{"count":0,"href":"https:\/\/noticiasveraces.com\/index.php?rest_route=\/wp\/v2\/posts\/38836\/revisions"}],"wp:featuredmedia":[{"embeddable":true,"href":"https:\/\/noticiasveraces.com\/index.php?rest_route=\/wp\/v2\/media\/38837"}],"wp:attachment":[{"href":"https:\/\/noticiasveraces.com\/index.php?rest_route=%2Fwp%2Fv2%2Fmedia&parent=38836"}],"wp:term":[{"taxonomy":"category","embeddable":true,"href":"https:\/\/noticiasveraces.com\/index.php?rest_route=%2Fwp%2Fv2%2Fcategories&post=38836"},{"taxonomy":"post_tag","embeddable":true,"href":"https:\/\/noticiasveraces.com\/index.php?rest_route=%2Fwp%2Fv2%2Ftags&post=38836"}],"curies":[{"name":"wp","href":"https:\/\/api.w.org\/{rel}","templated":true}]}}