{"id":38826,"date":"2025-08-03T18:53:34","date_gmt":"2025-08-03T22:53:34","guid":{"rendered":"https:\/\/noticiasveraces.com\/?p=38826"},"modified":"2025-08-03T18:53:34","modified_gmt":"2025-08-03T22:53:34","slug":"el-psv-conquista-la-supercopa-gracias-a-un-gran-gol-de-sergino-dest","status":"publish","type":"post","link":"https:\/\/noticiasveraces.com\/?p=38826","title":{"rendered":"El PSV conquista la Supercopa gracias a un gran gol de Sergi\u00f1o Dest"},"content":{"rendered":"<p> \n<\/p>\n<div>\n<p data-mrf-recirculation=\"Links P\u00e1rrafos\" class=\"ue-c-article__paragraph paragraph ue-c-article--first-letter-highlighted\">El <strong>PSV Eindhoven<\/strong> ha comenzado la temporada 2025-26 como cerr\u00f3 la 2024-25: <strong>ganando<\/strong>. Los pupilos de <strong>Peter Bos<\/strong> han derrotado al <strong>Adelante las \u00e1guilas (2-1)<\/strong> <strong>para conquistar la Supercopa<\/strong> de los Pa\u00edses Bajos.  <\/p>\n<p data-mrf-recirculation=\"Links P\u00e1rrafos\" class=\"ue-c-article__paragraph paragraph\">Tuvieron que remontar, eso s\u00ed. <strong>Mathis Suray<\/strong><strong>adelant\u00f3 al campe\u00f3n de Copa en el 35&#8242;<\/strong> al rematar en la frontal del \u00e1rea peque\u00f1a un centro desde la izquierda de <strong>Dean James.<\/strong> <\/p>\n<p data-mrf-recirculation=\"Links P\u00e1rrafos\" class=\"ue-c-article__paragraph paragraph\">Obligado a remontar, Bosz movi\u00f3 ficha. Retir\u00f3 del campo en el 62&#8242; al exvalencianista <strong>Yarek Gasiorowski, titular, entre otros, <\/strong>para ingresar al<strong> Ruben van Bommel, Pepi y Til.<\/strong><\/p>\n<p data-mrf-recirculation=\"Links P\u00e1rrafos\" class=\"ue-c-article__paragraph paragraph\">Arriesgado&#8230; pero funcion\u00f3. Con algo de fortuna, eso s\u00ed. El PSV empat\u00f3 <strong>en el 78&#8242; al desviar\u00a0Gerrit Nauber<\/strong> contra su porter\u00eda <strong>Un centro de la sempat\u00eda Ivan Perisic<\/strong>. <\/p>\n<p data-mrf-recirculation=\"Links P\u00e1rrafos\" class=\"ue-c-article__paragraph paragraph\">El destino, sin embargo, le ten\u00eda reservado un papel capital a <strong>Sergi\u00f1o Dest<\/strong>. El ex del Barcelona, que ocup\u00f3 el laterla derecho, recibi\u00f3 un pase atr\u00e1s de Til y <strong>bati\u00f3 a De Busser con un potente zurdazo.<\/strong><\/p>\n<p data-mrf-recirculation=\"Links P\u00e1rrafos\" class=\"ue-c-article__paragraph paragraph\"><strong>Un gran gol que permiti\u00f3 al PSV conquistar la 15\u00aa Supercopa de su historia<\/strong>. Nadie tiene m\u00e1s. Le sigue el Ajax, con nueve.<\/p>\n<\/div>\n\n","protected":false},"excerpt":{"rendered":"<p>El PSV Eindhoven ha comenzado la temporada 2025-26 como cerr\u00f3 la 2024-25: ganando. Los pupilos de Peter Bos han derrotado al Adelante las \u00e1guilas (2-1) para conquistar la Supercopa de los Pa\u00edses Bajos. Tuvieron que remontar, eso s\u00ed. Mathis Surayadelant\u00f3 al campe\u00f3n de Copa en el 35&#8242; al rematar en la frontal del \u00e1rea peque\u00f1a &hellip;<\/p>\n","protected":false},"author":1,"featured_media":38827,"comment_status":"open","ping_status":"open","sticky":false,"template":"","format":"standard","meta":{"fifu_image_url":"https:\/\/e00-xlk-ue-marca.uecdn.es\/files\/phantom_desktop_1200w\/uploads\/2025\/08\/03\/688fa63ab5588.jpeg","fifu_image_alt":"","footnotes":""},"categories":[6],"tags":[],"class_list":["post-38826","post","type-post","status-publish","format-standard","has-post-thumbnail","","category-deportes"],"_links":{"self":[{"href":"https:\/\/noticiasveraces.com\/index.php?rest_route=\/wp\/v2\/posts\/38826","targetHints":{"allow":["GET"]}}],"collection":[{"href":"https:\/\/noticiasveraces.com\/index.php?rest_route=\/wp\/v2\/posts"}],"about":[{"href":"https:\/\/noticiasveraces.com\/index.php?rest_route=\/wp\/v2\/types\/post"}],"author":[{"embeddable":true,"href":"https:\/\/noticiasveraces.com\/index.php?rest_route=\/wp\/v2\/users\/1"}],"replies":[{"embeddable":true,"href":"https:\/\/noticiasveraces.com\/index.php?rest_route=%2Fwp%2Fv2%2Fcomments&post=38826"}],"version-history":[{"count":0,"href":"https:\/\/noticiasveraces.com\/index.php?rest_route=\/wp\/v2\/posts\/38826\/revisions"}],"wp:featuredmedia":[{"embeddable":true,"href":"https:\/\/noticiasveraces.com\/index.php?rest_route=\/wp\/v2\/media\/38827"}],"wp:attachment":[{"href":"https:\/\/noticiasveraces.com\/index.php?rest_route=%2Fwp%2Fv2%2Fmedia&parent=38826"}],"wp:term":[{"taxonomy":"category","embeddable":true,"href":"https:\/\/noticiasveraces.com\/index.php?rest_route=%2Fwp%2Fv2%2Fcategories&post=38826"},{"taxonomy":"post_tag","embeddable":true,"href":"https:\/\/noticiasveraces.com\/index.php?rest_route=%2Fwp%2Fv2%2Ftags&post=38826"}],"curies":[{"name":"wp","href":"https:\/\/api.w.org\/{rel}","templated":true}]}}