{"id":38811,"date":"2025-08-03T18:26:05","date_gmt":"2025-08-03T22:26:05","guid":{"rendered":"https:\/\/noticiasveraces.com\/?p=38811"},"modified":"2025-08-03T18:26:05","modified_gmt":"2025-08-03T22:26:05","slug":"el-papa-atrae-a-un-millon-de-jovenes-de-todo-el-mundo-en-roma-aspiren-a-cosas-grandes-no-se-conformen-con-menos-sociedad","status":"publish","type":"post","link":"https:\/\/noticiasveraces.com\/?p=38811","title":{"rendered":"El Papa atrae a un mill\u00f3n de j\u00f3venes de todo el mundo en Roma: \u201cAspiren a cosas grandes, no se conformen con menos\u201d | Sociedad"},"content":{"rendered":"<p> \n<\/p>\n<div data-dtm-region=\"articulo_cuerpo\">\n<p class=\"\">En la misa del domingo, a la que asistieron m\u00e1s de un mill\u00f3n de j\u00f3venes, seg\u00fan el Vaticano y las autoridades locales, el papa Le\u00f3n XIV anim\u00f3 a la juventud a \u201caspirar a cosas grandes\u201d y a no caer en el mero consumismo ni en el conformismo, el aburrimiento o la mediocridad. \u201cAspiren a cosas grandes, a la santidad, all\u00ed donde est\u00e9n. No se conformen con menos\u201d, dijo el papa estadounidense-peruano desde el inmenso altar del campamento de Tor Vergata, a las afueras de Roma.<\/p>\n<p class=\"\">Durante la misa del Jubileo de la Juventud, que ha atra\u00eddo a centenares de miles de j\u00f3venes de todo el mundo, el papa se\u00f1al\u00f3 que \u201cla plenitud de nuestra existencia no depende de lo que acumulamos ni de lo que poseemos\u201d, sino que \u201cest\u00e1 unida a aquello que sabemos acoger y compartir con alegr\u00eda\u201d. \u201cComprar, acumular, consumir no es suficiente. Necesitamos alzar los ojos, mirar a lo alto, a las cosas celestiales\u201d, resalt\u00f3 en la homil\u00eda, le\u00edda en italiano, ingl\u00e9s y en espa\u00f1ol ante la multitud. Y anim\u00f3 a los j\u00f3venes a practicar la humildad, el perd\u00f3n y la paz.<\/p>\n<figure class=\"a_m a_m-h \"><span class=\"_db a_m_w _pr lb_btn\"><img alt=\"El papa Le\u00f3n XIV asiste a la misa por el Jubileo de la Juventud en Tor Vergata (Roma), este domingo.\" decoding=\"auto\" class=\"_re lazyload a_m-h\" height=\"275\" srcset=\"https:\/\/imagenes.elpais.com\/resizer\/v2\/BY3J6HVP7REOTCCE7DZEZ4X3SE.JPG?auth=1730adc03af0d2926d11b5263ab3ae24519a6d445c5b9f4598cbc290e6e96549&amp;width=414 414w,https:\/\/imagenes.elpais.com\/resizer\/v2\/BY3J6HVP7REOTCCE7DZEZ4X3SE.JPG?auth=1730adc03af0d2926d11b5263ab3ae24519a6d445c5b9f4598cbc290e6e96549&amp;width=828 640w,https:\/\/imagenes.elpais.com\/resizer\/v2\/BY3J6HVP7REOTCCE7DZEZ4X3SE.JPG?auth=1730adc03af0d2926d11b5263ab3ae24519a6d445c5b9f4598cbc290e6e96549&amp;width=980 1000w,https:\/\/imagenes.elpais.com\/resizer\/v2\/BY3J6HVP7REOTCCE7DZEZ4X3SE.JPG?auth=1730adc03af0d2926d11b5263ab3ae24519a6d445c5b9f4598cbc290e6e96549&amp;width=1960 1960w\" width=\"414\" sizes=\"auto, (min-width:1199px) 1155px,(min-width:1001px) calc(100vw - 44px),(min-width:768px) 767px, 100vw\" src=\"https:\/\/imagenes.elpais.com\/resizer\/v2\/BY3J6HVP7REOTCCE7DZEZ4X3SE.JPG?auth=1730adc03af0d2926d11b5263ab3ae24519a6d445c5b9f4598cbc290e6e96549&amp;width=414\" loading=\"lazy\"\/><svg aria-hidden=\"true\" class=\"icon_multimedia_ampliar | _pa a_m_i a_m_i-a _dn\" viewbox=\"0 0 40 40\"><use xlink:href=\"#svg-ampliar\"\/><\/svg><\/span><figcaption class=\"a_m_p\" aria-hidden=\"true\"><span>El papa Le\u00f3n XIV asiste a la misa por el Jubileo de la Juventud en Tor Vergata (Roma), este domingo.<\/span><span class=\"a_m_m\">Yara Nardi (Reuters)<\/span><\/figcaption><\/figure>\n<p class=\"\">Este ha sido el acto m\u00e1s multitudinario del hasta ahora breve pontificado de Le\u00f3n XIV, que inici\u00f3 el pasado mayo tras el fallecimiento del papa Francisco. Ha sido una primera prueba para vislumbrar el car\u00e1cter del nuevo pont\u00edfice en las grandes ocasiones y su relaci\u00f3n con los j\u00f3venes. Las expectativas eran elevadas, sobre todo teniendo en cuenta que algunos de sus predecesores se hab\u00edan anotado hitos en la relaci\u00f3n de la Iglesia con la Juventud. Como Juan Pablo II, que instaur\u00f3 la celebraci\u00f3n de las Jornadas Mundiales de la Juventud, y que en el mismo escenario de Tor Vergata reuni\u00f3 a dos millones de j\u00f3venes en el a\u00f1o 2000. Aunque eran otros tiempos para la Iglesia, que gozaba de mayor popularidad que ahora, y para la sociedad en general. Tambi\u00e9n se ha recordado estos d\u00edas el hist\u00f3rico \u201cj\u00f3venes, hagan l\u00edo\u201d, que pronunci\u00f3 Francisco en la JMJ de Brasil de 2013 y que impuls\u00f3 la creaci\u00f3n de numerosos movimientos juveniles cat\u00f3licos.<\/p>\n<p class=\"\">Le\u00f3n XIV tiene un car\u00e1cter m\u00e1s reservado y tendr\u00e1 que conectar con los j\u00f3venes con sus discursos. Por el momento, la respuesta de la juventud, que fue convocada a Roma por el papa Francisco el a\u00f1o pasado para acudir a este evento, ha sido multitudinaria y entregada.<\/p>\n<figure class=\"a_m a_m-h \"><span class=\"_db a_m_w _pr lb_btn\"><img alt=\"Fieles reciben la comuni\u00f3n durante la misa de este domingo.\" decoding=\"auto\" class=\"_re lazyload a_m-h\" height=\"276\" srcset=\"https:\/\/imagenes.elpais.com\/resizer\/v2\/INWEVET6QJCJTFRCPI5H547UEI.jpg?auth=749a4be6a8fb323372b8fae858aa24693730f7955af2b58b4cc4dfb727cc8beb&amp;width=414 414w,https:\/\/imagenes.elpais.com\/resizer\/v2\/INWEVET6QJCJTFRCPI5H547UEI.jpg?auth=749a4be6a8fb323372b8fae858aa24693730f7955af2b58b4cc4dfb727cc8beb&amp;width=828 640w,https:\/\/imagenes.elpais.com\/resizer\/v2\/INWEVET6QJCJTFRCPI5H547UEI.jpg?auth=749a4be6a8fb323372b8fae858aa24693730f7955af2b58b4cc4dfb727cc8beb&amp;width=980 1000w,https:\/\/imagenes.elpais.com\/resizer\/v2\/INWEVET6QJCJTFRCPI5H547UEI.jpg?auth=749a4be6a8fb323372b8fae858aa24693730f7955af2b58b4cc4dfb727cc8beb&amp;width=1960 1960w\" width=\"414\" sizes=\"auto, (min-width:1199px) 1155px,(min-width:1001px) calc(100vw - 44px),(min-width:768px) 767px, 100vw\" src=\"https:\/\/imagenes.elpais.com\/resizer\/v2\/INWEVET6QJCJTFRCPI5H547UEI.jpg?auth=749a4be6a8fb323372b8fae858aa24693730f7955af2b58b4cc4dfb727cc8beb&amp;width=414\" loading=\"lazy\"\/><svg aria-hidden=\"true\" class=\"icon_multimedia_ampliar | _pa a_m_i a_m_i-a _dn\" viewbox=\"0 0 40 40\"><use xlink:href=\"#svg-ampliar\"\/><\/svg><\/span><figcaption class=\"a_m_p\" aria-hidden=\"true\"><span>Fieles reciben la comuni\u00f3n durante la misa de este domingo.<\/span><span class=\"a_m_m\">Associated Press\/Lapresse (APN)<\/span><\/figcaption><\/figure>\n<p class=\"\">F\u00e1tima Gallardo Pedro, valenciana de 26 a\u00f1os y fundadora de la comunidad cat\u00f3lica \u2018Juventruth\u2019, hace un balance positivo de este Jubileo, que la Iglesia ha enfocado hacia el concepto de esperanza. \u201cLa esperanza es algo que hace tanta falta hoy en d\u00eda, especialmente entre los j\u00f3venes\u201d, dice desde la explanada de Tor Vergata, donde ha pasado la noche acampada al raso, como otros cientos de miles de j\u00f3venes, para asistir a la misa del papa del domingo. \u201cLa vigilia de la noche del s\u00e1bado fue incre\u00edble, me impact\u00f3 ver al papa, me impresion\u00f3 su mirada, su ternura, su sonrisa, es muy humilde, tiene como una figura de padre. \u00c9l estar\u00eda impresionado por darse un poco m\u00e1s de cuenta de qui\u00e9n es su Iglesia, de a qui\u00e9n dirige, ha tenido que ser un subid\u00f3n para \u00e9l, que habr\u00e1 dicho: \u2018\u00a1Qu\u00e9 alegr\u00eda y qu\u00e9 esperanza, cu\u00e1ntos j\u00f3venes tenemos!\u2019\u201d, se\u00f1ala. Y no oculta su entusiasmo: \u201cEstamos deseosos de encender el mundo con amor del bueno, aut\u00e9ntico, ojal\u00e1 cada vez seamos m\u00e1s los j\u00f3venes que podamos vivir esto\u201d.<\/p>\n<figure class=\"a_m a_m-h \"><span class=\"_db a_m_w _pr lb_btn\"><img alt=\"El Papa se dirige a los j\u00f3venes, este domingo.\" decoding=\"auto\" class=\"_re lazyload a_m-h\" height=\"277\" srcset=\"https:\/\/imagenes.elpais.com\/resizer\/v2\/GPSHZSTO5RHV5O57LESWGVP7L4.jpg?auth=d682d21099f06de33f42cdb5a1a63aa9d8aba362956973077a6dd91a109748cc&amp;width=414 414w,https:\/\/imagenes.elpais.com\/resizer\/v2\/GPSHZSTO5RHV5O57LESWGVP7L4.jpg?auth=d682d21099f06de33f42cdb5a1a63aa9d8aba362956973077a6dd91a109748cc&amp;width=828 640w,https:\/\/imagenes.elpais.com\/resizer\/v2\/GPSHZSTO5RHV5O57LESWGVP7L4.jpg?auth=d682d21099f06de33f42cdb5a1a63aa9d8aba362956973077a6dd91a109748cc&amp;width=980 1000w,https:\/\/imagenes.elpais.com\/resizer\/v2\/GPSHZSTO5RHV5O57LESWGVP7L4.jpg?auth=d682d21099f06de33f42cdb5a1a63aa9d8aba362956973077a6dd91a109748cc&amp;width=1960 1960w\" width=\"414\" sizes=\"auto, (min-width:1199px) 1155px,(min-width:1001px) calc(100vw - 44px),(min-width:768px) 767px, 100vw\" src=\"https:\/\/imagenes.elpais.com\/resizer\/v2\/GPSHZSTO5RHV5O57LESWGVP7L4.jpg?auth=d682d21099f06de33f42cdb5a1a63aa9d8aba362956973077a6dd91a109748cc&amp;width=414\" loading=\"lazy\"\/><svg aria-hidden=\"true\" class=\"icon_multimedia_ampliar | _pa a_m_i a_m_i-a _dn\" viewbox=\"0 0 40 40\"><use xlink:href=\"#svg-ampliar\"\/><\/svg><\/span><figcaption class=\"a_m_p\" aria-hidden=\"true\"><span>El Papa se dirige a los j\u00f3venes, este domingo.<\/span><span class=\"a_m_m\">Alessandro Sardo (Vatican Media\/Lapresse)<\/span><\/figcaption><\/figure>\n<p class=\"\">V\u00edctor Moreno Fern\u00e1ndez, seminarista diocesano de 26 a\u00f1os de Le\u00f3n cree que la misa del papa ha sido \u201cmuy bonita\u201d y considera que Le\u00f3n XIV ha superado la prueba de su primer contacto multitudinario con la juventud cat\u00f3lica. \u201cMe quedo con la imagen de tantos j\u00f3venes viviendo la misa con tanto cari\u00f1o y tanta devoci\u00f3n, ha sido muy emocionante. Me quedo tambi\u00e9n con su mensaje de que los j\u00f3venes estamos llamados a dar testimonio de nuestra forma de ver la vida, con nuestra alegr\u00eda y a salir de nosotros mismos y entregarnos a los dem\u00e1s\u201d.<\/p>\n<figure class=\"a_m a_m-h \"><span class=\"_db a_m_w _pr lb_btn\"><img alt=\"  J\u00f3venes despiertan en el \u00faltimo d\u00eda del Jubileo, este domingo.&#10;\" decoding=\"auto\" class=\"_re lazyload a_m-h\" height=\"276\" srcset=\"https:\/\/imagenes.elpais.com\/resizer\/v2\/MMZN6237ZZGOTF4V4AL4CZNFRA.jpg?auth=c9b622fd19d64e1cd596f73b12300171b4bed36f3cf2e227333475695c33579d&amp;width=414 414w,https:\/\/imagenes.elpais.com\/resizer\/v2\/MMZN6237ZZGOTF4V4AL4CZNFRA.jpg?auth=c9b622fd19d64e1cd596f73b12300171b4bed36f3cf2e227333475695c33579d&amp;width=828 640w,https:\/\/imagenes.elpais.com\/resizer\/v2\/MMZN6237ZZGOTF4V4AL4CZNFRA.jpg?auth=c9b622fd19d64e1cd596f73b12300171b4bed36f3cf2e227333475695c33579d&amp;width=980 1000w,https:\/\/imagenes.elpais.com\/resizer\/v2\/MMZN6237ZZGOTF4V4AL4CZNFRA.jpg?auth=c9b622fd19d64e1cd596f73b12300171b4bed36f3cf2e227333475695c33579d&amp;width=1960 1960w\" width=\"414\" sizes=\"auto, (min-width:1199px) 1155px,(min-width:1001px) calc(100vw - 44px),(min-width:768px) 767px, 100vw\" src=\"https:\/\/imagenes.elpais.com\/resizer\/v2\/MMZN6237ZZGOTF4V4AL4CZNFRA.jpg?auth=c9b622fd19d64e1cd596f73b12300171b4bed36f3cf2e227333475695c33579d&amp;width=414\" loading=\"lazy\"\/><svg aria-hidden=\"true\" class=\"icon_multimedia_ampliar | _pa a_m_i a_m_i-a _dn\" viewbox=\"0 0 40 40\"><use xlink:href=\"#svg-ampliar\"\/><\/svg><\/span><figcaption class=\"a_m_p\" aria-hidden=\"true\"><span>  J\u00f3venes despiertan en el \u00faltimo d\u00eda del Jubileo, este domingo.<br \/>\n<\/span><span class=\"a_m_m\">Cecilia Fabiano (Lapresse)<\/span><\/figcaption><\/figure>\n<p class=\"\">Desde el pasado lunes, Roma ha estado tomada por una riada interminable de j\u00f3venes llegados de todos los rincones del mundo para asistir al Jubileo. El Vaticano y las autoridades locales ofrecieron el domingo cifras oficiales y aseguraron que en el evento de Tor Vergata participaron m\u00e1s de un mill\u00f3n de personas. \u201cEst\u00e1 muy extendido el concepto de que somos cuatro gatos, que ya nadie cree en Dios, nadie practica\u2026 y aqu\u00ed te das cuenta de que somos much\u00edsimos, los creyentes no estamos solos\u201d, dice Juan Jos\u00e9 Machado, de 24 a\u00f1os, que ha venido desde Murcia con unos amigos. \u201cNos calentamos y sacamos los billetes el otro d\u00eda\u201d.<\/p>\n<p class=\"\">Los espa\u00f1oles han sido el segundo grupo m\u00e1s multitudinario, por detr\u00e1s de los italianos. La Conferencia Episcopal Espa\u00f1ola (CEE) calcula que hay unos 27.000 participantes. El viernes m\u00e1s de 25.000 peregrinos llegados a Roma desde todas las partes de Espa\u00f1a celebraron una reuni\u00f3n masiva en la Plaza de San Pedro y una misa posterior, con ayuda del Vaticano, oficiada por el presidente de la CEE, Luis Arg\u00fcello.<\/p>\n<figure class=\"a_m a_m-h \"><span class=\"_db a_m_w _pr lb_btn\"><img alt=\"El papa Le\u00f3n XIV saluda a los fieles desde el papam\u00f3vil al salir despu\u00e9s de asistir a la misa del Jubileo en Tor Vergata, cerca de Roma.\" decoding=\"auto\" class=\"_re lazyload a_m-h\" height=\"283\" srcset=\"https:\/\/imagenes.elpais.com\/resizer\/v2\/HKIIF6SP5ZAKTPFY3W5AT3D3HY.JPG?auth=0d5f70666e367708e36c6d1eb3e6b02c103fb555888a39c8d22fb1ac3536179c&amp;width=414 414w,https:\/\/imagenes.elpais.com\/resizer\/v2\/HKIIF6SP5ZAKTPFY3W5AT3D3HY.JPG?auth=0d5f70666e367708e36c6d1eb3e6b02c103fb555888a39c8d22fb1ac3536179c&amp;width=828 640w,https:\/\/imagenes.elpais.com\/resizer\/v2\/HKIIF6SP5ZAKTPFY3W5AT3D3HY.JPG?auth=0d5f70666e367708e36c6d1eb3e6b02c103fb555888a39c8d22fb1ac3536179c&amp;width=980 1000w,https:\/\/imagenes.elpais.com\/resizer\/v2\/HKIIF6SP5ZAKTPFY3W5AT3D3HY.JPG?auth=0d5f70666e367708e36c6d1eb3e6b02c103fb555888a39c8d22fb1ac3536179c&amp;width=1960 1960w\" width=\"414\" sizes=\"auto, (min-width:1199px) 1155px,(min-width:1001px) calc(100vw - 44px),(min-width:768px) 767px, 100vw\" src=\"https:\/\/imagenes.elpais.com\/resizer\/v2\/HKIIF6SP5ZAKTPFY3W5AT3D3HY.JPG?auth=0d5f70666e367708e36c6d1eb3e6b02c103fb555888a39c8d22fb1ac3536179c&amp;width=414\" loading=\"lazy\"\/><svg aria-hidden=\"true\" class=\"icon_multimedia_ampliar | _pa a_m_i a_m_i-a _dn\" viewbox=\"0 0 40 40\"><use xlink:href=\"#svg-ampliar\"\/><\/svg><\/span><figcaption class=\"a_m_p\" aria-hidden=\"true\"><span>El papa Le\u00f3n XIV saluda a los fieles desde el papam\u00f3vil al salir despu\u00e9s de asistir a la misa del Jubileo en Tor Vergata, cerca de Roma.<\/span><span class=\"a_m_m\">Remo Casilli (REUTERS)<\/span><\/figcaption><\/figure>\n<\/div>\n\n","protected":false},"excerpt":{"rendered":"<p>En la misa del domingo, a la que asistieron m\u00e1s de un mill\u00f3n de j\u00f3venes, seg\u00fan el Vaticano y las autoridades locales, el papa Le\u00f3n XIV anim\u00f3 a la juventud a \u201caspirar a cosas grandes\u201d y a no caer en el mero consumismo ni en el conformismo, el aburrimiento o la mediocridad. \u201cAspiren a cosas &hellip;<\/p>\n","protected":false},"author":1,"featured_media":38812,"comment_status":"open","ping_status":"open","sticky":false,"template":"","format":"standard","meta":{"fifu_image_url":"https:\/\/imagenes.elpais.com\/resizer\/v2\/JGANDOBLE5JIJJOLUSI4SCXHRE.jpg?auth=ead7ee6fc49bcd545b6c30618c671ad940acb5cfe2a794d14ecca9eda800866e&width=1200","fifu_image_alt":"","footnotes":""},"categories":[11],"tags":[],"class_list":["post-38811","post","type-post","status-publish","format-standard","has-post-thumbnail","","category-viaje"],"_links":{"self":[{"href":"https:\/\/noticiasveraces.com\/index.php?rest_route=\/wp\/v2\/posts\/38811","targetHints":{"allow":["GET"]}}],"collection":[{"href":"https:\/\/noticiasveraces.com\/index.php?rest_route=\/wp\/v2\/posts"}],"about":[{"href":"https:\/\/noticiasveraces.com\/index.php?rest_route=\/wp\/v2\/types\/post"}],"author":[{"embeddable":true,"href":"https:\/\/noticiasveraces.com\/index.php?rest_route=\/wp\/v2\/users\/1"}],"replies":[{"embeddable":true,"href":"https:\/\/noticiasveraces.com\/index.php?rest_route=%2Fwp%2Fv2%2Fcomments&post=38811"}],"version-history":[{"count":0,"href":"https:\/\/noticiasveraces.com\/index.php?rest_route=\/wp\/v2\/posts\/38811\/revisions"}],"wp:featuredmedia":[{"embeddable":true,"href":"https:\/\/noticiasveraces.com\/index.php?rest_route=\/wp\/v2\/media\/38812"}],"wp:attachment":[{"href":"https:\/\/noticiasveraces.com\/index.php?rest_route=%2Fwp%2Fv2%2Fmedia&parent=38811"}],"wp:term":[{"taxonomy":"category","embeddable":true,"href":"https:\/\/noticiasveraces.com\/index.php?rest_route=%2Fwp%2Fv2%2Fcategories&post=38811"},{"taxonomy":"post_tag","embeddable":true,"href":"https:\/\/noticiasveraces.com\/index.php?rest_route=%2Fwp%2Fv2%2Ftags&post=38811"}],"curies":[{"name":"wp","href":"https:\/\/api.w.org\/{rel}","templated":true}]}}