{"id":38801,"date":"2025-08-03T15:44:10","date_gmt":"2025-08-03T19:44:10","guid":{"rendered":"https:\/\/noticiasveraces.com\/?p=38801"},"modified":"2025-08-03T15:44:10","modified_gmt":"2025-08-03T19:44:10","slug":"netanyahu-pide-roja-revy-ayuda-para-los-israelies-de-los-israelies-dw-03-03-2","status":"publish","type":"post","link":"https:\/\/noticiasveraces.com\/?p=38801","title":{"rendered":"Netanyahu Pide Roja Revy Ayuda para los israel\u00edes de los israel\u00edes &#8211; DW &#8211; 03\/03\/2"},"content":{"rendered":"<p> \n<\/p>\n<div>\n<p>El primer ministro israel\u00ed Benjamin Netanyahu urgi\u00f3 este domingo (03.08.2025) al Comit\u00e9 Internacional de la Cruz Roja (CICR) que suministre alimentos y atenci\u00f3n m\u00e9dica\u00bb a los rehenes israel\u00edes retenidos en Gaza, despu\u00e9s de que el grupo terrorista palestino Ham\u00e1s publicara impactantes videos de los cautivos.<\/p>\n<p>Ham\u00e1s y su aliado Yihad Isl\u00e1mica publicaron desde el jueves tres videos que muestran a Rom Braslavski y Evyatar David claramente demacrados.<\/p>\n<p>Esto reaviv\u00f3 en Israel el debate sobre la necesidad de alcanzar r\u00e1pidamente un acuerdo para liberar a los cautivos, secuestrados durante el ataque de Ham\u00e1s en Israel el 7 de octubre de 2023.<\/p>\n<h2><strong>Netanyahu\u00a0acusa a Ham\u00e1s de \u00abmatar de hambre deliberadamente\u00bb a la poblaci\u00f3n\u00a0de Gaza<\/strong><\/h2>\n<p>Netanyahu \u00abhabl\u00f3 con el jefe de la delegaci\u00f3n del CICR en nuestra regi\u00f3n\u00bb y \u00abpidi\u00f3 su implicaci\u00f3n para proporcionar alimentos a nuestros rehenes y prestarles atenci\u00f3n m\u00e9dica inmediata\u00bb, indic\u00f3 la oficina del primer ministro en un comunicado.<\/p>\n<p>La delegaci\u00f3n expres\u00f3 su \u00abconsternaci\u00f3n\u00bb por los recientes videos y afirm\u00f3 que esta \u00absituaci\u00f3n desastrosa debe terminar\u00bb. El CICR declin\u00f3 hacer m\u00e1s comentarios al respecto por el momento.<\/p>\n<p>Netanyahu acus\u00f3 a Ham\u00e1s de \u00abmatar de hambre deliberadamente a los habitantes de la Franja de Gaza al impedirles recibir ayuda\u00bb e inst\u00f3 a la comunidad internacional a \u00abcondenar los abusos criminales nazis\u00bb del movimiento islamista.<\/p>\n<p>El 7 de octubre de 2023, el grupo terrorista secuestr\u00f3 a 251 personas, de las cuales 49 siguen cautivas en Gaza. De estas, 27 habr\u00edan fallecido, seg\u00fan el ej\u00e9rcito israel\u00ed.<\/p>\n<p>RR AFP\/Efe\/Reuters<\/p>\n<\/div>\n\n","protected":false},"excerpt":{"rendered":"<p>El primer ministro israel\u00ed Benjamin Netanyahu urgi\u00f3 este domingo (03.08.2025) al Comit\u00e9 Internacional de la Cruz Roja (CICR) que suministre alimentos y atenci\u00f3n m\u00e9dica\u00bb a los rehenes israel\u00edes retenidos en Gaza, despu\u00e9s de que el grupo terrorista palestino Ham\u00e1s publicara impactantes videos de los cautivos. Ham\u00e1s y su aliado Yihad Isl\u00e1mica publicaron desde el jueves &hellip;<\/p>\n","protected":false},"author":1,"featured_media":38802,"comment_status":"open","ping_status":"open","sticky":false,"template":"","format":"standard","meta":{"fifu_image_url":"https:\/\/static.dw.com\/image\/72893938_6.jpg","fifu_image_alt":"","footnotes":""},"categories":[13],"tags":[],"class_list":["post-38801","post","type-post","status-publish","format-standard","has-post-thumbnail","","category-mundo"],"_links":{"self":[{"href":"https:\/\/noticiasveraces.com\/index.php?rest_route=\/wp\/v2\/posts\/38801","targetHints":{"allow":["GET"]}}],"collection":[{"href":"https:\/\/noticiasveraces.com\/index.php?rest_route=\/wp\/v2\/posts"}],"about":[{"href":"https:\/\/noticiasveraces.com\/index.php?rest_route=\/wp\/v2\/types\/post"}],"author":[{"embeddable":true,"href":"https:\/\/noticiasveraces.com\/index.php?rest_route=\/wp\/v2\/users\/1"}],"replies":[{"embeddable":true,"href":"https:\/\/noticiasveraces.com\/index.php?rest_route=%2Fwp%2Fv2%2Fcomments&post=38801"}],"version-history":[{"count":0,"href":"https:\/\/noticiasveraces.com\/index.php?rest_route=\/wp\/v2\/posts\/38801\/revisions"}],"wp:featuredmedia":[{"embeddable":true,"href":"https:\/\/noticiasveraces.com\/index.php?rest_route=\/wp\/v2\/media\/38802"}],"wp:attachment":[{"href":"https:\/\/noticiasveraces.com\/index.php?rest_route=%2Fwp%2Fv2%2Fmedia&parent=38801"}],"wp:term":[{"taxonomy":"category","embeddable":true,"href":"https:\/\/noticiasveraces.com\/index.php?rest_route=%2Fwp%2Fv2%2Fcategories&post=38801"},{"taxonomy":"post_tag","embeddable":true,"href":"https:\/\/noticiasveraces.com\/index.php?rest_route=%2Fwp%2Fv2%2Ftags&post=38801"}],"curies":[{"name":"wp","href":"https:\/\/api.w.org\/{rel}","templated":true}]}}