{"id":38793,"date":"2025-08-03T12:52:16","date_gmt":"2025-08-03T16:52:16","guid":{"rendered":"https:\/\/noticiasveraces.com\/?p=38793"},"modified":"2025-08-03T12:52:16","modified_gmt":"2025-08-03T16:52:16","slug":"el-gondomar-sc-homenajea-a-diogo-jota-y-andre-silva-en-su-nueva-camiseta","status":"publish","type":"post","link":"https:\/\/noticiasveraces.com\/?p=38793","title":{"rendered":"El Gondomar SC homenajea a Diogo Jota y Andr\u00e9 Silva en su nueva camiseta"},"content":{"rendered":"<p> \n<\/p>\n<div>\n<p data-mrf-recirculation=\"Links P\u00e1rrafos\" class=\"ue-c-article__paragraph paragraph ue-c-article--first-letter-highlighted\">Un mes despu\u00e9s de la tr\u00e1gica muerte de <strong>Diogo Jota y su hermano Andr\u00e9 Silva, el Gondomar SC<\/strong>club de la ciudad en donde descansan los restos de ambos, ha decidido rendirles homenaje en las equipaciones que utilizar\u00e1n para esta temporada.<\/p>\n<p data-mrf-recirculation=\"Links P\u00e1rrafos\" class=\"ue-c-article__paragraph paragraph\">A trav\u00e9s de sus redes sociales, el equipo que juega en la Liga Regional de Oporto, se\u00f1al\u00f3 que m\u00e1s que una camiseta se trata de un<strong> \u00abTributo eterno\u00bb<\/strong> para los futbolistas del Liverpool y Penafiel, respectivamente.<\/p>\n<p data-mrf-recirculation=\"Links P\u00e1rrafos\" class=\"ue-c-article__paragraph paragraph\">\u00abEsta temporada, Gondomar Sport Club entra al campo con el coraz\u00f3n lleno de recuerdos y sentimientos. <strong>Nuestra nueva camiseta trae en grande la imagen de Diogo Jota y su hermano Andr\u00e9 Silva<\/strong>dos hijos de Gondomar que nos dejaron demasiado pronto, pero que vivir\u00e1n por siempre en la historia de nuestro club y nuestro f\u00fatbol\u00bb, se lee en el comunicado del club.<\/p>\n<p data-mrf-recirculation=\"Links P\u00e1rrafos\" class=\"ue-c-article__paragraph paragraph\">\u00abCada vez que nuestros atletas se ponen esta camiseta, es como pisar el campo con ellos. <strong>Porque el f\u00fatbol es m\u00e1s que vitorias y goles, es legado, es familia, es amor a nuestra tierra<\/strong>\u00ab, agrega.<\/p>\n<p data-mrf-recirculation=\"Links P\u00e1rrafos\" class=\"ue-c-article__paragraph paragraph\">En las camisetas del Gondomar se pueden apreciar las siluetas de Jota y Silva en la parte frontal, mientras que detr\u00e1s el club estamp\u00f3 los nombres de los hermanos debajo de un signo de infinito.<\/p>\n<figure class=\"ue-c-article__media ue-c-article__media--image\">\n<div class=\"ue-c-article__media-img-container ue-l-article--expand-edge-right-until-tablet ue-l-article--expand-edge-left-until-tablet\"><picture><source type=\"image\/webp\" sizes=\"(min-width: 1010px) 660px, (min-width: 980px) calc(100vw - 350px), (min-width: 740px) calc(100vw - 320px), 100vw\" srcset=\"https:\/\/e00-xlk-ue-marca.uecdn.es\/files\/article_360_widen_webp\/uploads\/2025\/08\/02\/688e65aa0fcab.webp 360w,https:\/\/e00-xlk-ue-marca.uecdn.es\/files\/article_375_widen_webp\/uploads\/2025\/08\/02\/688e65aa0fcab.webp 375w,https:\/\/e00-xlk-ue-marca.uecdn.es\/files\/article_414_widen_webp\/uploads\/2025\/08\/02\/688e65aa0fcab.webp 414w,https:\/\/e00-xlk-ue-marca.uecdn.es\/files\/article_660_widen_webp\/uploads\/2025\/08\/02\/688e65aa0fcab.webp 660w,https:\/\/e00-xlk-ue-marca.uecdn.es\/files\/article_720_widen_webp\/uploads\/2025\/08\/02\/688e65aa0fcab.webp 720w,https:\/\/e00-xlk-ue-marca.uecdn.es\/files\/article_750_widen_webp\/uploads\/2025\/08\/02\/688e65aa0fcab.webp 750w,https:\/\/e00-xlk-ue-marca.uecdn.es\/files\/article_828_widen_webp\/uploads\/2025\/08\/02\/688e65aa0fcab.webp 828w,https:\/\/e00-xlk-ue-marca.uecdn.es\/files\/article_1320_widen_webp\/uploads\/2025\/08\/02\/688e65aa0fcab.webp 1320w\"><source type=\"image\/jpeg\" sizes=\"(min-width: 1010px) 660px, (min-width: 980px) calc(100vw - 350px), (min-width: 740px) calc(100vw - 320px), 100vw\" srcset=\"https:\/\/e00-xlk-ue-marca.uecdn.es\/files\/article_360_widen\/uploads\/2025\/08\/02\/688e65aa0fcab.jpeg 360w,https:\/\/e00-xlk-ue-marca.uecdn.es\/files\/article_375_widen\/uploads\/2025\/08\/02\/688e65aa0fcab.jpeg 375w,https:\/\/e00-xlk-ue-marca.uecdn.es\/files\/article_414_widen\/uploads\/2025\/08\/02\/688e65aa0fcab.jpeg 414w,https:\/\/e00-xlk-ue-marca.uecdn.es\/files\/article_660_widen\/uploads\/2025\/08\/02\/688e65aa0fcab.jpeg 660w,https:\/\/e00-xlk-ue-marca.uecdn.es\/files\/article_720_widen\/uploads\/2025\/08\/02\/688e65aa0fcab.jpeg 720w,https:\/\/e00-xlk-ue-marca.uecdn.es\/files\/article_750_widen\/uploads\/2025\/08\/02\/688e65aa0fcab.jpeg 750w,https:\/\/e00-xlk-ue-marca.uecdn.es\/files\/article_828_widen\/uploads\/2025\/08\/02\/688e65aa0fcab.jpeg 828w,https:\/\/e00-xlk-ue-marca.uecdn.es\/files\/article_1320_widen\/uploads\/2025\/08\/02\/688e65aa0fcab.jpeg 1320w\"><img decoding=\"async\" width=\"1080\" height=\"1346\" class=\"ue-c-article__image lazyload\" alt=\"La parte trasera de la camiseta.\" loading=\"lazy\" src=\"https:\/\/e00-xlk-ue-marca.uecdn.es\/uploads\/2025\/08\/02\/688e65aa0fcab.jpeg\"\/><\/source><\/source><\/picture><\/div><figcaption class=\"ue-c-article__media-caption\">\n<p><span class=\"ue-c-article__media-description\">La parte trasera de la camiseta.<\/span><span class=\"ue-c-article__media-source\"><span class=\"ue-c-article__media-author\">Gondomar sc<\/span><\/span><\/p>\n<\/figcaption><\/figure>\n<p data-mrf-recirculation=\"Links P\u00e1rrafos\" class=\"ue-c-article__paragraph paragraph\">\u00abGondomar es una familia, y esta camiseta simboliza precisamente eso: memoria, gratitud y amor por nuestra tierra.<strong> Cada vez que nuestros jugadores la visten, es como si llevaran a Diogo y Andr\u00e9 al campo con nosotros\u00bb<\/strong>declar\u00f3 el presidente<strong> \u00c1lvaro Cerqueira <\/strong>durante la presentaci\u00f3n.<\/p>\n<p data-mrf-recirculation=\"Links P\u00e1rrafos\" class=\"ue-c-article__paragraph paragraph\">El Gondomar SC es el club donde Diogo Jota dio sus primeros pasos en el mundo del f\u00fatbol, pasando por sus categor\u00edas inferiores. En 2022, el equipo homenaje\u00f3 a su jugador m\u00e1s ilustre fundando la <strong>Academia Diogo Jota<\/strong>.<\/p>\n<\/div>\n\n","protected":false},"excerpt":{"rendered":"<p>Un mes despu\u00e9s de la tr\u00e1gica muerte de Diogo Jota y su hermano Andr\u00e9 Silva, el Gondomar SCclub de la ciudad en donde descansan los restos de ambos, ha decidido rendirles homenaje en las equipaciones que utilizar\u00e1n para esta temporada. A trav\u00e9s de sus redes sociales, el equipo que juega en la Liga Regional de &hellip;<\/p>\n","protected":false},"author":1,"featured_media":38795,"comment_status":"open","ping_status":"open","sticky":false,"template":"","format":"standard","meta":{"fifu_image_url":"https:\/\/e00-xlk-ue-marca.uecdn.es\/files\/phantom_desktop_1200w\/uploads\/2025\/08\/02\/688e65120e786.jpeg","fifu_image_alt":"","footnotes":""},"categories":[6],"tags":[],"class_list":["post-38793","post","type-post","status-publish","format-standard","has-post-thumbnail","","category-deportes"],"_links":{"self":[{"href":"https:\/\/noticiasveraces.com\/index.php?rest_route=\/wp\/v2\/posts\/38793","targetHints":{"allow":["GET"]}}],"collection":[{"href":"https:\/\/noticiasveraces.com\/index.php?rest_route=\/wp\/v2\/posts"}],"about":[{"href":"https:\/\/noticiasveraces.com\/index.php?rest_route=\/wp\/v2\/types\/post"}],"author":[{"embeddable":true,"href":"https:\/\/noticiasveraces.com\/index.php?rest_route=\/wp\/v2\/users\/1"}],"replies":[{"embeddable":true,"href":"https:\/\/noticiasveraces.com\/index.php?rest_route=%2Fwp%2Fv2%2Fcomments&post=38793"}],"version-history":[{"count":0,"href":"https:\/\/noticiasveraces.com\/index.php?rest_route=\/wp\/v2\/posts\/38793\/revisions"}],"wp:featuredmedia":[{"embeddable":true,"href":"https:\/\/noticiasveraces.com\/index.php?rest_route=\/wp\/v2\/media\/38795"}],"wp:attachment":[{"href":"https:\/\/noticiasveraces.com\/index.php?rest_route=%2Fwp%2Fv2%2Fmedia&parent=38793"}],"wp:term":[{"taxonomy":"category","embeddable":true,"href":"https:\/\/noticiasveraces.com\/index.php?rest_route=%2Fwp%2Fv2%2Fcategories&post=38793"},{"taxonomy":"post_tag","embeddable":true,"href":"https:\/\/noticiasveraces.com\/index.php?rest_route=%2Fwp%2Fv2%2Ftags&post=38793"}],"curies":[{"name":"wp","href":"https:\/\/api.w.org\/{rel}","templated":true}]}}