{"id":38761,"date":"2025-08-03T09:36:55","date_gmt":"2025-08-03T13:36:55","guid":{"rendered":"https:\/\/noticiasveraces.com\/?p=38761"},"modified":"2025-08-03T09:36:55","modified_gmt":"2025-08-03T13:36:55","slug":"victoria-de-australia-ofrece-el-periodo-de-amnistia-de-machete-antes-de-la-prohibicion-criminal","status":"publish","type":"post","link":"https:\/\/noticiasveraces.com\/?p=38761","title":{"rendered":"Victoria de Australia ofrece el per\u00edodo de amnist\u00eda de machete antes de la prohibici\u00f3n criminal"},"content":{"rendered":"<p> \n<\/p>\n<div>\n<div id=\"beyondwords-wrapper\" class=\"beyondwords-wrapper\">\n<p><span class=\"label-bg\">NUEVO<\/span>\u00a1Ahora puedes escuchar art\u00edculos de Fox News!\n  <\/p>\n<\/div>\n<p class=\"speakable\">Un estado australiano ha pedido a los ciudadanos que entreguen a los machetes en los contenedores de disposici\u00f3n antes de una prohibici\u00f3n estatal de las armas destinadas a combatir el crimen de cuchillo.<\/p>\n<p class=\"speakable\">El estado de Victoria de Australia anunci\u00f3 el jueves que m\u00e1s de 40 contenedores de eliminaci\u00f3n de machetes estar\u00e1n disponibles en estaciones de polic\u00eda de todo el estado para permitir que los ciudadanos se deshacieran de las armas sin penalizaci\u00f3n antes de que comience la prohibici\u00f3n del 1 de septiembre.<\/p>\n<p>\u00abSer propietario, llevar, usar, comprar o vender un machete sin una exenci\u00f3n o aprobaci\u00f3n v\u00e1lida ser\u00e1 un delito penal\u00bb, dijo el gobierno victoriano en un comunicado.<\/p>\n<p>El gobierno est\u00e1 ejecutando un per\u00edodo de \u00abamnist\u00eda machete\u00bb del 1 de septiembre al 30 de noviembre para apoyar la eliminaci\u00f3n segura de machetes. Aquellos que no entregan sus machetes durante el per\u00edodo de amnist\u00eda pueden enfrentar prisi\u00f3n de hasta dos a\u00f1os o una multa de m\u00e1s de $ 47,000 AUD ($ 31,725 d\u00f3lares estadounidenses).<\/p>\n<p><strong>Minnesota Axe Murderer que mat\u00f3 a su propia familia en 1988 recibe la liberaci\u00f3n anticipada bajo la ley apoyada por el gobierno Tim Walz<\/strong><\/p>\n<div class=\"image-ct inline\">\n<div class=\"m\"><picture><source media=\"(max-width: 767px)\" srcset=\"https:\/\/a57.foxnews.com\/static.foxnews.com\/foxnews.com\/content\/uploads\/2025\/08\/343\/192\/australia-machete-disposal-bins.jpg?ve=1&amp;tl=1, https:\/\/a57.foxnews.com\/static.foxnews.com\/foxnews.com\/content\/uploads\/2025\/08\/686\/384\/australia-machete-disposal-bins.jpg?ve=1&amp;tl=1 2x\" height=\"192\" width=\"343\"><source media=\"(min-width: 768px) and (max-width: 1023px)\" srcset=\"https:\/\/a57.foxnews.com\/static.foxnews.com\/foxnews.com\/content\/uploads\/2025\/08\/672\/378\/australia-machete-disposal-bins.jpg?ve=1&amp;tl=1, https:\/\/a57.foxnews.com\/static.foxnews.com\/foxnews.com\/content\/uploads\/2025\/08\/1344\/756\/australia-machete-disposal-bins.jpg?ve=1&amp;tl=1 2x\" height=\"378\" width=\"672\"><source media=\"(min-width: 1024px) and (max-width: 1279px)\" srcset=\"https:\/\/a57.foxnews.com\/static.foxnews.com\/foxnews.com\/content\/uploads\/2025\/08\/931\/523\/australia-machete-disposal-bins.jpg?ve=1&amp;tl=1, https:\/\/a57.foxnews.com\/static.foxnews.com\/foxnews.com\/content\/uploads\/2025\/08\/1862\/1046\/australia-machete-disposal-bins.jpg?ve=1&amp;tl=1 2x\" height=\"523\" width=\"931\"><source media=\"(min-width: 1280px)\" srcset=\"https:\/\/a57.foxnews.com\/static.foxnews.com\/foxnews.com\/content\/uploads\/2025\/08\/720\/405\/australia-machete-disposal-bins.jpg?ve=1&amp;tl=1, https:\/\/a57.foxnews.com\/static.foxnews.com\/foxnews.com\/content\/uploads\/2025\/08\/1440\/810\/australia-machete-disposal-bins.jpg?ve=1&amp;tl=1 2x\" height=\"405\" width=\"720\"><img loading=\"lazy\" decoding=\"async\" src=\"https:\/\/a57.foxnews.com\/static.foxnews.com\/foxnews.com\/content\/uploads\/2025\/08\/1200\/675\/australia-machete-disposal-bins.jpg?ve=1&amp;tl=1\" alt=\"Funcionarios que inspeccionan un contenedor de eliminaci\u00f3n de seguridad de amnist\u00eda machete\" width=\"1200\" height=\"675\"\/><\/source><\/source><\/source><\/source><\/picture><\/div>\n<div class=\"info\">\n<div class=\"caption\">\n<p><span>El primer ministro victoriano Jacinta Allan y la ministra de Polic\u00eda Victoriana, Anthony Carbines, inspeccionan un contenedor de eliminaci\u00f3n de seguridad de amnist\u00eda machete durante un anuncio sobre la prohibici\u00f3n del machete del estado en la estaci\u00f3n de polic\u00eda de Melbourne West en Melbourne, Victoria, jueves 31 de julio de 2025.<br \/>\n<\/span> <span>(Imagen AAP\/Joel Carrett)<\/span><\/p>\n<\/div>\n<\/div>\n<\/div>\n<p>\u00abEstos cuchillos destruyen vidas, por lo que los estamos sacando de las calles\u00bb, dijo Jacinta Allan de Victoria Jacinta Allan en un comunicado.<\/p>\n<div class=\"image-ct inline\">\n<div class=\"m\"><picture><source media=\"(max-width: 767px)\" srcset=\"https:\/\/a57.foxnews.com\/static.foxnews.com\/foxnews.com\/content\/uploads\/2025\/08\/343\/192\/jacinta-allan.jpg?ve=1&amp;tl=1, https:\/\/a57.foxnews.com\/static.foxnews.com\/foxnews.com\/content\/uploads\/2025\/08\/686\/384\/jacinta-allan.jpg?ve=1&amp;tl=1 2x\" height=\"192\" width=\"343\"><source media=\"(min-width: 768px) and (max-width: 1023px)\" srcset=\"https:\/\/a57.foxnews.com\/static.foxnews.com\/foxnews.com\/content\/uploads\/2025\/08\/672\/378\/jacinta-allan.jpg?ve=1&amp;tl=1, https:\/\/a57.foxnews.com\/static.foxnews.com\/foxnews.com\/content\/uploads\/2025\/08\/1344\/756\/jacinta-allan.jpg?ve=1&amp;tl=1 2x\" height=\"378\" width=\"672\"><source media=\"(min-width: 1024px) and (max-width: 1279px)\" srcset=\"https:\/\/a57.foxnews.com\/static.foxnews.com\/foxnews.com\/content\/uploads\/2025\/08\/931\/523\/jacinta-allan.jpg?ve=1&amp;tl=1, https:\/\/a57.foxnews.com\/static.foxnews.com\/foxnews.com\/content\/uploads\/2025\/08\/1862\/1046\/jacinta-allan.jpg?ve=1&amp;tl=1 2x\" height=\"523\" width=\"931\"><source media=\"(min-width: 1280px)\" srcset=\"https:\/\/a57.foxnews.com\/static.foxnews.com\/foxnews.com\/content\/uploads\/2025\/08\/720\/405\/jacinta-allan.jpg?ve=1&amp;tl=1, https:\/\/a57.foxnews.com\/static.foxnews.com\/foxnews.com\/content\/uploads\/2025\/08\/1440\/810\/jacinta-allan.jpg?ve=1&amp;tl=1 2x\" height=\"405\" width=\"720\"><img loading=\"lazy\" decoding=\"async\" src=\"https:\/\/a57.foxnews.com\/static.foxnews.com\/foxnews.com\/content\/uploads\/2025\/08\/1200\/675\/jacinta-allan.jpg?ve=1&amp;tl=1\" alt=\"Premier de Victoria Jacinta Allan habla \" width=\"1200\" height=\"675\"\/><\/source><\/source><\/source><\/source><\/picture><\/div>\n<div class=\"info\">\n<div class=\"caption\">\n<p><span>El primer ministro de Victoria Jacinta Allan dijo que la polic\u00eda victoriana est\u00e1 sacando las armas de las calles para ayudar a proteger a la comunidad.<\/span> <span>(Asanka Ratnayake\/Getty Images para Cricket Australia, archivo)<\/span><\/p>\n<\/div>\n<\/div>\n<\/div>\n<p>La polic\u00eda de Victoria ha tomado un n\u00famero r\u00e9cord de cuchillos ilegales de las calles, promediando al menos 44 cuchillos al d\u00eda, inform\u00f3 Sky News Australia.<\/p>\n<div class=\"image-ct inline\">\n<div class=\"m\"><picture><source media=\"(max-width: 767px)\" srcset=\"https:\/\/a57.foxnews.com\/static.foxnews.com\/foxnews.com\/content\/uploads\/2025\/08\/343\/192\/australia-machetes-seized.jpg?ve=1&amp;tl=1, https:\/\/a57.foxnews.com\/static.foxnews.com\/foxnews.com\/content\/uploads\/2025\/08\/686\/384\/australia-machetes-seized.jpg?ve=1&amp;tl=1 2x\" height=\"192\" width=\"343\"><source media=\"(min-width: 768px) and (max-width: 1023px)\" srcset=\"https:\/\/a57.foxnews.com\/static.foxnews.com\/foxnews.com\/content\/uploads\/2025\/08\/672\/378\/australia-machetes-seized.jpg?ve=1&amp;tl=1, https:\/\/a57.foxnews.com\/static.foxnews.com\/foxnews.com\/content\/uploads\/2025\/08\/1344\/756\/australia-machetes-seized.jpg?ve=1&amp;tl=1 2x\" height=\"378\" width=\"672\"><source media=\"(min-width: 1024px) and (max-width: 1279px)\" srcset=\"https:\/\/a57.foxnews.com\/static.foxnews.com\/foxnews.com\/content\/uploads\/2025\/08\/931\/523\/australia-machetes-seized.jpg?ve=1&amp;tl=1, https:\/\/a57.foxnews.com\/static.foxnews.com\/foxnews.com\/content\/uploads\/2025\/08\/1862\/1046\/australia-machetes-seized.jpg?ve=1&amp;tl=1 2x\" height=\"523\" width=\"931\"><source media=\"(min-width: 1280px)\" srcset=\"https:\/\/a57.foxnews.com\/static.foxnews.com\/foxnews.com\/content\/uploads\/2025\/08\/720\/405\/australia-machetes-seized.jpg?ve=1&amp;tl=1, https:\/\/a57.foxnews.com\/static.foxnews.com\/foxnews.com\/content\/uploads\/2025\/08\/1440\/810\/australia-machetes-seized.jpg?ve=1&amp;tl=1 2x\" height=\"405\" width=\"720\"><img loading=\"lazy\" decoding=\"async\" src=\"https:\/\/a57.foxnews.com\/static.foxnews.com\/foxnews.com\/content\/uploads\/2025\/08\/1200\/675\/australia-machetes-seized.jpg?ve=1&amp;tl=1\" alt=\"Exhibici\u00f3n de cuchillos y machetes incautados por la polic\u00eda en Australia\" width=\"1200\" height=\"675\"\/><\/source><\/source><\/source><\/source><\/picture><\/div>\n<div class=\"info\">\n<div class=\"caption\">\n<p><span>Una exhibici\u00f3n de cuchillos y machetes incautados por la polic\u00eda en el sur de Australia el domingo 29 de junio de 2025.<\/span> <span>(Imagen de AAP\/suministrada por el gobierno australiano)<\/span><\/p>\n<\/div>\n<\/div>\n<\/div>\n<p>El ministro de la Polic\u00eda, Anthony Carbines, dijo que el gobierno est\u00e1 respaldando a la polic\u00eda de Victoria para sacar las armas de las manos de los j\u00f3venes para mantener a los ciudadanos seguros.<\/p>\n<p><strong>L\u00edder de MS-13 en la mira de Trump para ser sentenciado en un caso de extorsi\u00f3n que involucra a 8 asesinatos de Long Island<\/strong><\/p>\n<p>\u00abNuestro mensaje para cualquier persona con estas armas es simple: deshacerse de ellas o enfrentar las consecuencias\u00bb, dijo Carbines en un comunicado.<\/p>\n<p>Las exenciones para aquellos que pueden poseer un machete incluyen trabajadores agr\u00edcolas que los usan como parte de su trabajo, junto con machetes que se utilizan en una capacidad tradicional, hist\u00f3rica o cultural, seg\u00fan el gobierno. Las personas exentas deben cumplir con condiciones estrictas y ser capaces de demostrar elegibilidad si la polic\u00eda lo solicita.<\/p>\n<p><strong><u>Haga clic aqu\u00ed para obtener la aplicaci\u00f3n Fox News<\/u><\/strong><\/p>\n<p>El gobierno de Victoria dijo que ya hab\u00eda emitido una prohibici\u00f3n temporal de la venta de machetes en mayo, lo que result\u00f3 en que Amazon eliminara las armas para la compra de su sitio web. <\/p>\n<p> <!----> <\/div>\n\n","protected":false},"excerpt":{"rendered":"<p>NUEVO\u00a1Ahora puedes escuchar art\u00edculos de Fox News! Un estado australiano ha pedido a los ciudadanos que entreguen a los machetes en los contenedores de disposici\u00f3n antes de una prohibici\u00f3n estatal de las armas destinadas a combatir el crimen de cuchillo. El estado de Victoria de Australia anunci\u00f3 el jueves que m\u00e1s de 40 contenedores de &hellip;<\/p>\n","protected":false},"author":1,"featured_media":38763,"comment_status":"open","ping_status":"open","sticky":false,"template":"","format":"standard","meta":{"fifu_image_url":"https:\/\/static.foxnews.com\/foxnews.com\/content\/uploads\/2025\/08\/australia-machete-disposal-bins-display.jpg","fifu_image_alt":"","footnotes":""},"categories":[13],"tags":[],"class_list":["post-38761","post","type-post","status-publish","format-standard","has-post-thumbnail","","category-mundo"],"_links":{"self":[{"href":"https:\/\/noticiasveraces.com\/index.php?rest_route=\/wp\/v2\/posts\/38761","targetHints":{"allow":["GET"]}}],"collection":[{"href":"https:\/\/noticiasveraces.com\/index.php?rest_route=\/wp\/v2\/posts"}],"about":[{"href":"https:\/\/noticiasveraces.com\/index.php?rest_route=\/wp\/v2\/types\/post"}],"author":[{"embeddable":true,"href":"https:\/\/noticiasveraces.com\/index.php?rest_route=\/wp\/v2\/users\/1"}],"replies":[{"embeddable":true,"href":"https:\/\/noticiasveraces.com\/index.php?rest_route=%2Fwp%2Fv2%2Fcomments&post=38761"}],"version-history":[{"count":0,"href":"https:\/\/noticiasveraces.com\/index.php?rest_route=\/wp\/v2\/posts\/38761\/revisions"}],"wp:featuredmedia":[{"embeddable":true,"href":"https:\/\/noticiasveraces.com\/index.php?rest_route=\/wp\/v2\/media\/38763"}],"wp:attachment":[{"href":"https:\/\/noticiasveraces.com\/index.php?rest_route=%2Fwp%2Fv2%2Fmedia&parent=38761"}],"wp:term":[{"taxonomy":"category","embeddable":true,"href":"https:\/\/noticiasveraces.com\/index.php?rest_route=%2Fwp%2Fv2%2Fcategories&post=38761"},{"taxonomy":"post_tag","embeddable":true,"href":"https:\/\/noticiasveraces.com\/index.php?rest_route=%2Fwp%2Fv2%2Ftags&post=38761"}],"curies":[{"name":"wp","href":"https:\/\/api.w.org\/{rel}","templated":true}]}}