{"id":38755,"date":"2025-08-03T07:34:29","date_gmt":"2025-08-03T11:34:29","guid":{"rendered":"https:\/\/noticiasveraces.com\/?p=38755"},"modified":"2025-08-03T07:34:29","modified_gmt":"2025-08-03T11:34:29","slug":"el-grupo-cristiano-judio-envia-ayuda-mientras-las-minorias-enfrentan-ataques-militantes-mortales","status":"publish","type":"post","link":"https:\/\/noticiasveraces.com\/?p=38755","title":{"rendered":"El grupo cristiano-jud\u00edo env\u00eda ayuda mientras las minor\u00edas enfrentan ataques militantes mortales"},"content":{"rendered":"<p> \n<\/p>\n<div>\n<div id=\"beyondwords-wrapper\" class=\"beyondwords-wrapper\">\n<p><span class=\"label-bg\">NUEVO<\/span>\u00a1Ahora puedes escuchar art\u00edculos de Fox News!\n  <\/p>\n<\/div>\n<p class=\"speakable\">La comuni\u00f3n internacional de cristianos y jud\u00edos moviliz\u00f3 r\u00e1pidamente sus recursos en julio para ayudar a perseguirse a drusos sirios y cristianos que enfrentan lo que algunos han llamado un genocidio llevado a cabo por los yihadistas en el sur de Siria.<\/p>\n<p class=\"speakable\">Las fuerzas respaldadas por siria, incluidos los combatientes yihadistas, lanzaron ataques contra el druze sirio en la parte sur del pa\u00eds, lo que result\u00f3 en los asesinatos de<strong> <\/strong>Al menos 1.400 personas<strong>,<\/strong> Incluyendo a un sirio de 35 a\u00f1os de Oklahoma, Hosam Saraya, que estaba visitando a la familia en Siria. <\/p>\n<p>\u00abUna vez que vimos lo que estaba sucediendo en Sweida, no pudimos hacer la vista gorda\u00bb. El compa\u00f1ero internacional de los cristianos y el presidente de los jud\u00edos y CEO global, Yael Eckstein, dijo a Fox News Digital.<\/p>\n<p><strong>\u00bfQui\u00e9nes son los drusos? El grupo religioso ayuda a los miembros sirios bajo ataque islamista, los miembros israel\u00edes ofrecen apoyo<\/strong><\/p>\n<div class=\"image-ct inline\">\n<div class=\"m\"><picture><source media=\"(max-width: 767px)\" srcset=\"https:\/\/a57.foxnews.com\/static.foxnews.com\/foxnews.com\/content\/uploads\/2025\/07\/343\/192\/syrian-forces-druze.jpg?ve=1&amp;tl=1, https:\/\/a57.foxnews.com\/static.foxnews.com\/foxnews.com\/content\/uploads\/2025\/07\/686\/384\/syrian-forces-druze.jpg?ve=1&amp;tl=1 2x\" height=\"192\" width=\"343\"><source media=\"(min-width: 768px) and (max-width: 1023px)\" srcset=\"https:\/\/a57.foxnews.com\/static.foxnews.com\/foxnews.com\/content\/uploads\/2025\/07\/672\/378\/syrian-forces-druze.jpg?ve=1&amp;tl=1, https:\/\/a57.foxnews.com\/static.foxnews.com\/foxnews.com\/content\/uploads\/2025\/07\/1344\/756\/syrian-forces-druze.jpg?ve=1&amp;tl=1 2x\" height=\"378\" width=\"672\"><source media=\"(min-width: 1024px) and (max-width: 1279px)\" srcset=\"https:\/\/a57.foxnews.com\/static.foxnews.com\/foxnews.com\/content\/uploads\/2025\/07\/931\/523\/syrian-forces-druze.jpg?ve=1&amp;tl=1, https:\/\/a57.foxnews.com\/static.foxnews.com\/foxnews.com\/content\/uploads\/2025\/07\/1862\/1046\/syrian-forces-druze.jpg?ve=1&amp;tl=1 2x\" height=\"523\" width=\"931\"><source media=\"(min-width: 1280px)\" srcset=\"https:\/\/a57.foxnews.com\/static.foxnews.com\/foxnews.com\/content\/uploads\/2025\/07\/720\/405\/syrian-forces-druze.jpg?ve=1&amp;tl=1, https:\/\/a57.foxnews.com\/static.foxnews.com\/foxnews.com\/content\/uploads\/2025\/07\/1440\/810\/syrian-forces-druze.jpg?ve=1&amp;tl=1 2x\" height=\"405\" width=\"720\"><img loading=\"lazy\" decoding=\"async\" src=\"https:\/\/a57.foxnews.com\/static.foxnews.com\/foxnews.com\/content\/uploads\/2025\/07\/1200\/675\/syrian-forces-druze.jpg?ve=1&amp;tl=1\" alt=\"fuerzas de seguridad\" width=\"1200\" height=\"675\"\/><\/source><\/source><\/source><\/source><\/picture><\/div>\n<div class=\"info\">\n<div class=\"caption\">\n<p><span>Las fuerzas de seguridad sirias caminan juntas a lo largo de una calle despu\u00e9s de enfrentamientos entre las tropas del gobierno sirio y los combatientes de drusos locales se reanudaron en la ciudad de Sweida del sur de Sweida el 16 de julio de 2025. <\/span> <span>(Reuters\/Karam al-Masri)<\/span><\/p>\n<\/div>\n<\/div>\n<\/div>\n<p>Su organizaci\u00f3n, se\u00f1al\u00f3, nunca hab\u00eda operado en Siria antes de este a\u00f1o, pero dijo que su organizaci\u00f3n \u00abrecibi\u00f3 una llamada urgente de un hospital de Sweida, y necesitaban medicamentos b\u00e1sicos, atenci\u00f3n quir\u00fargica, medicina y equipo de la UCI, equipos de primera respuesta y m\u00e1scaras para trabajadores de la morgue\u00bb.<\/p>\n<p>La beca coordin\u00f3 con las Fuerzas de Defensa de Israel (FDI) para entregar medicina y equipo a Sweida. Eckstein dijo que su grupo suministr\u00f3 \u00abambulancias israel\u00ed retiradas a Siria para que los lugare\u00f1os puedan operarlos\u00bb.<\/p>\n<p>La mayor\u00eda de la ciudad de Sweida de Druze fue un punto focal del asedio ejecutado por los islamistas sirios leales al nuevo presidente Ahmed Al-Sharaa, un ex miembro de los movimientos terroristas designados por Estados Unidos, Al Qaeda y el Estado Isl\u00e1mico. <\/p>\n<p>Seg\u00fan Christian Broadcasting Network, los cristianos tambi\u00e9n fueron atacados. Seg\u00fan los informes, los islamistas asesinaron a Khaled Mazhar, pastor de la Iglesia Evang\u00e9lica del Buen Pastor en Sweida, junto con 11 miembros de la familia. Una persona adicional sobrevivi\u00f3 a la masacre de cristianos porque los islamistas pensaron que estaba muerta.<\/p>\n<p><strong>\u00bfQui\u00e9nes son los drusos? El grupo religioso ayuda a los miembros sirios bajo ataque islamista, los miembros israel\u00edes ofrecen apoyo<\/strong><\/p>\n<div class=\"image-ct inline\">\n<div class=\"m\"><picture><source media=\"(max-width: 767px)\" srcset=\"https:\/\/a57.foxnews.com\/static.foxnews.com\/foxnews.com\/content\/uploads\/2025\/07\/343\/192\/icj-medical-equipment-to-christians-and-druze-in-syria_03_20250623._14806956-scaled.jpg?ve=1&amp;tl=1, https:\/\/a57.foxnews.com\/static.foxnews.com\/foxnews.com\/content\/uploads\/2025\/07\/686\/384\/icj-medical-equipment-to-christians-and-druze-in-syria_03_20250623._14806956-scaled.jpg?ve=1&amp;tl=1 2x\" height=\"192\" width=\"343\"><source media=\"(min-width: 768px) and (max-width: 1023px)\" srcset=\"https:\/\/a57.foxnews.com\/static.foxnews.com\/foxnews.com\/content\/uploads\/2025\/07\/672\/378\/icj-medical-equipment-to-christians-and-druze-in-syria_03_20250623._14806956-scaled.jpg?ve=1&amp;tl=1, https:\/\/a57.foxnews.com\/static.foxnews.com\/foxnews.com\/content\/uploads\/2025\/07\/1344\/756\/icj-medical-equipment-to-christians-and-druze-in-syria_03_20250623._14806956-scaled.jpg?ve=1&amp;tl=1 2x\" height=\"378\" width=\"672\"><source media=\"(min-width: 1024px) and (max-width: 1279px)\" srcset=\"https:\/\/a57.foxnews.com\/static.foxnews.com\/foxnews.com\/content\/uploads\/2025\/07\/931\/523\/icj-medical-equipment-to-christians-and-druze-in-syria_03_20250623._14806956-scaled.jpg?ve=1&amp;tl=1, https:\/\/a57.foxnews.com\/static.foxnews.com\/foxnews.com\/content\/uploads\/2025\/07\/1862\/1046\/icj-medical-equipment-to-christians-and-druze-in-syria_03_20250623._14806956-scaled.jpg?ve=1&amp;tl=1 2x\" height=\"523\" width=\"931\"><source media=\"(min-width: 1280px)\" srcset=\"https:\/\/a57.foxnews.com\/static.foxnews.com\/foxnews.com\/content\/uploads\/2025\/07\/720\/405\/icj-medical-equipment-to-christians-and-druze-in-syria_03_20250623._14806956-scaled.jpg?ve=1&amp;tl=1, https:\/\/a57.foxnews.com\/static.foxnews.com\/foxnews.com\/content\/uploads\/2025\/07\/1440\/810\/icj-medical-equipment-to-christians-and-druze-in-syria_03_20250623._14806956-scaled.jpg?ve=1&amp;tl=1 2x\" height=\"405\" width=\"720\"><img loading=\"lazy\" decoding=\"async\" src=\"https:\/\/a57.foxnews.com\/static.foxnews.com\/foxnews.com\/content\/uploads\/2025\/07\/1200\/675\/icj-medical-equipment-to-christians-and-druze-in-syria_03_20250623._14806956-scaled.jpg?ve=1&amp;tl=1\" alt=\"entrega de ayuda \" width=\"1200\" height=\"675\"\/><\/source><\/source><\/source><\/source><\/picture><\/div>\n<div class=\"info\">\n<div class=\"caption\">\n<p><span>La comuni\u00f3n internacional de cristianos y jud\u00edos, el grupo filantr\u00f3pico m\u00e1s grande de Israel, envi\u00f3 ayuda a la comunidad druse de Siria en medio de la persecuci\u00f3n y los ataques de los militantes isl\u00e1micos.<\/span> <span>(La comuni\u00f3n internacional de cristianos y jud\u00edos)<\/span><\/p>\n<\/div>\n<\/div>\n<\/div>\n<p>En julio, Israel lanz\u00f3 ataques militares contra las fuerzas en gran parte beduina en su camino hacia la ciudad sur de Sweida para detener la masacre. Israel tambi\u00e9n atac\u00f3 la sede de la defensa siria en Damasco para detener el derramamiento de sangre en Sweida. Eckstein agreg\u00f3 que al menos \u00ab26 pueblos drusos estaban completamente quemados\u00bb.<\/p>\n<p>Desde la entrevista de Fox News Digital con Eckstein, el Observatorio Sirio de Derechos Humanos inform\u00f3 en \u00abal menos 30 pueblos fueron da\u00f1ados por el incendio premiado y la destrucci\u00f3n\u00bb.<\/p>\n<p>Eckstein dijo que la beca brind\u00f3 ayuda por primera vez en Siria en abril cuando Druze en Siria fue atacada y asesinada. <\/p>\n<p>\u00abCuando proporcionamos 1,500 cajas de alimentos al druso a los 13 kil\u00f3metros de las fronteras de Israel despu\u00e9s de la masacre en abril, dos d\u00edas despu\u00e9s los islamistas quemaron cajas de la comuni\u00f3n\u00bb, Eckstein Sid. <\/p>\n<p>Israel y Siria no tienen relaciones diplom\u00e1ticas. Siria se considera un estado enemigo porque ha lanzado m\u00faltiples guerras contra Israel desde el renacimiento del estado jud\u00edo en 1948. <\/p>\n<p>Eckstein dijo que la comuni\u00f3n est\u00e1 \u00aboperando en territorio enemigo, y los jud\u00edos y los cristianos brindan ayuda para salvar vidas. A los islamistas no les gusta. Nos gustar\u00eda ver que es de inter\u00e9s del gobierno sirio recibir ayuda y esperanza de que se traiga m\u00e1s bondad a Siria.<\/p>\n<p>\u00abAhora, el pueblo jud\u00edo est\u00e1 de pie con cristianos que est\u00e1n siendo perseguidos en Siria. Es realmente importante destacar que este es un caso de bien versus mal y no solo se limita a Siria. Es importante que los jud\u00edos y los cristianos se unan con respecto a los valores judeocristianos que santifican la vida\u00bb. <\/p>\n<div class=\"image-ct inline\">\n<div class=\"m\"><picture><source media=\"(max-width: 767px)\" srcset=\"https:\/\/a57.foxnews.com\/static.foxnews.com\/foxnews.com\/content\/uploads\/2025\/07\/343\/192\/icj-syria-aid-.jpg?ve=1&amp;tl=1, https:\/\/a57.foxnews.com\/static.foxnews.com\/foxnews.com\/content\/uploads\/2025\/07\/686\/384\/icj-syria-aid-.jpg?ve=1&amp;tl=1 2x\" height=\"192\" width=\"343\"><source media=\"(min-width: 768px) and (max-width: 1023px)\" srcset=\"https:\/\/a57.foxnews.com\/static.foxnews.com\/foxnews.com\/content\/uploads\/2025\/07\/672\/378\/icj-syria-aid-.jpg?ve=1&amp;tl=1, https:\/\/a57.foxnews.com\/static.foxnews.com\/foxnews.com\/content\/uploads\/2025\/07\/1344\/756\/icj-syria-aid-.jpg?ve=1&amp;tl=1 2x\" height=\"378\" width=\"672\"><source media=\"(min-width: 1024px) and (max-width: 1279px)\" srcset=\"https:\/\/a57.foxnews.com\/static.foxnews.com\/foxnews.com\/content\/uploads\/2025\/07\/931\/523\/icj-syria-aid-.jpg?ve=1&amp;tl=1, https:\/\/a57.foxnews.com\/static.foxnews.com\/foxnews.com\/content\/uploads\/2025\/07\/1862\/1046\/icj-syria-aid-.jpg?ve=1&amp;tl=1 2x\" height=\"523\" width=\"931\"><source media=\"(min-width: 1280px)\" srcset=\"https:\/\/a57.foxnews.com\/static.foxnews.com\/foxnews.com\/content\/uploads\/2025\/07\/720\/405\/icj-syria-aid-.jpg?ve=1&amp;tl=1, https:\/\/a57.foxnews.com\/static.foxnews.com\/foxnews.com\/content\/uploads\/2025\/07\/1440\/810\/icj-syria-aid-.jpg?ve=1&amp;tl=1 2x\" height=\"405\" width=\"720\"><img loading=\"lazy\" decoding=\"async\" src=\"https:\/\/a57.foxnews.com\/static.foxnews.com\/foxnews.com\/content\/uploads\/2025\/07\/1200\/675\/icj-syria-aid-.jpg?ve=1&amp;tl=1\" alt=\"entregas de ayuda \" width=\"1200\" height=\"675\"\/><\/source><\/source><\/source><\/source><\/picture><\/div>\n<div class=\"info\">\n<div class=\"caption\">\n<p><span>La comuni\u00f3n internacional de cristianos y jud\u00edos entreg\u00f3 ayuda a Druze, Christian y otras minor\u00edas afectadas por ataques recientes. Los camiones entraron a trav\u00e9s de la frontera de Israel con Siria.<\/span> <span>(La comuni\u00f3n internacional de cristianos y jud\u00edos)<\/span><\/p>\n<\/div>\n<\/div>\n<\/div>\n<p><strong>Trump firma la orden de elevaci\u00f3n de las sanciones a Siria<\/strong><\/p>\n<p>Safwan Marich de la comunidad de drusos israel\u00ed dirige el centro de respuesta de emergencia de la beca y le dijo a Fox News Digital que, en la regi\u00f3n de Sweida, \u00abTyhere es un genocidio.<\/p>\n<p>\u00abUna vez que regresen los residentes de la aldea desierta, comprender\u00e1n la magnitud del desastre. Las mujeres fueron secuestradas por las yihadas y los ni\u00f1os fueron secuestrados y desaparecidos\u00bb.<\/p>\n<p>Marich ha estado en contacto con su compa\u00f1ero Druze en Siria.<\/p>\n<p>\u00abEsta guerra es religiosa en esencia\u00bb, dijo. \u00abHay un video de Daesh [Islamic State] Ir a uno de los pueblos preguntando: \u00ab\u00bfEres un drusel o sunita?\u00bb Y \u00e9l respondi\u00f3 que \u00e9l es sirio. Le pregunt\u00f3 nuevamente, por lo que respondi\u00f3 a Druze, y le dispararon en el medio de la calle. Es obvio que hay una motivaci\u00f3n religiosa detr\u00e1s de este evento.<\/p>\n<p>\u00abEs importante para m\u00ed ayudar a los drusos porque, en primer lugar, soy un druso. El pueblo druso no es agresivo y hostil, pero no se sentar\u00e1n de manera inalcanzada cuando sean atacados. Tenemos en la tradici\u00f3n druse un mandamiento para ayudar a nuestros hermanos. Para ayudar a ayudar a la comunidad de druze donde sea que pueda estar en el mundo.<\/p>\n<div class=\"image-ct inline\">\n<div class=\"m\"><picture><source media=\"(max-width: 767px)\" srcset=\"https:\/\/a57.foxnews.com\/static.foxnews.com\/foxnews.com\/content\/uploads\/2025\/05\/343\/192\/dc08202f-fa400adc-syria-interim-president--scaled.jpg?ve=1&amp;tl=1, https:\/\/a57.foxnews.com\/static.foxnews.com\/foxnews.com\/content\/uploads\/2025\/05\/686\/384\/dc08202f-fa400adc-syria-interim-president--scaled.jpg?ve=1&amp;tl=1 2x\" height=\"192\" width=\"343\"><source media=\"(min-width: 768px) and (max-width: 1023px)\" srcset=\"https:\/\/a57.foxnews.com\/static.foxnews.com\/foxnews.com\/content\/uploads\/2025\/05\/672\/378\/dc08202f-fa400adc-syria-interim-president--scaled.jpg?ve=1&amp;tl=1, https:\/\/a57.foxnews.com\/static.foxnews.com\/foxnews.com\/content\/uploads\/2025\/05\/1344\/756\/dc08202f-fa400adc-syria-interim-president--scaled.jpg?ve=1&amp;tl=1 2x\" height=\"378\" width=\"672\"><source media=\"(min-width: 1024px) and (max-width: 1279px)\" srcset=\"https:\/\/a57.foxnews.com\/static.foxnews.com\/foxnews.com\/content\/uploads\/2025\/05\/931\/523\/dc08202f-fa400adc-syria-interim-president--scaled.jpg?ve=1&amp;tl=1, https:\/\/a57.foxnews.com\/static.foxnews.com\/foxnews.com\/content\/uploads\/2025\/05\/1862\/1046\/dc08202f-fa400adc-syria-interim-president--scaled.jpg?ve=1&amp;tl=1 2x\" height=\"523\" width=\"931\"><source media=\"(min-width: 1280px)\" srcset=\"https:\/\/a57.foxnews.com\/static.foxnews.com\/foxnews.com\/content\/uploads\/2025\/05\/720\/405\/dc08202f-fa400adc-syria-interim-president--scaled.jpg?ve=1&amp;tl=1, https:\/\/a57.foxnews.com\/static.foxnews.com\/foxnews.com\/content\/uploads\/2025\/05\/1440\/810\/dc08202f-fa400adc-syria-interim-president--scaled.jpg?ve=1&amp;tl=1 2x\" height=\"405\" width=\"720\"><img loading=\"lazy\" decoding=\"async\" src=\"https:\/\/a57.foxnews.com\/static.foxnews.com\/foxnews.com\/content\/uploads\/2025\/05\/1200\/675\/dc08202f-fa400adc-syria-interim-president--scaled.jpg?ve=1&amp;tl=1\" alt=\"Ahmad al-sharaa\" width=\"1200\" height=\"675\"\/><\/source><\/source><\/source><\/source><\/picture><\/div>\n<div class=\"info\">\n<div class=\"caption\">\n<p><span>El presidente turco, Recep Tayyip Erdogan (no visto) y el presidente interino sirio Ahmed Al-Sharaa celebran una conferencia de prensa despu\u00e9s de su reuni\u00f3n en el complejo presidencial en Ankara, Turqu\u00eda, el 4 de febrero de 2025.<\/span> <span>(Mehmet Ali Ozcan\/Anadolu a trav\u00e9s de Getty Images)<\/span><\/p>\n<\/div>\n<\/div>\n<\/div>\n<p>Marich tambi\u00e9n se\u00f1al\u00f3 que es israel\u00ed, y el otro d\u00eda un oficial de druso fue asesinado en Gaza. Doce oficiales de la comunidad Druze han sido asesinados en Gaza desde que comenz\u00f3 la guerra.<\/p>\n<p><strong>Haga clic aqu\u00ed para obtener la aplicaci\u00f3n Fox News<\/strong><strong> <\/strong><\/p>\n<p>\u00abMurieron defendiendo a Israel y al pueblo jud\u00edo. Tenemos una expectativa de que la sociedad israel\u00ed vendr\u00e1 y respalda a la comunidad druse, por lo que podemos defender a nuestros hermanos en Siria. El estado de Israel no puede permitirse tener Daesh en sus fronteras y en las alturas de Golan\u00bb. <\/p>\n<p>Se\u00f1al\u00f3 el ejemplo de Hamas en la frontera y su crecimiento como un peligro militar a lo largo de los a\u00f1os como una advertencia sobre los islamistas radicales que ganan un punto de apoyo en la frontera siria-israel\u00ed.<\/p>\n<p> <!----> <\/p>\n<div class=\"article-meta\">\n<div class=\"author-bio\">\n<p>Benjamin Weinthal informa sobre Israel, Ir\u00e1n, Siria, Turqu\u00eda y Europa. Puede seguir a Benjamin en Twitter @benweinthal y enviarle un correo electr\u00f3nico a benjamin.weinthal@fox.com<\/p>\n<\/div>\n<\/div>\n<\/div>\n\n","protected":false},"excerpt":{"rendered":"<p>NUEVO\u00a1Ahora puedes escuchar art\u00edculos de Fox News! La comuni\u00f3n internacional de cristianos y jud\u00edos moviliz\u00f3 r\u00e1pidamente sus recursos en julio para ayudar a perseguirse a drusos sirios y cristianos que enfrentan lo que algunos han llamado un genocidio llevado a cabo por los yihadistas en el sur de Siria. Las fuerzas respaldadas por siria, incluidos &hellip;<\/p>\n","protected":false},"author":1,"featured_media":38757,"comment_status":"open","ping_status":"open","sticky":false,"template":"","format":"standard","meta":{"fifu_image_url":"https:\/\/static.foxnews.com\/foxnews.com\/content\/uploads\/2025\/07\/syrian-forces-druze.jpg","fifu_image_alt":"","footnotes":""},"categories":[13],"tags":[],"class_list":["post-38755","post","type-post","status-publish","format-standard","has-post-thumbnail","","category-mundo"],"_links":{"self":[{"href":"https:\/\/noticiasveraces.com\/index.php?rest_route=\/wp\/v2\/posts\/38755","targetHints":{"allow":["GET"]}}],"collection":[{"href":"https:\/\/noticiasveraces.com\/index.php?rest_route=\/wp\/v2\/posts"}],"about":[{"href":"https:\/\/noticiasveraces.com\/index.php?rest_route=\/wp\/v2\/types\/post"}],"author":[{"embeddable":true,"href":"https:\/\/noticiasveraces.com\/index.php?rest_route=\/wp\/v2\/users\/1"}],"replies":[{"embeddable":true,"href":"https:\/\/noticiasveraces.com\/index.php?rest_route=%2Fwp%2Fv2%2Fcomments&post=38755"}],"version-history":[{"count":0,"href":"https:\/\/noticiasveraces.com\/index.php?rest_route=\/wp\/v2\/posts\/38755\/revisions"}],"wp:featuredmedia":[{"embeddable":true,"href":"https:\/\/noticiasveraces.com\/index.php?rest_route=\/wp\/v2\/media\/38757"}],"wp:attachment":[{"href":"https:\/\/noticiasveraces.com\/index.php?rest_route=%2Fwp%2Fv2%2Fmedia&parent=38755"}],"wp:term":[{"taxonomy":"category","embeddable":true,"href":"https:\/\/noticiasveraces.com\/index.php?rest_route=%2Fwp%2Fv2%2Fcategories&post=38755"},{"taxonomy":"post_tag","embeddable":true,"href":"https:\/\/noticiasveraces.com\/index.php?rest_route=%2Fwp%2Fv2%2Ftags&post=38755"}],"curies":[{"name":"wp","href":"https:\/\/api.w.org\/{rel}","templated":true}]}}