{"id":38753,"date":"2025-08-03T06:51:10","date_gmt":"2025-08-03T10:51:10","guid":{"rendered":"https:\/\/noticiasveraces.com\/?p=38753"},"modified":"2025-08-03T06:51:10","modified_gmt":"2025-08-03T10:51:10","slug":"quien-lo-imaginaria-este-era-el-precio-de-luis-diaz-cuando-jugaba-en-barranquilla-curiosidades-de-futbol","status":"publish","type":"post","link":"https:\/\/noticiasveraces.com\/?p=38753","title":{"rendered":"Qui\u00e9n lo imaginar\u00eda: este era el precio de Luis D\u00edaz cuando jugaba en Barranquilla | Curiosidades de f\u00fatbol"},"content":{"rendered":"<p> \n<\/p>\n<div id=\"cuerpoArticulo\">\n<p class=\"texto intro\" id=\"p252630-m552-551-553\">La carrera de Luis D\u00edaz dio un giro importante tras oficializarse su llegada al Bayern M\u00fanich, equipo donde el guajiro ya se siente como en casa. Sin embargo, para poder llegar hasta este momento, el colombiano tuvo que atravesar caminos dificultosos dentro del mundo del f\u00fatbol y es que en sus inicios, <b>su precio era de risa: s\u00f3lo 75 mil euros cuando jugaba para Barranquilla FC<\/b>.<\/p>\n<p class=\"texto contenido-parrafo-articulo\" id=\"p252630-m570-2-571\">El ex Liverpool se form\u00f3 en la cantera de Barranquilla FC, equipo que en la actualidad disputa la Segunda Divisi\u00f3n de Colombia. El 15 de mayo de 2016 marc\u00f3 su primer gol como jugador profesional ante Deportivo C\u00facuta y a partir de all\u00ed, su carrera comenz\u00f3 a repuntar. Tal es as\u00ed que <b>en el a\u00f1o 2017, Junior de Barranquilla apost\u00f3 por \u00e9l y se lo adue\u00f1\u00f3<\/b>. En la actualidad, Luis D\u00edaz goza de varios lujos como manejar un Audi en Alemania.<\/p>\n<div class=\"fotografia caja-articulo\" id=\"p252630-m576-3-577\">\n<div class=\"imagen-cuerpo-bk\">\n<figure itemscope=\"\" itemtype=\"https:\/\/schema.org\/ImageObject\" itemprop=\"image\" id=\"m581-580-582\" class=\"foto-galeria-articulo imagen-articulo foto-texto-articulo-galeria\"><img decoding=\"async\" alt=\"Luis D\u00edaz en entrenamiento con Bayern M\u00fanich\" src=\"data:image\/png;base64,iVBORw0KGgoAAAANSUhEUgAAAAEAAAABCAQAAAC1HAwCAAAAC0lEQVR42mP8\/x0AAvsB+DlKarAAAAAASUVORK5CYII=\" style=\" display: inline;\" data-original=\"\/files\/article_content\/uploads\/2025\/07\/31\/688b88de0b4a5.jpeg\"\/><meta itemprop=\"width\" content=\"600\"\/><meta itemprop=\"height\" content=\"450\"\/> <meta itemprop=\"url\" content=\"https:\/\/www.futbolred.com\/files\/article_content\/uploads\/2025\/07\/31\/688b88de0b4a5.jpeg\"\/><\/figure>\n<\/div>\n<div class=\"figcaption-cuerpo-bk credito-image-bk\"><figcaption class=\"foto-info\">\n<div class=\"titulo-foto-bk\">\n<p id=\"m588-1-589\" class=\"titulo pie-de-foto\">Luis D\u00edaz en entrenamiento con Bayern M\u00fanich<\/p>\n<\/div>\n<p class=\"credito\">\n                            <span class=\"linea pre_credito\">Foto:<\/span><\/p>\n<p>                        <span id=\"m594-2-595\" class=\"autor\">AFP<\/span><\/p>\n<\/figcaption><\/div>\n<\/p><\/div>\n<p>                                                    <span class=\"articulo-subtitulo subtitulo2 espacio-contenido\" id=\"p252630-m602-4-603\">\u00bfC\u00f3mo evolucion\u00f3 el valor de mercado de Luis D\u00edaz?<\/span><\/p>\n<p class=\"texto contenido-parrafo-articulo\" id=\"p252630-m608-5-609\"><b>Tras fichar por Junior, su precio se elev\u00f3 a los 100 mil euros<\/b>pero a\u00fan segu\u00eda siendo muy poco. Sin embargo, tras dos a\u00f1os en el \u2018Tibur\u00f3n\u2019, el guajiro se revaloriz\u00f3 y aument\u00f3 el valor de su ficha a 2 millones de euros, seg\u00fan <i>Mercado de transferencia<\/i>. <b>En 2019 lo fich\u00f3 el Porto a cambio de 7 millones de euros, su nuevo valor en el mercado<\/b>.<\/p>\n<p class=\"texto contenido-parrafo-articulo\" id=\"p252630-m659-7-660\">Su nivel en Portugal fue descomunal, a tal punto que en 2021 alcanz\u00f3 a valer 25 millones de euros. Su gran rendimiento en Europa hizo que un gigante del continente como lo es Liverpool se fijara en \u00e9l, <b>pagando casi 50 millones de euros por su pase en el a\u00f1o 2022<\/b>. En 2024 alcanz\u00f3 su punto m\u00e1ximo llegando a costar 85 millones y <b>hoy, tras fichar por el Bayern M\u00fanich, el precio de D\u00edaz se estableci\u00f3 en 70 millones de euros<\/b>.<\/p>\n<p>                                                    <span class=\"articulo-subtitulo subtitulo2 espacio-contenido\" id=\"p252630-m665-8-666\">\u00bfCu\u00e1les son los n\u00fameros de Luis D\u00edaz en toda su carrera?<br \/><\/span><\/p>\n<p class=\"texto contenido-parrafo-articulo\" id=\"p252630-m671-9-672\"><b>El extremo surgido de Barranquilla acumula 421 partidos jugados como jugador profesional<\/b> desde su debut en 2016. En ellos, ha logrado marcar 105 goles y repartir 52 asistencias, siendo n\u00fameros bastantes destacados para un jugador que suele jugar por la banda. Ahora, en Alemania, buscar\u00e1 encontrarse con su mejor versi\u00f3n.<\/p>\n<\/p><\/div>\n\n","protected":false},"excerpt":{"rendered":"<p>La carrera de Luis D\u00edaz dio un giro importante tras oficializarse su llegada al Bayern M\u00fanich, equipo donde el guajiro ya se siente como en casa. Sin embargo, para poder llegar hasta este momento, el colombiano tuvo que atravesar caminos dificultosos dentro del mundo del f\u00fatbol y es que en sus inicios, su precio era &hellip;<\/p>\n","protected":false},"author":1,"featured_media":38754,"comment_status":"open","ping_status":"open","sticky":false,"template":"","format":"standard","meta":{"fifu_image_url":"https:\/\/www.futbolred.com\/files\/og_thumbnail\/uploads\/2025\/07\/31\/688be8b44f43a.png","fifu_image_alt":"","footnotes":""},"categories":[6],"tags":[],"class_list":["post-38753","post","type-post","status-publish","format-standard","has-post-thumbnail","","category-deportes"],"_links":{"self":[{"href":"https:\/\/noticiasveraces.com\/index.php?rest_route=\/wp\/v2\/posts\/38753","targetHints":{"allow":["GET"]}}],"collection":[{"href":"https:\/\/noticiasveraces.com\/index.php?rest_route=\/wp\/v2\/posts"}],"about":[{"href":"https:\/\/noticiasveraces.com\/index.php?rest_route=\/wp\/v2\/types\/post"}],"author":[{"embeddable":true,"href":"https:\/\/noticiasveraces.com\/index.php?rest_route=\/wp\/v2\/users\/1"}],"replies":[{"embeddable":true,"href":"https:\/\/noticiasveraces.com\/index.php?rest_route=%2Fwp%2Fv2%2Fcomments&post=38753"}],"version-history":[{"count":0,"href":"https:\/\/noticiasveraces.com\/index.php?rest_route=\/wp\/v2\/posts\/38753\/revisions"}],"wp:featuredmedia":[{"embeddable":true,"href":"https:\/\/noticiasveraces.com\/index.php?rest_route=\/wp\/v2\/media\/38754"}],"wp:attachment":[{"href":"https:\/\/noticiasveraces.com\/index.php?rest_route=%2Fwp%2Fv2%2Fmedia&parent=38753"}],"wp:term":[{"taxonomy":"category","embeddable":true,"href":"https:\/\/noticiasveraces.com\/index.php?rest_route=%2Fwp%2Fv2%2Fcategories&post=38753"},{"taxonomy":"post_tag","embeddable":true,"href":"https:\/\/noticiasveraces.com\/index.php?rest_route=%2Fwp%2Fv2%2Ftags&post=38753"}],"curies":[{"name":"wp","href":"https:\/\/api.w.org\/{rel}","templated":true}]}}