{"id":38734,"date":"2025-08-03T04:28:30","date_gmt":"2025-08-03T08:28:30","guid":{"rendered":"https:\/\/noticiasveraces.com\/?p=38734"},"modified":"2025-08-03T04:28:30","modified_gmt":"2025-08-03T08:28:30","slug":"argentina-milei-confirma-el-veto-al-aumento-de-las-pensiones-aprobado-por-el-legislativo","status":"publish","type":"post","link":"https:\/\/noticiasveraces.com\/?p=38734","title":{"rendered":"Argentina: Milei confirma el veto al aumento de las pensiones aprobado por el Legislativo"},"content":{"rendered":"<p> \n<br \/><img decoding=\"async\" src=\"https:\/\/s.france24.com\/media\/display\/ad93d452-6fe5-11f0-9639-005056a97e36\/w:1024\/p:16x9\/AP25156848426492.jpg\" \/><br \/>Seg\u00fan medios locales, el presidente de Argentina, Javier Milei, firm\u00f3 el veto contra los proyectos legislativos del aumento de las pensiones y la mejora de las condiciones econ\u00f3micas de las personas en condici\u00f3n de discapacidad. La oposici\u00f3n critic\u00f3 la decisi\u00f3n del Ejecutivo y anunci\u00f3 que dar\u00e1 la batalla en las dos c\u00e1maras del Congreso para aprobar las dos iniciativas.<br \/>\n<br \/>\n","protected":false},"excerpt":{"rendered":"<p>Seg\u00fan medios locales, el presidente de Argentina, Javier Milei, firm\u00f3 el veto contra los proyectos legislativos del aumento de las pensiones y la mejora de las condiciones econ\u00f3micas de las personas en condici\u00f3n de discapacidad. La oposici\u00f3n critic\u00f3 la decisi\u00f3n del Ejecutivo y anunci\u00f3 que dar\u00e1 la batalla en las dos c\u00e1maras del Congreso para &hellip;<\/p>\n","protected":false},"author":1,"featured_media":38736,"comment_status":"open","ping_status":"open","sticky":false,"template":"","format":"standard","meta":{"fifu_image_url":"https:\/\/s.france24.com\/media\/display\/ad93d452-6fe5-11f0-9639-005056a97e36\/w:1024\/p:16x9\/AP25156848426492.jpg","fifu_image_alt":"","footnotes":""},"categories":[13],"tags":[],"class_list":["post-38734","post","type-post","status-publish","format-standard","has-post-thumbnail","","category-mundo"],"_links":{"self":[{"href":"https:\/\/noticiasveraces.com\/index.php?rest_route=\/wp\/v2\/posts\/38734","targetHints":{"allow":["GET"]}}],"collection":[{"href":"https:\/\/noticiasveraces.com\/index.php?rest_route=\/wp\/v2\/posts"}],"about":[{"href":"https:\/\/noticiasveraces.com\/index.php?rest_route=\/wp\/v2\/types\/post"}],"author":[{"embeddable":true,"href":"https:\/\/noticiasveraces.com\/index.php?rest_route=\/wp\/v2\/users\/1"}],"replies":[{"embeddable":true,"href":"https:\/\/noticiasveraces.com\/index.php?rest_route=%2Fwp%2Fv2%2Fcomments&post=38734"}],"version-history":[{"count":0,"href":"https:\/\/noticiasveraces.com\/index.php?rest_route=\/wp\/v2\/posts\/38734\/revisions"}],"wp:featuredmedia":[{"embeddable":true,"href":"https:\/\/noticiasveraces.com\/index.php?rest_route=\/wp\/v2\/media\/38736"}],"wp:attachment":[{"href":"https:\/\/noticiasveraces.com\/index.php?rest_route=%2Fwp%2Fv2%2Fmedia&parent=38734"}],"wp:term":[{"taxonomy":"category","embeddable":true,"href":"https:\/\/noticiasveraces.com\/index.php?rest_route=%2Fwp%2Fv2%2Fcategories&post=38734"},{"taxonomy":"post_tag","embeddable":true,"href":"https:\/\/noticiasveraces.com\/index.php?rest_route=%2Fwp%2Fv2%2Ftags&post=38734"}],"curies":[{"name":"wp","href":"https:\/\/api.w.org\/{rel}","templated":true}]}}