{"id":38700,"date":"2025-08-02T23:20:14","date_gmt":"2025-08-03T03:20:14","guid":{"rendered":"https:\/\/noticiasveraces.com\/?p=38700"},"modified":"2025-08-02T23:20:14","modified_gmt":"2025-08-03T03:20:14","slug":"nuevas-protestas-antinmigrantes-en-reino-unido-dw-03-08-2025","status":"publish","type":"post","link":"https:\/\/noticiasveraces.com\/?p=38700","title":{"rendered":"Nuevas protestas antinmigrantes en Reino Unido \u2013 DW \u2013 03\/08\/2025"},"content":{"rendered":"<p> \n<\/p>\n<div>\n<p>Nuevos choques se registraron el s\u00e1bado (02.08.2025) durante manifestaciones contra la inmigraci\u00f3n en ciudades del Reino Unido, y la polic\u00eda indic\u00f3 que realiz\u00f3 varias detenciones.<\/p>\n<p>Manifestantes que abogan por una \u00abreinmigraci\u00f3n\u00bb masiva, pero tambi\u00e9n grupos de militantes antiracistas, se congregaron en el centro de Manchester (noroeste), en el marco de una marcha organizada por la formaci\u00f3n de extrema derecha \u00abBritain First\u00bb (Gran Breta\u00f1a primero).<\/p>\n<p>En Londres, manifestantes antinmigrantes y militantes acudieron ante un hotel que alberga solicitantes de asilo en el centro de la ciudad, como ha ocurrido en marchas anteriores donde a veces se registraron choques.<\/p>\n<p>En Manchester, ambos grupos se enfrentaron brevemente al inicio de la manifestaci\u00f3n, antes de que la polic\u00eda los separara, seg\u00fan un periodista de la AFP que estaba en el lugar.<\/p>\n<p>\u00abEs una marcha a favor de la reinmigraci\u00f3n\u00bb, dijo Brendan O&#8217;Reilly, un manifestante de 66 a\u00f1os.<\/p>\n<p>\u00abEnv\u00edenlos al lugar de donde vienen, no los dejen entrar, imp\u00eddanles simplemente llegar, tenemos hoteles llenos de migrantes y nosotros tenemos nuestros propios sin techo que andan en las calles, mendigando comida\u00bb, agreg\u00f3.<\/p>\n<p>En Londres, choques similares se registraron tambi\u00e9n frente a un hotel del barrio Barbican, antes de que interviniera la polic\u00eda.<\/p>\n<p>\u00abHubo nueve detenciones por ahora, siete de ellas por perturbar el orden p\u00fablico\u00bb, agreg\u00f3 la polic\u00eda.<\/p>\n<p>Varios incidentes se han producido en las \u00faltimas semanas en el Reino Unido en el marco de este tipo de movilizaciones, la mayor\u00eda en el barrio londinense de Epping.<\/p>\n<p>JC (Efe, The Straits Times)<\/p>\n<\/p>\n<\/div>\n\n","protected":false},"excerpt":{"rendered":"<p>Nuevos choques se registraron el s\u00e1bado (02.08.2025) durante manifestaciones contra la inmigraci\u00f3n en ciudades del Reino Unido, y la polic\u00eda indic\u00f3 que realiz\u00f3 varias detenciones. Manifestantes que abogan por una \u00abreinmigraci\u00f3n\u00bb masiva, pero tambi\u00e9n grupos de militantes antiracistas, se congregaron en el centro de Manchester (noroeste), en el marco de una marcha organizada por la &hellip;<\/p>\n","protected":false},"author":1,"featured_media":38701,"comment_status":"open","ping_status":"open","sticky":false,"template":"","format":"standard","meta":{"fifu_image_url":"https:\/\/static.dw.com\/image\/73511029_6.jpg","fifu_image_alt":"","footnotes":""},"categories":[13],"tags":[],"class_list":["post-38700","post","type-post","status-publish","format-standard","has-post-thumbnail","","category-mundo"],"_links":{"self":[{"href":"https:\/\/noticiasveraces.com\/index.php?rest_route=\/wp\/v2\/posts\/38700","targetHints":{"allow":["GET"]}}],"collection":[{"href":"https:\/\/noticiasveraces.com\/index.php?rest_route=\/wp\/v2\/posts"}],"about":[{"href":"https:\/\/noticiasveraces.com\/index.php?rest_route=\/wp\/v2\/types\/post"}],"author":[{"embeddable":true,"href":"https:\/\/noticiasveraces.com\/index.php?rest_route=\/wp\/v2\/users\/1"}],"replies":[{"embeddable":true,"href":"https:\/\/noticiasveraces.com\/index.php?rest_route=%2Fwp%2Fv2%2Fcomments&post=38700"}],"version-history":[{"count":0,"href":"https:\/\/noticiasveraces.com\/index.php?rest_route=\/wp\/v2\/posts\/38700\/revisions"}],"wp:featuredmedia":[{"embeddable":true,"href":"https:\/\/noticiasveraces.com\/index.php?rest_route=\/wp\/v2\/media\/38701"}],"wp:attachment":[{"href":"https:\/\/noticiasveraces.com\/index.php?rest_route=%2Fwp%2Fv2%2Fmedia&parent=38700"}],"wp:term":[{"taxonomy":"category","embeddable":true,"href":"https:\/\/noticiasveraces.com\/index.php?rest_route=%2Fwp%2Fv2%2Fcategories&post=38700"},{"taxonomy":"post_tag","embeddable":true,"href":"https:\/\/noticiasveraces.com\/index.php?rest_route=%2Fwp%2Fv2%2Ftags&post=38700"}],"curies":[{"name":"wp","href":"https:\/\/api.w.org\/{rel}","templated":true}]}}