{"id":38693,"date":"2025-08-02T20:17:43","date_gmt":"2025-08-03T00:17:43","guid":{"rendered":"https:\/\/noticiasveraces.com\/?p=38693"},"modified":"2025-08-02T20:17:43","modified_gmt":"2025-08-03T00:17:43","slug":"leon-xiv-celebra-el-jubileo-con-cientos-de-miles-de-jovenes-dw-03-08-2025","status":"publish","type":"post","link":"https:\/\/noticiasveraces.com\/?p=38693","title":{"rendered":"Le\u00f3n XIV celebra el Jubileo con cientos de miles de j\u00f3venes \u2013 DW \u2013 03\/08\/2025"},"content":{"rendered":"<p> \n<\/p>\n<div>\n<p>El papa Le\u00f3n XIV presidi\u00f3 este s\u00e1bado (02.08.2025) en la periferia de Roma, el acto m\u00e1s multitudinario de su a\u00fan breve pontificado, el Jubileo de los J\u00f3venes, con cientos de miles de peregrinos de numerosos pa\u00edses a las que emplaz\u00f3 a \u00abconstruir un mundo m\u00e1s humano\u00bb y justo.<\/p>\n<p>El pont\u00edfice se desplaz\u00f3 a la explanada de Tor Vergata, para presidir una vigilia de oraci\u00f3n con miles de chicos y chicas llegados de 146 pa\u00edses de todos los continentes para participar en el esperado Jubileo de los J\u00f3venes.<\/p>\n<p>Tras bajar del helic\u00f3ptero militar blanco, Le\u00f3n XIV, sonriente, salud\u00f3 a la multitud, que hab\u00eda pasado el d\u00eda bajo un sol abrasador, escuchando m\u00fasica, orando y conversando.<\/p>\n<p>Despu\u00e9s recorri\u00f3 todo el lugar a bordo del papam\u00f3vil, saludando y bendiciendo a los muchos j\u00f3venes que le esperaban con emoci\u00f3n, algunos de ellos llegando incluso a acompa\u00f1ar corriendo a la comitiva pontificia.<\/p>\n<p>Luego tom\u00f3 la cruz del Jubileo en sus manos y encabez\u00f3 a pie una procesi\u00f3n con decenas de muchachos hasta el escenario en el que presidi\u00f3 el acto donde emplaz\u00f3 a los miles de j\u00f3venes que le escuchaban a \u00abbuscar la justicia para construir un mundo m\u00e1s humano\u00bb.<\/p>\n<figure class=\"placeholder-image master_landscape big\"><img data-format=\"MASTER_LANDSCAPE\" data-id=\"73510770\" data-url=\"https:\/\/static.dw.com\/image\/73510770_${formatId}.jpg\" data-aspect-ratio=\"16\/9\" alt=\"Le\u00f3n XIV carga la cruz del Jubileo acompa\u00f1ado por j\u00f3venes peregrinos llegados de todo el mundo.\" style=\"padding-bottom: 56.25%; height: 0; max-height: 0;\"\/><figcaption class=\"img-caption\">Le\u00f3n XIV carga la cruz del Jubileo acompa\u00f1ado por j\u00f3venes peregrinos llegados de todo el mundo.<small class=\"copyright\">Imagen: Stefano Costantino\/Avalon\/Picture Alliance<\/small><\/figcaption><\/figure>\n<p>Durante el acto, el pont\u00edfice tambi\u00e9n record\u00f3 a los j\u00f3venes que no han podido participar en este multitudinario Jubileo por haber muerto antes de que arrancara.<\/p>\n<p>Desde el escenario cit\u00f3 a la espa\u00f1ola Mar\u00eda Cobo, de 20 a\u00f1os, y a la egipcia Pascale Rafic, de 18, fallecida la pasada noche por un fallo card\u00edaco cuando viajaba en un bus a la parroquia romana de Artena en la que se hospedaba estos d\u00edas.<\/p>\n<p>\u00abDigo esto, esta tarde, pensando en dos chicas. Mar\u00eda, 20 a\u00f1os, espa\u00f1ola, y Pascale, 18 a\u00f1os, egipcia. Ambas hab\u00edan decidido venir a Roma por el Jubileo de los J\u00f3venes y la muerte les ha acogido en estos d\u00edas\u00bb, anunci\u00f3, apesadumbrado, ante una multitud que rompi\u00f3 en un aplauso.<\/p>\n<figure class=\"placeholder-image master_landscape big\"><img data-format=\"MASTER_LANDSCAPE\" data-id=\"73510740\" data-url=\"https:\/\/static.dw.com\/image\/73510740_${formatId}.jpg\" data-aspect-ratio=\"16\/9\" alt=\"El pont\u00edfice lleg\u00f3 a la vigilia abordo de un helic\u00f3ptero desde donde apreci\u00f3 a la multitud que lo esperaba en Tor Vergata.\" style=\"padding-bottom: 56.25%; height: 0; max-height: 0;\"\/><figcaption class=\"img-caption\">El pont\u00edfice lleg\u00f3 a la vigilia abordo de un helic\u00f3ptero desde donde apreci\u00f3 a la multitud que lo esperaba en Tor Vergata.<small class=\"copyright\">Imagen: Vatican Media\/IPA-Agency\/Picture Alliance<\/small><\/figcaption><\/figure>\n<h2>La noche en Tor Vergata<\/h2>\n<p>La larga jornada en Tor Vergata, el mismo escenario de la hist\u00f3rica Jornada Mundial de la Juventud de Juan Pablo II en el 2000, termin\u00f3 con coros de \u00abpapa Le\u00f3n\u00bb desde la multitud, a lo que el pont\u00edfice respondi\u00f3: \u00abReposen un poco. La cita es ma\u00f1ana por la ma\u00f1ana para la santa misa. Felicidades a todos y buenas noches\u00bb, para despu\u00e9s saludar personalmente a algunos muchachos.<\/p>\n<p><span data-slot-id=\"Article_InContent-1\" class=\"rich-text-ad\"\/><\/p>\n<p>Tras esta vigilia, los j\u00f3venes acampar\u00e1n en la explanada a la espera del broche final, una misa presidida, de nuevo, por Le\u00f3n XIV.<\/p>\n<p>De momento se desconoce el n\u00famero exacto de asistentes, pero el Vaticano esperaba un mill\u00f3n de peregrinos.<\/p>\n<p>JC (EFE, AFP)<\/p>\n<\/p>\n<\/div>\n\n","protected":false},"excerpt":{"rendered":"<p>El papa Le\u00f3n XIV presidi\u00f3 este s\u00e1bado (02.08.2025) en la periferia de Roma, el acto m\u00e1s multitudinario de su a\u00fan breve pontificado, el Jubileo de los J\u00f3venes, con cientos de miles de peregrinos de numerosos pa\u00edses a las que emplaz\u00f3 a \u00abconstruir un mundo m\u00e1s humano\u00bb y justo. El pont\u00edfice se desplaz\u00f3 a la explanada &hellip;<\/p>\n","protected":false},"author":1,"featured_media":38694,"comment_status":"open","ping_status":"open","sticky":false,"template":"","format":"standard","meta":{"fifu_image_url":"https:\/\/static.dw.com\/image\/73510802_6.jpg","fifu_image_alt":"","footnotes":""},"categories":[13],"tags":[],"class_list":["post-38693","post","type-post","status-publish","format-standard","has-post-thumbnail","","category-mundo"],"_links":{"self":[{"href":"https:\/\/noticiasveraces.com\/index.php?rest_route=\/wp\/v2\/posts\/38693","targetHints":{"allow":["GET"]}}],"collection":[{"href":"https:\/\/noticiasveraces.com\/index.php?rest_route=\/wp\/v2\/posts"}],"about":[{"href":"https:\/\/noticiasveraces.com\/index.php?rest_route=\/wp\/v2\/types\/post"}],"author":[{"embeddable":true,"href":"https:\/\/noticiasveraces.com\/index.php?rest_route=\/wp\/v2\/users\/1"}],"replies":[{"embeddable":true,"href":"https:\/\/noticiasveraces.com\/index.php?rest_route=%2Fwp%2Fv2%2Fcomments&post=38693"}],"version-history":[{"count":0,"href":"https:\/\/noticiasveraces.com\/index.php?rest_route=\/wp\/v2\/posts\/38693\/revisions"}],"wp:featuredmedia":[{"embeddable":true,"href":"https:\/\/noticiasveraces.com\/index.php?rest_route=\/wp\/v2\/media\/38694"}],"wp:attachment":[{"href":"https:\/\/noticiasveraces.com\/index.php?rest_route=%2Fwp%2Fv2%2Fmedia&parent=38693"}],"wp:term":[{"taxonomy":"category","embeddable":true,"href":"https:\/\/noticiasveraces.com\/index.php?rest_route=%2Fwp%2Fv2%2Fcategories&post=38693"},{"taxonomy":"post_tag","embeddable":true,"href":"https:\/\/noticiasveraces.com\/index.php?rest_route=%2Fwp%2Fv2%2Ftags&post=38693"}],"curies":[{"name":"wp","href":"https:\/\/api.w.org\/{rel}","templated":true}]}}