{"id":38691,"date":"2025-08-02T19:16:19","date_gmt":"2025-08-02T23:16:19","guid":{"rendered":"https:\/\/noticiasveraces.com\/?p=38691"},"modified":"2025-08-02T19:16:19","modified_gmt":"2025-08-02T23:16:19","slug":"luka-doncic-firma-extension-de-contrato-con-los-lakers-dw-02-08-2025","status":"publish","type":"post","link":"https:\/\/noticiasveraces.com\/?p=38691","title":{"rendered":"Luka Doncic firma extensi\u00f3n de contrato con los Lakers \u2013 DW \u2013 02\/08\/2025"},"content":{"rendered":"<p> \n<\/p>\n<div>\n<p>Los Angeles Lakers anunciaron este s\u00e1bado (02.08.2025) la extensi\u00f3n de contrato del esloveno Luka Doncic, que seg\u00fan un reporte preliminar de ESPN ser\u00eda por tres a\u00f1os y estar\u00eda valorada en 165 millones de d\u00f3lares.<\/p>\n<p>\u00abAcabo de firmar mi extensi\u00f3n con los Lakers\u00bb, escribi\u00f3 Doncic en redes sociales. \u00abEmocionado de poder traer un t\u00edtulo a LA y hacer sentir orgulloso a &#8216;Laker Nation'\u00bb.<\/p>\n<p>\u00abAgradecido con los Lakers, mis compa\u00f1eros y los aficionados, que me han demostrado todo el cari\u00f1o desde el primer d\u00eda. Esto es el inicio\u00bb,\u00a0agreg\u00f3.<\/p>\n<p>Doncic, quien lleg\u00f3 a los Lakers en uno de los traspasos m\u00e1s pol\u00e9micos en la historia de la NBA, anunci\u00f3 la donaci\u00f3n de 5 millones de d\u00f3lares a beneficio de 77 atletas alrededor del mundo que intentan cumplir sus sue\u00f1os.<\/p>\n<p>\u00abEl baloncesto me lo dio todo y ahora tengo la suerte de regresar algo y ayudar a la nueva generaci\u00f3n\u00bb, expres\u00f3.<\/p>\n<p>A sus 26 a\u00f1os, Doncic tiene una l\u00ednea promedio de 28.6 puntos, 8.6 rebotes y 8.2 asistencias en 450 partidos en el baloncesto estadounidense.<\/p>\n<p>Permanentemente en la conversaci\u00f3n por el premio al Jugador M\u00e1s Valioso, Doncic ha sido considerado parte del equipo ideal de la NBA en cinco de sus siete temporadas en la mejor liga de baloncesto del planeta.<\/p>\n<p>RR AFP\/EFE<\/p>\n<\/div>\n\n","protected":false},"excerpt":{"rendered":"<p>Los Angeles Lakers anunciaron este s\u00e1bado (02.08.2025) la extensi\u00f3n de contrato del esloveno Luka Doncic, que seg\u00fan un reporte preliminar de ESPN ser\u00eda por tres a\u00f1os y estar\u00eda valorada en 165 millones de d\u00f3lares. \u00abAcabo de firmar mi extensi\u00f3n con los Lakers\u00bb, escribi\u00f3 Doncic en redes sociales. \u00abEmocionado de poder traer un t\u00edtulo a LA &hellip;<\/p>\n","protected":false},"author":1,"featured_media":38692,"comment_status":"open","ping_status":"open","sticky":false,"template":"","format":"standard","meta":{"fifu_image_url":"https:\/\/static.dw.com\/image\/63056450_6.jpg","fifu_image_alt":"","footnotes":""},"categories":[13],"tags":[],"class_list":["post-38691","post","type-post","status-publish","format-standard","has-post-thumbnail","","category-mundo"],"_links":{"self":[{"href":"https:\/\/noticiasveraces.com\/index.php?rest_route=\/wp\/v2\/posts\/38691","targetHints":{"allow":["GET"]}}],"collection":[{"href":"https:\/\/noticiasveraces.com\/index.php?rest_route=\/wp\/v2\/posts"}],"about":[{"href":"https:\/\/noticiasveraces.com\/index.php?rest_route=\/wp\/v2\/types\/post"}],"author":[{"embeddable":true,"href":"https:\/\/noticiasveraces.com\/index.php?rest_route=\/wp\/v2\/users\/1"}],"replies":[{"embeddable":true,"href":"https:\/\/noticiasveraces.com\/index.php?rest_route=%2Fwp%2Fv2%2Fcomments&post=38691"}],"version-history":[{"count":0,"href":"https:\/\/noticiasveraces.com\/index.php?rest_route=\/wp\/v2\/posts\/38691\/revisions"}],"wp:featuredmedia":[{"embeddable":true,"href":"https:\/\/noticiasveraces.com\/index.php?rest_route=\/wp\/v2\/media\/38692"}],"wp:attachment":[{"href":"https:\/\/noticiasveraces.com\/index.php?rest_route=%2Fwp%2Fv2%2Fmedia&parent=38691"}],"wp:term":[{"taxonomy":"category","embeddable":true,"href":"https:\/\/noticiasveraces.com\/index.php?rest_route=%2Fwp%2Fv2%2Fcategories&post=38691"},{"taxonomy":"post_tag","embeddable":true,"href":"https:\/\/noticiasveraces.com\/index.php?rest_route=%2Fwp%2Fv2%2Ftags&post=38691"}],"curies":[{"name":"wp","href":"https:\/\/api.w.org\/{rel}","templated":true}]}}