{"id":38669,"date":"2025-08-02T18:21:41","date_gmt":"2025-08-02T22:21:41","guid":{"rendered":"https:\/\/noticiasveraces.com\/?p=38669"},"modified":"2025-08-02T18:21:41","modified_gmt":"2025-08-02T22:21:41","slug":"casi-un-millon-de-jovenes-ante-el-encuentro-con-el-papa-hay-que-acabar-con-el-estigma-de-que-somos-unos-frikis-sociedad","status":"publish","type":"post","link":"https:\/\/noticiasveraces.com\/?p=38669","title":{"rendered":"Casi un mill\u00f3n de j\u00f3venes ante el encuentro con el Papa: \u201cHay que acabar con el estigma de que somos unos frikis\u201d | Sociedad"},"content":{"rendered":"<p> \n<\/p>\n<div data-dtm-region=\"articulo_cuerpo\">\n<p class=\"\">Cientos de miles de j\u00f3venes de todo el mundo han tomado Roma estos d\u00edas con motivo del Jubileo de la Juventud, que se celebra del 28 de julio al 3 de agosto en la capital italiana, y que es una de las citas m\u00e1s esperadas y multitudinarias del A\u00f1o Santo. En cualquier parte de la ciudad, desde el centro hasta los barrios m\u00e1s perif\u00e9ricos, la panor\u00e1mica es la misma: bulliciosos grupos de j\u00f3venes en todos los lugares, banderas de 146 pa\u00edses ondeando al viento, c\u00e1nticos en todos los idiomas. Una multitud heterog\u00e9nea llegada de todos los rincones del planeta hace gala en las calles de la Ciudad Eterna de una misma energ\u00eda desbordante, bajo el sol abrasador del verano romano que pone al l\u00edmite las fuerzas de cualquiera. <\/p>\n<p class=\"\">El plato fuerte del Jubileo ha comenzado este s\u00e1bado, con el encuentro por la tarde del Papa Le\u00f3n XIV con los j\u00f3venes en una inmensa explanada en Tor Vergata, a las afueras de Roma. Durante todo el d\u00eda y desde primera hora de la ma\u00f1ana, la multitud de j\u00f3venes ha ido peregrinando hasta el recinto, que se encuentra en un lugar de dif\u00edcil acceso, a 5 kil\u00f3metros de la parada de metro m\u00e1s cercana, entre fuertes medidas de seguridad. En este espacio se encuentra la \u2018Vela\u2019 De Santiago Calatrava, una imponente estructura que se estaba sin completar y que se ha rehabilitado para la ocasi\u00f3n. <\/p>\n<p class=\"\">El Papa ha llegado al recinto en torno a las 19.30 en helic\u00f3ptero, justo cuando estaba cantando el grupo espa\u00f1ol Hakuna para amenizar la espera. Ha recorrido la inmensa explanada a bordo del \u201cpapam\u00f3vil\u201d para saludar a los j\u00f3venes peregrinos, que lo han recibido con fervor, aplausos y v\u00edtores, mientras un coro cantaba canciones religiosas en distintos idiomas. Algo m\u00e1s de media hora despu\u00e9s, ha tomado la cruz del Jubileo y acompa\u00f1ado por un grupo de j\u00f3venes de distintos pa\u00edses, ha peregrinado hasta el altar, una imponente estructura de 1.400 metros cuadrados, coronado por el arco monumental del Jubileo del a\u00f1o 2000. <\/p>\n<p class=\"\">All\u00ed ha escuchado el testimonio y las preguntas de tres j\u00f3venes, a los que ha dado algunos consejos. \u201dNuestra vida comienza con un v\u00ednculo y es a trav\u00e9s de los v\u00ednculos que crecemos\u201d, ha dicho preguntado sobre c\u00f3mo gestionar las relaciones interpersonales y la soledad. \u201cLa amistad es el camino hacia la paz\u201d, ha agregado. El Papa ha recordado tambi\u00e9n a una joven de Egipto, Pascale Rafic, de 18 a\u00f1os, que falleci\u00f3 el viernes, mientras participaba en el Jubileo. Ha mostrado su dolor por el fallecimiento y ha pedido que se rezara por ella.<\/p>\n<p class=\"\">Antes del encuentro en Tor Vergata, Le\u00f3n XIV, se ha reunido en privado en el Vaticano con un grupo peregrinos que acompa\u00f1aban a la joven. \u201cNuestra esperanza est\u00e1 en Jesucristo resucitado\u201d, les ha dicho el pont\u00edfice. Los asistentes al acto van a participar en una vigilia y despu\u00e9s acampar\u00e1n al raso para pasar la noche all\u00ed, a la espera de la misa del domingo por la ma\u00f1ana, presidida por Le\u00f3n XIV, y que ser\u00e1 el acto m\u00e1s multitudinario de su breve pontificado, que inici\u00f3 el pasado mayo, tras el fallecimiento del Papa Francisco. <\/p>\n<p class=\"\">En la vigilia reflexionar\u00e1n con el pont\u00edfice sobre las relaciones en la era de las tecnolog\u00edas y de las redes sociales, la incertidumbre del futuro, el miedo a la hora de enfrentarse a elecciones vitales y otros temas que preocupan a los j\u00f3venes de hoy en d\u00eda. La media de edad de la ciudad ha bajado de sopet\u00f3n esta semana y es como si de repente solo hubiera j\u00f3venes. \u201cEst\u00e1n por todas partes\u201d, es el comentario m\u00e1s recurrente. Y completamente fiel a la realidad. <\/p>\n<p class=\"\">Las calles de Roma se han convertido estos d\u00edas en una inmensa juerga donde riadas de j\u00f3venes de las procedencias m\u00e1s variadas se preguntan unos a otros a voz en grito en ingl\u00e9s de d\u00f3nde son, intercambian pulseras con banderas y camisetas, otros piden que les escriban una frase para el recuerdo en la mochila. \u201c\u00a1Cristiano Ronaldo!\u201d, es la frase que sueltan casi autom\u00e1ticamente la mayor\u00eda de peregrinos cuando se encuentran con banderas portuguesas. <\/p>\n<figure class=\"a_m a_m-h \"><span class=\"_db a_m_w _pr lb_btn\"><img alt=\"V\u00edctor Moreno Fern\u00e1ndez y Marcos Diez Mart\u00ednez en el Jubileo de la Juventud con otros j\u00f3venes.\" decoding=\"auto\" class=\"_re lazyload a_m-h\" height=\"311\" srcset=\"https:\/\/imagenes.elpais.com\/resizer\/v2\/64RDS5JHFBDGVO7KNPJJTZYPLE.jpeg?auth=b18b0ae4c6bbd3ff521245e75f6162251a186eb96acf7a472d6db667ce1c201d&amp;width=414 414w,https:\/\/imagenes.elpais.com\/resizer\/v2\/64RDS5JHFBDGVO7KNPJJTZYPLE.jpeg?auth=b18b0ae4c6bbd3ff521245e75f6162251a186eb96acf7a472d6db667ce1c201d&amp;width=828 640w,https:\/\/imagenes.elpais.com\/resizer\/v2\/64RDS5JHFBDGVO7KNPJJTZYPLE.jpeg?auth=b18b0ae4c6bbd3ff521245e75f6162251a186eb96acf7a472d6db667ce1c201d&amp;width=980 1000w,https:\/\/imagenes.elpais.com\/resizer\/v2\/64RDS5JHFBDGVO7KNPJJTZYPLE.jpeg?auth=b18b0ae4c6bbd3ff521245e75f6162251a186eb96acf7a472d6db667ce1c201d&amp;width=1960 1960w\" width=\"414\" sizes=\"auto, (min-width:1199px) 1155px,(min-width:1001px) calc(100vw - 44px),(min-width:768px) 767px, 100vw\" src=\"https:\/\/imagenes.elpais.com\/resizer\/v2\/64RDS5JHFBDGVO7KNPJJTZYPLE.jpeg?auth=b18b0ae4c6bbd3ff521245e75f6162251a186eb96acf7a472d6db667ce1c201d&amp;width=414\" loading=\"lazy\"\/><svg aria-hidden=\"true\" class=\"icon_multimedia_ampliar | _pa a_m_i a_m_i-a _dn\" viewbox=\"0 0 40 40\"><use xlink:href=\"#svg-ampliar\"\/><\/svg><\/span><figcaption class=\"a_m_p\" aria-hidden=\"true\"><span>V\u00edctor Moreno Fern\u00e1ndez y Marcos Diez Mart\u00ednez en el Jubileo de la Juventud con otros j\u00f3venes.<\/span><\/figcaption><\/figure>\n<p class=\"\">Entre la multitud se ven tambi\u00e9n banderas de lugares que est\u00e1n en guerra: Siria, Ucrania, Palestina. \u201cEstamos aqu\u00ed por todos los j\u00f3venes sirios que no pueden venir porque est\u00e1n atrapados all\u00ed, muchos nos han pedido que encendamos una vela para que por fin puedan conocer la paz\u201d, explica Cristin, refugiada siria de 19 a\u00f1os, originaria de Alepo que vive en Alemania desde 2015, mientras ondea la nueva bandera de su pa\u00eds natal. <\/p>\n<p class=\"\">Los j\u00f3venes del Jubileo hablan de fe, de esperanza, de unidad, de superar fronteras. \u201cTodos los que estamos aqu\u00ed, llegados de sitios tan distintos, y que nos entendemos aunque no hablemos el mismo idioma, somos la prueba de que el di\u00e1logo es posible, en estos tiempos marcados cada vez m\u00e1s por la divisi\u00f3n es muy necesario el mensaje de unidad y de paz de la Iglesia\u201d, dice Edgar Morales, de 23 a\u00f1os, llegado de Bolivia. <\/p>\n<p class=\"\">\u201cEstamos viviendo algo extraordinario, en el pr\u00f3ximo Jubileo ya no seremos j\u00f3venes. Nos encontramos con gente de todo el mundo y de culturas distintas y no hay ning\u00fan problema, ni una discusi\u00f3n, ning\u00fan mal rollo, hay mucha fraternidad, nos une un mismo esp\u00edritu. Da igual de donde seas, aqu\u00ed todos somos hermanos\u201d, se\u00f1ala V\u00edctor Moreno Fern\u00e1ndez, seminarista diocesano de Le\u00f3n, de 26 a\u00f1os. <\/p>\n<p class=\"\">Los participantes del Jubileo quieren dejar claro que la fe tambi\u00e9n es cosa de su generaci\u00f3n. \u201cA veces tenemos la idea de que la Iglesia en Espa\u00f1a est\u00e1 envejecida, de que no hay respuesta de la gente joven, pero ver esto es muy enriquecedor\u201d, apunta V\u00edctor Moreno. \u201cAqu\u00ed te das cuenta de que la Iglesia no est\u00e1 tan envejecida como nos cuentan a veces. Hay muchos j\u00f3venes que tienen fe y son cat\u00f3licos\u201d, responde Marcos Diez Mart\u00ednez, de 18 a\u00f1os, joven de la pastoral juvenil de Le\u00f3n. <\/p>\n<p class=\"\">Pr\u00e1cticamente todos los entrevistados piden que se destierren algunos estereotipos extendidos sobre la juventud cat\u00f3lica. \u201cHay que acabar con el estigma de que los j\u00f3venes de Iglesia somos aburridos o unos frikis, somos chavales normales, nos gusta el f\u00fatbol, llevamos una vida normal, somos igual que el resto y hemos encontrado un camino para vivir nuestra felicidad y nuestra plenitud\u201d, dice V\u00edctor. <\/p>\n<p class=\"\">Los espa\u00f1oles son el segundo grupo m\u00e1s multitudinario, por detr\u00e1s de los italianos. La Conferencia Episcopal Espa\u00f1ola (CEE) calcula que hay unos 27.000 participantes. El viernes m\u00e1s de 25.000 peregrinos llegados a Roma desde todas las partes de Espa\u00f1a celebraron una reuni\u00f3n masiva en la Plaza de San Pedro y una misa posterior, con ayuda del Vaticano, oficiada por el presidente de la CEE, Luis Arg\u00fcello. <\/p>\n<p class=\"\">Los obispos espa\u00f1oles clasificaron este evento en una rueda de prensa como \u201cun momento hist\u00f3rico para la Iglesia espa\u00f1ola\u201d. Ninguna otra naci\u00f3n, de las casi 150 representadas en el Jubileo ha tenido un evento exclusivo similar. \u201cEs la primera vez que se produce un acontecimiento de esta magnitud y por lo tanto estamos ilusionados y emocionados\u201d, se\u00f1al\u00f3 el director de la Subcomisi\u00f3n para la Juventud e Infancia de la Conferencia Episcopal Espa\u00f1ola, Ra\u00fal Tinajero. <\/p>\n<p class=\"\">En el encuentro, algunos j\u00f3venes espa\u00f1oles compartieron su experiencia con la religi\u00f3n. Algunos, como Antonio Garrido, de Sevilla, explicaron que se han bautizado recientemente; otros, como Jos\u00e9 Tom\u00e1s, de Taranc\u00f3n (Cuenca), compartieron que en la universidad no se atrev\u00edan a mostrar su fe abiertamente porque \u201cparece que est\u00e1 mal visto y te hace parecer menos\u201d. <\/p>\n<p class=\"\">Alberto Naranjo, de 24 a\u00f1os, de la di\u00f3cesis de Getafe, en Madrid, que se mueve con una silla de ruedas por una discapacidad, calific\u00f3 la experiencia que est\u00e1 viviendo en este Jubileo como \u201cespectacular\u201d. \u201cT\u00fa me ves con la silla de ruedas, pero hay ciertos casos de gente que ha venido, que tiene unas heridas en el coraz\u00f3n enormes, que no se ven tanto\u201d, agreg\u00f3. <\/p>\n<p class=\"\">Desde el pasado lunes se han ido sucediendo un reguero de actos p\u00fablicos como la multitudinaria misa de bienvenida del martes, en la que el Papa Le\u00f3n XIV apareci\u00f3 por sorpresa, los constantes peregrinajes para atravesar las cuatro Puertas Santas de las bas\u00edlicas mayores de Roma o la jornada de confesiones del viernes en el imponente Circo M\u00e1ximo, donde m\u00e1s de mil sacerdotes se fueron turnando en 200 confesionarios instalados al aire libre para confesar a todo aquel que quisiera. <\/p>\n<p class=\"\">Monse\u00f1or Ri\u00f1\u00f3 Fisichella, el pro-prefecto del Dicasterio para la Evangelizaci\u00f3n, encargado de la organizaci\u00f3n del Jubileo, invit\u00f3 a los peregrinos a descubrir las innumerables obras de arte que hay en Roma. \u201cSon expresi\u00f3n de la fe que ha generado tanta belleza\u201d. Los peregrinos tambi\u00e9n han tenido tiempo para el turismo y para apreciar las maravillas de Roma, como el Coliseo, la Fontana di Trevi o las decenas de tesoros art\u00edsticos, como las pinturas de Caravaggio, esparcidos por centenares de iglesias de la capital. <\/p>\n<p class=\"\">De vez en cuando se ve a alg\u00fan romano con gesto contrariado y de agotamiento. \u201cDespu\u00e9s de 8 horas de trabajo, con este calor estoy sudando y tengo que aguantar esto, solo quiero llegar a casa lo antes posible\u201d, murmura Serena en un vag\u00f3n de metro a rebosar, cargado de participantes del Jubileo que corean canciones en italiano que hablan de Jesucristo, de fe y de paz. <\/p>\n<p class=\"\">\u201c\u00bfPero cu\u00e1ndo acaba este Jubileo?\u201d, protestan con frecuencia algunos residentes que han visto c\u00f3mo en unos d\u00edas la ciudad se ha convertido en un hormiguero de peregrinos que han transformado Roma en un mosaico de culturas, con un ambiente vibrante. <\/p>\n<p class=\"\">\u201cEs hermoso, todos estos j\u00f3venes nos est\u00e1n llenando las calles de alegr\u00eda, si el metro o los autobuses van llenos, nos estresamos, pero paciencia, es por una buena causa\u201d, dice la se\u00f1ora Angela Simone en la puerta de un supermercado del centro. Dentro, unos j\u00f3venes franceses tratan de hacerse con una botella de vodka utilizando los vales de comida de 10 euros que tienen a disposici\u00f3n y aplauden cuando lo consiguen. \u201cPens\u00e9 que no se pod\u00eda, pero la m\u00e1quina me ha dejado pasarlo\u201d, dice la cajera. <\/p>\n<\/div>\n\n","protected":false},"excerpt":{"rendered":"<p>Cientos de miles de j\u00f3venes de todo el mundo han tomado Roma estos d\u00edas con motivo del Jubileo de la Juventud, que se celebra del 28 de julio al 3 de agosto en la capital italiana, y que es una de las citas m\u00e1s esperadas y multitudinarias del A\u00f1o Santo. En cualquier parte de la &hellip;<\/p>\n","protected":false},"author":1,"featured_media":38670,"comment_status":"open","ping_status":"open","sticky":false,"template":"","format":"standard","meta":{"fifu_image_url":"https:\/\/imagenes.elpais.com\/resizer\/v2\/ZC57WE6XLVCBVOQTDZRJ4ZPI2A.jpg?auth=25e77e70c1e8c62070ebaf0090e8384f23ec805e8f3247fed16560d1bee9f468&width=1200","fifu_image_alt":"","footnotes":""},"categories":[11],"tags":[],"class_list":["post-38669","post","type-post","status-publish","format-standard","has-post-thumbnail","","category-viaje"],"_links":{"self":[{"href":"https:\/\/noticiasveraces.com\/index.php?rest_route=\/wp\/v2\/posts\/38669","targetHints":{"allow":["GET"]}}],"collection":[{"href":"https:\/\/noticiasveraces.com\/index.php?rest_route=\/wp\/v2\/posts"}],"about":[{"href":"https:\/\/noticiasveraces.com\/index.php?rest_route=\/wp\/v2\/types\/post"}],"author":[{"embeddable":true,"href":"https:\/\/noticiasveraces.com\/index.php?rest_route=\/wp\/v2\/users\/1"}],"replies":[{"embeddable":true,"href":"https:\/\/noticiasveraces.com\/index.php?rest_route=%2Fwp%2Fv2%2Fcomments&post=38669"}],"version-history":[{"count":0,"href":"https:\/\/noticiasveraces.com\/index.php?rest_route=\/wp\/v2\/posts\/38669\/revisions"}],"wp:featuredmedia":[{"embeddable":true,"href":"https:\/\/noticiasveraces.com\/index.php?rest_route=\/wp\/v2\/media\/38670"}],"wp:attachment":[{"href":"https:\/\/noticiasveraces.com\/index.php?rest_route=%2Fwp%2Fv2%2Fmedia&parent=38669"}],"wp:term":[{"taxonomy":"category","embeddable":true,"href":"https:\/\/noticiasveraces.com\/index.php?rest_route=%2Fwp%2Fv2%2Fcategories&post=38669"},{"taxonomy":"post_tag","embeddable":true,"href":"https:\/\/noticiasveraces.com\/index.php?rest_route=%2Fwp%2Fv2%2Ftags&post=38669"}],"curies":[{"name":"wp","href":"https:\/\/api.w.org\/{rel}","templated":true}]}}