{"id":38661,"date":"2025-08-02T17:13:23","date_gmt":"2025-08-02T21:13:23","guid":{"rendered":"https:\/\/noticiasveraces.com\/?p=38661"},"modified":"2025-08-02T17:13:23","modified_gmt":"2025-08-02T21:13:23","slug":"congreso-afin-a-bukele-reforma-la-constitucion-y-habilita-la-reeleccion-presidencial-indefinida","status":"publish","type":"post","link":"https:\/\/noticiasveraces.com\/?p=38661","title":{"rendered":"Congreso af\u00edn a Bukele reforma la Constituci\u00f3n y habilita la reelecci\u00f3n presidencial indefinida"},"content":{"rendered":"<p> \n<br \/><img decoding=\"async\" src=\"https:\/\/s.france24.com\/media\/display\/65666c34-6ed3-11f0-8e43-005056bf30b7\/w:1024\/p:16x9\/AP25213077403063.jpg\" \/><br \/>Una reforma expr\u00e9s ratificada por la Asamblea Legislativa de El Salvador\u00a0\u2014controlada por aliados del presidente\u2014 habilit\u00f3 la reelecci\u00f3n presidencial indefinida. Se trata de una victoria para Nayib Bukele, que domina el escenario pol\u00edtico de la naci\u00f3n centroamericana con su partido Nuevas Ideas (NI) y tiene una alta popularidad por su lucha contra las pandillas en el pa\u00eds, que ha sido cuestionada por organizaciones humanitarias.<br \/>\n<br \/>\n","protected":false},"excerpt":{"rendered":"<p>Una reforma expr\u00e9s ratificada por la Asamblea Legislativa de El Salvador\u00a0\u2014controlada por aliados del presidente\u2014 habilit\u00f3 la reelecci\u00f3n presidencial indefinida. Se trata de una victoria para Nayib Bukele, que domina el escenario pol\u00edtico de la naci\u00f3n centroamericana con su partido Nuevas Ideas (NI) y tiene una alta popularidad por su lucha contra las pandillas en &hellip;<\/p>\n","protected":false},"author":1,"featured_media":38663,"comment_status":"open","ping_status":"open","sticky":false,"template":"","format":"standard","meta":{"fifu_image_url":"https:\/\/s.france24.com\/media\/display\/65666c34-6ed3-11f0-8e43-005056bf30b7\/w:1024\/p:16x9\/AP25213077403063.jpg","fifu_image_alt":"","footnotes":""},"categories":[13],"tags":[],"class_list":["post-38661","post","type-post","status-publish","format-standard","has-post-thumbnail","","category-mundo"],"_links":{"self":[{"href":"https:\/\/noticiasveraces.com\/index.php?rest_route=\/wp\/v2\/posts\/38661","targetHints":{"allow":["GET"]}}],"collection":[{"href":"https:\/\/noticiasveraces.com\/index.php?rest_route=\/wp\/v2\/posts"}],"about":[{"href":"https:\/\/noticiasveraces.com\/index.php?rest_route=\/wp\/v2\/types\/post"}],"author":[{"embeddable":true,"href":"https:\/\/noticiasveraces.com\/index.php?rest_route=\/wp\/v2\/users\/1"}],"replies":[{"embeddable":true,"href":"https:\/\/noticiasveraces.com\/index.php?rest_route=%2Fwp%2Fv2%2Fcomments&post=38661"}],"version-history":[{"count":0,"href":"https:\/\/noticiasveraces.com\/index.php?rest_route=\/wp\/v2\/posts\/38661\/revisions"}],"wp:featuredmedia":[{"embeddable":true,"href":"https:\/\/noticiasveraces.com\/index.php?rest_route=\/wp\/v2\/media\/38663"}],"wp:attachment":[{"href":"https:\/\/noticiasveraces.com\/index.php?rest_route=%2Fwp%2Fv2%2Fmedia&parent=38661"}],"wp:term":[{"taxonomy":"category","embeddable":true,"href":"https:\/\/noticiasveraces.com\/index.php?rest_route=%2Fwp%2Fv2%2Fcategories&post=38661"},{"taxonomy":"post_tag","embeddable":true,"href":"https:\/\/noticiasveraces.com\/index.php?rest_route=%2Fwp%2Fv2%2Ftags&post=38661"}],"curies":[{"name":"wp","href":"https:\/\/api.w.org\/{rel}","templated":true}]}}