{"id":38659,"date":"2025-08-02T16:12:22","date_gmt":"2025-08-02T20:12:22","guid":{"rendered":"https:\/\/noticiasveraces.com\/?p=38659"},"modified":"2025-08-02T16:12:22","modified_gmt":"2025-08-02T20:12:22","slug":"portugal-decreta-estado-de-alerta-debido-al-calor-extremo-dw-02-08-2025","status":"publish","type":"post","link":"https:\/\/noticiasveraces.com\/?p=38659","title":{"rendered":"Portugal decreta estado de alerta debido al calor extremo \u2013 DW \u2013 02\/08\/2025"},"content":{"rendered":"<p> \n<\/p>\n<div>\n<p>El gobierno de Portugal decret\u00f3 estado de alerta en todo el territorio continental del pa\u00eds desde este domingo hasta el pr\u00f3ximo jueves debido a las temperaturas extremas que se esperan.<\/p>\n<p>\u00abEsta decisi\u00f3n se debe al mantenimiento de temperaturas muy altas, los bajos niveles de humedad y la necesidad de adoptar medidas preventivas y especiales de respuesta al riesgo de incendios en gran parte del territorio continental\u00bb, dijo este s\u00e1bado (02.08.2025) en rueda de prensa la ministra de Administraci\u00f3n Interna, Maria L\u00facia Amaral.<\/p>\n<p>La ministra alert\u00f3 que \u00abla pr\u00f3xima semana ser\u00e1 dif\u00edcil\u00bb, despu\u00e9s de que Portugal ya vivi\u00f3 una semana compleja con decenas de incendios que arrasaron partes del centro y del norte del pa\u00eds. Uno de ellos en Ponte da Barca, cerca de la frontera con Galicia, Espa\u00f1a, sigue ardiendo tras hacerlo durante una semana entera.<\/p>\n<p>En el marco de esta declaratoria, se prohibir\u00e1 el acceso a las zonas forestales, las quemas agr\u00edcolas, los trabajos en zonas forestales usando cualquier tipo de maquinaria y los fuegos artificiales y artefactos pirot\u00e9cnicos.<\/p>\n<p>La decisi\u00f3n tambi\u00e9n implica el refuerzo por parte de las fuerzas de seguridad en operaciones de vigilancia y el aumento de la movilizaci\u00f3n de equipos de emergencia y apoyo m\u00e9dico, entre otros.<\/p>\n<p>Adem\u00e1s, las fuerzas armadas pondr\u00e1n a disposici\u00f3n medios a\u00e9reos para operar en los lugares que lo requieran, indic\u00f3 el gobierno, cuestionado esta \u00faltima semana por la falta de aeronaves para combatir los incendios que han quemado zonas de dif\u00edcil acceso por tierra.<\/p>\n<p>RR EFE\/AFP\/DPA<\/p>\n<\/div>\n\n","protected":false},"excerpt":{"rendered":"<p>El gobierno de Portugal decret\u00f3 estado de alerta en todo el territorio continental del pa\u00eds desde este domingo hasta el pr\u00f3ximo jueves debido a las temperaturas extremas que se esperan. \u00abEsta decisi\u00f3n se debe al mantenimiento de temperaturas muy altas, los bajos niveles de humedad y la necesidad de adoptar medidas preventivas y especiales de &hellip;<\/p>\n","protected":false},"author":1,"featured_media":38660,"comment_status":"open","ping_status":"open","sticky":false,"template":"","format":"standard","meta":{"fifu_image_url":"https:\/\/static.dw.com\/image\/73479514_6.jpg","fifu_image_alt":"","footnotes":""},"categories":[13],"tags":[],"class_list":["post-38659","post","type-post","status-publish","format-standard","has-post-thumbnail","","category-mundo"],"_links":{"self":[{"href":"https:\/\/noticiasveraces.com\/index.php?rest_route=\/wp\/v2\/posts\/38659","targetHints":{"allow":["GET"]}}],"collection":[{"href":"https:\/\/noticiasveraces.com\/index.php?rest_route=\/wp\/v2\/posts"}],"about":[{"href":"https:\/\/noticiasveraces.com\/index.php?rest_route=\/wp\/v2\/types\/post"}],"author":[{"embeddable":true,"href":"https:\/\/noticiasveraces.com\/index.php?rest_route=\/wp\/v2\/users\/1"}],"replies":[{"embeddable":true,"href":"https:\/\/noticiasveraces.com\/index.php?rest_route=%2Fwp%2Fv2%2Fcomments&post=38659"}],"version-history":[{"count":0,"href":"https:\/\/noticiasveraces.com\/index.php?rest_route=\/wp\/v2\/posts\/38659\/revisions"}],"wp:featuredmedia":[{"embeddable":true,"href":"https:\/\/noticiasveraces.com\/index.php?rest_route=\/wp\/v2\/media\/38660"}],"wp:attachment":[{"href":"https:\/\/noticiasveraces.com\/index.php?rest_route=%2Fwp%2Fv2%2Fmedia&parent=38659"}],"wp:term":[{"taxonomy":"category","embeddable":true,"href":"https:\/\/noticiasveraces.com\/index.php?rest_route=%2Fwp%2Fv2%2Fcategories&post=38659"},{"taxonomy":"post_tag","embeddable":true,"href":"https:\/\/noticiasveraces.com\/index.php?rest_route=%2Fwp%2Fv2%2Ftags&post=38659"}],"curies":[{"name":"wp","href":"https:\/\/api.w.org\/{rel}","templated":true}]}}