{"id":38649,"date":"2025-08-02T12:47:36","date_gmt":"2025-08-02T16:47:36","guid":{"rendered":"https:\/\/noticiasveraces.com\/?p=38649"},"modified":"2025-08-02T12:47:36","modified_gmt":"2025-08-02T16:47:36","slug":"juan-felipe-cadavid-llega-a-rcn-estara-en-radio-y-television","status":"publish","type":"post","link":"https:\/\/noticiasveraces.com\/?p=38649","title":{"rendered":"Juan Felipe Cadavid llega a RCN: estar\u00e1 en radio y televisi\u00f3n"},"content":{"rendered":"<p> \n<br \/><img decoding=\"async\" src=\"https:\/\/www.futbolred.com\/files\/article_graphic\/uploads\/2020\/10\/09\/5f813c1d7be04.jpeg\" \/><\/p>\n<header>\n<h3>\n<p>                Curiosidades de f\u00fatbol<br \/>\n            <\/h3>\n<h1>\n<p>            Juan Felipe Cadavid llega a RCN: estar\u00e1 en radio y televisi\u00f3n<br \/>\n        <\/h1>\n<address>\n            <a>Juan Pablo Ar\u00e9valo<br \/>\n        <\/address>\n<p>            31 de julio 2025 , 05:20 p.\u00a0m.<\/p>\n<\/header>\n<p>El periodista deja Caracol Radio y reemplazar\u00e1 a Antonio Casale, aunque con m\u00e1s poder e influencia.<\/p>\n<p><i>RCN Radio<\/i> tendr\u00e1 un fuerte movimiento y cambios en su parrilla de programaci\u00f3n y en salida y llegada de nuevo talento. Este jueves 31 de julio se confirm\u00f3 la salida de Antonio Casale, quien dirig\u00eda el programa <i>\u2018En La Jugada\u2019<\/i> y presentaba tambi\u00e9n <i>\u2018El Tren\u2019<\/i>.<\/p>\n<p>Casale se despidi\u00f3 al aire en un sentido programa, anunciando su salida por parte de las directivas y del encargado de la nueva programaci\u00f3n de <i>RCN<\/i> Y <i>A FM<\/i>Alejandro Villalobos.<\/p>\n<p>As\u00ed, en su reemplazo llegar\u00e1 Juan Felipe Cadavid, quien saldr\u00e1 de <i>Caracol Radio<\/i> al recibir una tentadora propuesta: Cadavid ser\u00e1 el director de deportes en radio y tambi\u00e9n en el <i>Canal RCN<\/i>.<\/p>\n<p>Seg\u00fan se conoci\u00f3, Cadavid estar\u00e1 a cargo de la programaci\u00f3n deportiva de <i>RCN Radio<\/i>e incluso estar\u00eda en el nuevo espacio que se abrir\u00e1 en <i>A FM<\/i> desde el pr\u00f3ximo lunes 4 de agosto, y posiblemente lo acompa\u00f1ar\u00eda el relator Eduardo Luis L\u00f3pez.<\/p>\n<p>Adem\u00e1s, la pareja Cadavid-Eduardo Luis se encargar\u00e1 de transmitir los partidos de la Selecci\u00f3n Colombia en el remate de las Eliminatorias Mundialistas, pero en la app de RCN; en TV seguir\u00e1n Javier Fern\u00e1ndez Franco [\u2018El Cantante\u2019] y Carlos Antonio V\u00e9lez.<\/p>\n\n","protected":false},"excerpt":{"rendered":"<p>Curiosidades de f\u00fatbol Juan Felipe Cadavid llega a RCN: estar\u00e1 en radio y televisi\u00f3n Juan Pablo Ar\u00e9valo 31 de julio 2025 , 05:20 p.\u00a0m. El periodista deja Caracol Radio y reemplazar\u00e1 a Antonio Casale, aunque con m\u00e1s poder e influencia. RCN Radio tendr\u00e1 un fuerte movimiento y cambios en su parrilla de programaci\u00f3n y en &hellip;<\/p>\n","protected":false},"author":1,"featured_media":38651,"comment_status":"open","ping_status":"open","sticky":false,"template":"","format":"standard","meta":{"fifu_image_url":"https:\/\/www.futbolred.com\/files\/og_thumbnail\/uploads\/2020\/10\/09\/5f813c1d7be04.jpeg","fifu_image_alt":"","footnotes":""},"categories":[6],"tags":[],"class_list":["post-38649","post","type-post","status-publish","format-standard","has-post-thumbnail","","category-deportes"],"_links":{"self":[{"href":"https:\/\/noticiasveraces.com\/index.php?rest_route=\/wp\/v2\/posts\/38649","targetHints":{"allow":["GET"]}}],"collection":[{"href":"https:\/\/noticiasveraces.com\/index.php?rest_route=\/wp\/v2\/posts"}],"about":[{"href":"https:\/\/noticiasveraces.com\/index.php?rest_route=\/wp\/v2\/types\/post"}],"author":[{"embeddable":true,"href":"https:\/\/noticiasveraces.com\/index.php?rest_route=\/wp\/v2\/users\/1"}],"replies":[{"embeddable":true,"href":"https:\/\/noticiasveraces.com\/index.php?rest_route=%2Fwp%2Fv2%2Fcomments&post=38649"}],"version-history":[{"count":0,"href":"https:\/\/noticiasveraces.com\/index.php?rest_route=\/wp\/v2\/posts\/38649\/revisions"}],"wp:featuredmedia":[{"embeddable":true,"href":"https:\/\/noticiasveraces.com\/index.php?rest_route=\/wp\/v2\/media\/38651"}],"wp:attachment":[{"href":"https:\/\/noticiasveraces.com\/index.php?rest_route=%2Fwp%2Fv2%2Fmedia&parent=38649"}],"wp:term":[{"taxonomy":"category","embeddable":true,"href":"https:\/\/noticiasveraces.com\/index.php?rest_route=%2Fwp%2Fv2%2Fcategories&post=38649"},{"taxonomy":"post_tag","embeddable":true,"href":"https:\/\/noticiasveraces.com\/index.php?rest_route=%2Fwp%2Fv2%2Ftags&post=38649"}],"curies":[{"name":"wp","href":"https:\/\/api.w.org\/{rel}","templated":true}]}}