{"id":38642,"date":"2025-08-02T12:07:24","date_gmt":"2025-08-02T16:07:24","guid":{"rendered":"https:\/\/noticiasveraces.com\/?p=38642"},"modified":"2025-08-02T12:07:24","modified_gmt":"2025-08-02T16:07:24","slug":"el-fin-de-la-guerra-esta-cerca-dw-02-08-2025","status":"publish","type":"post","link":"https:\/\/noticiasveraces.com\/?p=38642","title":{"rendered":"el fin de la guerra est\u00e1 cerca \u2013 DW \u2013 02\/08\/2025"},"content":{"rendered":"<p> \n<\/p>\n<div>\n<p>El enviado especial de Estados Unidos\u00a0para Oriente Medio, Steve Witkoff, se reuni\u00f3 en Tel Aviv con familiares de los rehenes que a\u00fan permanecen retenidos en la Franja de Gaza. En el encuentro, ofreci\u00f3 esperanzas de un pronto desenlace. \u00abEstamos cerca del fin de esta guerra\u00bb, declar\u00f3, seg\u00fan un comunicado del Foro de Familias de Rehenes. \u00abTenemos un plan para terminar la guerra y traer a todos de regreso a casa\u00bb. La reuni\u00f3n dur\u00f3, seg\u00fan el comunicado, unas tres horas.<\/p>\n<p>\u00abTraeremos a sus hijos de vuelta a casa y haremos que Ham\u00e1s rinda cuentas. Haremos lo correcto por la poblaci\u00f3n de Gaza\u00bb, dijo Witkoff seg\u00fan la misma fuente. \u00abSabemos qui\u00e9nes siguen vivos, y alguien ser\u00e1 responsable si no regresan con vida\u00bb. Para el presidente de EE. UU., Donald Trump, la liberaci\u00f3n de todos los rehenes es una \u00abmisi\u00f3n sagrada\u00bb.<\/p>\n<p>En los \u00faltimos d\u00edas, Ham\u00e1s y otros grupos islamistas en la Franja de Gaza publicaron videos de dos rehenes. Los familiares prohibieron la difusi\u00f3n de los videos, aunque en un caso permitieron la publicaci\u00f3n de im\u00e1genes fijas. Las grabaciones de rehenes demacrados en un t\u00fanel conmocionaron a muchos israel\u00edes.<\/p>\n<p>Seg\u00fan datos oficiales israel\u00edes, a\u00fan hay 50 rehenes en la Franja de Gaza, de los cuales al menos 20 estar\u00edan vivos. El 7 de octubre de 2023, Ham\u00e1s y otros islamistas secuestraron a m\u00e1s de 250 personas en Israel. En esa masacre murieron unas 1.200 personas. El ataque y el secuestro desencadenaron la guerra de Gaza. Durante los casi 22 meses de conflicto, m\u00e1s de 60.000 personas han muerto en la Franja de Gaza, seg\u00fan cifras palestinas.<\/p>\n<p>EE (DPA, EFE, AFP)<\/p>\n<\/div>\n\n","protected":false},"excerpt":{"rendered":"<p>El enviado especial de Estados Unidos\u00a0para Oriente Medio, Steve Witkoff, se reuni\u00f3 en Tel Aviv con familiares de los rehenes que a\u00fan permanecen retenidos en la Franja de Gaza. En el encuentro, ofreci\u00f3 esperanzas de un pronto desenlace. \u00abEstamos cerca del fin de esta guerra\u00bb, declar\u00f3, seg\u00fan un comunicado del Foro de Familias de Rehenes. &hellip;<\/p>\n","protected":false},"author":1,"featured_media":38643,"comment_status":"open","ping_status":"open","sticky":false,"template":"","format":"standard","meta":{"fifu_image_url":"https:\/\/static.dw.com\/image\/73503449_6.jpg","fifu_image_alt":"","footnotes":""},"categories":[13],"tags":[],"class_list":["post-38642","post","type-post","status-publish","format-standard","has-post-thumbnail","","category-mundo"],"_links":{"self":[{"href":"https:\/\/noticiasveraces.com\/index.php?rest_route=\/wp\/v2\/posts\/38642","targetHints":{"allow":["GET"]}}],"collection":[{"href":"https:\/\/noticiasveraces.com\/index.php?rest_route=\/wp\/v2\/posts"}],"about":[{"href":"https:\/\/noticiasveraces.com\/index.php?rest_route=\/wp\/v2\/types\/post"}],"author":[{"embeddable":true,"href":"https:\/\/noticiasveraces.com\/index.php?rest_route=\/wp\/v2\/users\/1"}],"replies":[{"embeddable":true,"href":"https:\/\/noticiasveraces.com\/index.php?rest_route=%2Fwp%2Fv2%2Fcomments&post=38642"}],"version-history":[{"count":0,"href":"https:\/\/noticiasveraces.com\/index.php?rest_route=\/wp\/v2\/posts\/38642\/revisions"}],"wp:featuredmedia":[{"embeddable":true,"href":"https:\/\/noticiasveraces.com\/index.php?rest_route=\/wp\/v2\/media\/38643"}],"wp:attachment":[{"href":"https:\/\/noticiasveraces.com\/index.php?rest_route=%2Fwp%2Fv2%2Fmedia&parent=38642"}],"wp:term":[{"taxonomy":"category","embeddable":true,"href":"https:\/\/noticiasveraces.com\/index.php?rest_route=%2Fwp%2Fv2%2Fcategories&post=38642"},{"taxonomy":"post_tag","embeddable":true,"href":"https:\/\/noticiasveraces.com\/index.php?rest_route=%2Fwp%2Fv2%2Ftags&post=38642"}],"curies":[{"name":"wp","href":"https:\/\/api.w.org\/{rel}","templated":true}]}}